{"id":24220,"date":"2024-01-12T17:43:57","date_gmt":"2024-01-12T16:43:57","guid":{"rendered":"https:\/\/serveiseducatius.xtec.cat\/baixllobregat5\/?p=24220"},"modified":"2024-01-12T17:43:57","modified_gmt":"2024-01-12T16:43:57","slug":"les-families-i-leducacio-per-la-no-violencia-i-la-pau","status":"publish","type":"post","link":"https:\/\/serveiseducatius.xtec.cat\/baixllobregat5\/general\/les-families-i-leducacio-per-la-no-violencia-i-la-pau\/","title":{"rendered":"Les fam\u00edlies i l&#8217;educaci\u00f3 per la no-viol\u00e8ncia i la pau"},"content":{"rendered":"<p style=\"font-weight: 400\">Amb motiu de la celebraci\u00f3 del <strong>Dia Escolar de la No-viol\u00e8ncia i la Pau<\/strong>, el <a href=\"https:\/\/xtec.gencat.cat\/ca\/comunitat\/escolaifamilies\/\">Servei d&#8217;Escola i Fam\u00edlies<\/a> organitza un seminari que vol incidir en la col\u00b7laboraci\u00f3 dels centres educatius amb les fam\u00edlies en relaci\u00f3 amb la no-viol\u00e8ncia i la pau.<\/p>\n<p style=\"font-weight: 400\">El seminari comptar\u00e0 amb la participaci\u00f3 de <strong>Jordi Collet Sab\u00e9<\/strong>, soci\u00f2leg, educador social i professor titular de sociologia de l\u2019educaci\u00f3 a la <a href=\"https:\/\/www.uvic.cat\/\">Universitat de Vic<\/a>, amb la pon\u00e8ncia &#8220;Les fam\u00edlies i l\u2019educaci\u00f3 per la no-viol\u00e8ncia i la pau&#8221;.<\/p>\n<p style=\"font-weight: 400\">Tamb\u00e9 s\u2019hi exposar\u00e0 un recull de <strong>quatre experi\u00e8ncies sobre conviv\u00e8ncia<\/strong> en el marc de la comunitat educativa, a c\u00e0rrec de la FEDAC de Lleida, l&#8217;escola Mas Casanovas, l&#8217;institut escola Mediterrani i l&#8217;institut de Matadepera.<\/p>\n<p style=\"font-weight: 400\">L\u2019acte tindr\u00e0 lloc el <strong>dimarts, 30 de gener, de 17.30 a 19.00 h<\/strong>, a la sala d\u2019actes del Departament d\u2019Educaci\u00f3 (Via Augusta, 202. Barcelona).<\/p>\n<p style=\"font-weight: 400\">Per poder-hi assistir, haureu de formalitzar la <a href=\"https:\/\/forms.gle\/DkamQmyoaE1MW6cC7\" data-saferedirecturl=\"https:\/\/www.google.com\/url?q=https:\/\/forms.gle\/DkamQmyoaE1MW6cC7&amp;source=gmail&amp;ust=1705143135124000&amp;usg=AOvVaw2UGnMAlARwlgYbv8b2zuyJ\">inscripci\u00f3<\/a>\u00a0<span style=\"text-decoration: underline\">abans del 25 de gener<\/span>. En cas de no poder assistir a l\u2019acte, el podreu recuperar posteriorment al <a href=\"https:\/\/www.youtube.com\/channel\/UC-TEg69YoizArMysKPH6_hA\">canal de Youtube<\/a>.<\/p>\n<p><a href=\"https:\/\/serveiseducatius.xtec.cat\/baixllobregat5\/wp-content\/uploads\/usu1180\/2024\/01\/DENIP-logo.png\"><img loading=\"lazy\" decoding=\"async\" class=\"aligncenter size-full wp-image-24221\" src=\"https:\/\/serveiseducatius.xtec.cat\/baixllobregat5\/wp-content\/uploads\/usu1180\/2024\/01\/DENIP-logo.png\" alt=\"\" width=\"400\" height=\"229\" srcset=\"https:\/\/serveiseducatius.xtec.cat\/baixllobregat5\/wp-content\/uploads\/usu1180\/2024\/01\/DENIP-logo.png 400w, https:\/\/serveiseducatius.xtec.cat\/baixllobregat5\/wp-content\/uploads\/usu1180\/2024\/01\/DENIP-logo-300x172.png 300w\" sizes=\"auto, (max-width: 400px) 100vw, 400px\" \/><\/a><\/p>\n","protected":false},"excerpt":{"rendered":"<p>Amb motiu de la celebraci\u00f3 del Dia Escolar de la No-viol\u00e8ncia i la Pau, el Servei d&#8217;Escola i Fam\u00edlies organitza [&hellip;]<\/p>\n","protected":false},"author":194,"featured_media":24222,"comment_status":"closed","ping_status":"closed","sticky":false,"template":"","format":"standard","meta":{"_bbp_topic_count":0,"_bbp_reply_count":0,"_bbp_total_topic_count":0,"_bbp_total_reply_count":0,"_bbp_voice_count":0,"_bbp_anonymous_reply_count":0,"_bbp_topic_count_hidden":0,"_bbp_reply_count_hidden":0,"_bbp_forum_subforum_count":0,"site-sidebar-layout":"default","site-content-layout":"","ast-site-content-layout":"","site-content-style":"default","site-sidebar-style":"default","ast-global-header-display":"","ast-banner-title-visibility":"","ast-main-header-display":"","ast-hfb-above-header-display":"","ast-hfb-below-header-display":"","ast-hfb-mobile-header-display":"","site-post-title":"","ast-breadcrumbs-content":"","ast-featured-img":"","footer-sml-layout":"","theme-transparent-header-meta":"","adv-header-id-meta":"","stick-header-meta":"","header-above-stick-meta":"","header-main-stick-meta":"","header-below-stick-meta":"","astra-migrate-meta-layouts":"default","ast-page-background-enabled":"default","ast-page-background-meta":{"desktop":{"background-color":"var(--ast-global-color-4)","background-image":"","background-repeat":"repeat","background-position":"center center","background-size":"auto","background-attachment":"scroll","background-type":"","background-media":"","overlay-type":"","overlay-color":"","overlay-opacity":"","overlay-gradient":""},"tablet":{"background-color":"","background-image":"","background-repeat":"repeat","background-position":"center center","background-size":"auto","background-attachment":"scroll","background-type":"","background-media":"","overlay-type":"","overlay-color":"","overlay-opacity":"","overlay-gradient":""},"mobile":{"background-color":"","background-image":"","background-repeat":"repeat","background-position":"center center","background-size":"auto","background-attachment":"scroll","background-type":"","background-media":"","overlay-type":"","overlay-color":"","overlay-opacity":"","overlay-gradient":""}},"ast-content-background-meta":{"desktop":{"background-color":"var(--ast-global-color-5)","background-image":"","background-repeat":"repeat","background-position":"center center","background-size":"auto","background-attachment":"scroll","background-type":"","background-media":"","overlay-type":"","overlay-color":"","overlay-opacity":"","overlay-gradient":""},"tablet":{"background-color":"var(--ast-global-color-5)","background-image":"","background-repeat":"repeat","background-position":"center center","background-size":"auto","background-attachment":"scroll","background-type":"","background-media":"","overlay-type":"","overlay-color":"","overlay-opacity":"","overlay-gradient":""},"mobile":{"background-color":"var(--ast-global-color-5)","background-image":"","background-repeat":"repeat","background-position":"center center","background-size":"auto","background-attachment":"scroll","background-type":"","background-media":"","overlay-type":"","overlay-color":"","overlay-opacity":"","overlay-gradient":""}},"footnotes":""},"categories":[1549,68,1,535],"tags":[1674,1836,591],"class_list":["post-24220","post","type-post","status-publish","format-standard","has-post-thumbnail","hentry","category-difusio","category-elic","category-general","category-portada","tag-dia-escolar-de-la-pau-i-la-no-violencia","tag-ponencia","tag-seminari"],"post_mailing_queue_ids":[],"_links":{"self":[{"href":"https:\/\/serveiseducatius.xtec.cat\/baixllobregat5\/wp-json\/wp\/v2\/posts\/24220","targetHints":{"allow":["GET"]}}],"collection":[{"href":"https:\/\/serveiseducatius.xtec.cat\/baixllobregat5\/wp-json\/wp\/v2\/posts"}],"about":[{"href":"https:\/\/serveiseducatius.xtec.cat\/baixllobregat5\/wp-json\/wp\/v2\/types\/post"}],"author":[{"embeddable":true,"href":"https:\/\/serveiseducatius.xtec.cat\/baixllobregat5\/wp-json\/wp\/v2\/users\/194"}],"replies":[{"embeddable":true,"href":"https:\/\/serveiseducatius.xtec.cat\/baixllobregat5\/wp-json\/wp\/v2\/comments?post=24220"}],"version-history":[{"count":1,"href":"https:\/\/serveiseducatius.xtec.cat\/baixllobregat5\/wp-json\/wp\/v2\/posts\/24220\/revisions"}],"predecessor-version":[{"id":24223,"href":"https:\/\/serveiseducatius.xtec.cat\/baixllobregat5\/wp-json\/wp\/v2\/posts\/24220\/revisions\/24223"}],"wp:featuredmedia":[{"embeddable":true,"href":"https:\/\/serveiseducatius.xtec.cat\/baixllobregat5\/wp-json\/wp\/v2\/media\/24222"}],"wp:attachment":[{"href":"https:\/\/serveiseducatius.xtec.cat\/baixllobregat5\/wp-json\/wp\/v2\/media?parent=24220"}],"wp:term":[{"taxonomy":"category","embeddable":true,"href":"https:\/\/serveiseducatius.xtec.cat\/baixllobregat5\/wp-json\/wp\/v2\/categories?post=24220"},{"taxonomy":"post_tag","embeddable":true,"href":"https:\/\/serveiseducatius.xtec.cat\/baixllobregat5\/wp-json\/wp\/v2\/tags?post=24220"}],"curies":[{"name":"wp","href":"https:\/\/api.w.org\/{rel}","templated":true}]}}