{"id":24156,"date":"2024-01-08T08:28:01","date_gmt":"2024-01-08T07:28:01","guid":{"rendered":"https:\/\/serveiseducatius.xtec.cat\/baixllobregat5\/?p=24156"},"modified":"2024-01-15T14:56:50","modified_gmt":"2024-01-15T13:56:50","slug":"el-plurilinguisme-i-el-suport-a-lalumnat-dorigen-estranger","status":"publish","type":"post","link":"https:\/\/serveiseducatius.xtec.cat\/baixllobregat5\/general\/el-plurilinguisme-i-el-suport-a-lalumnat-dorigen-estranger\/","title":{"rendered":"El pluriling\u00fcisme i el suport a l&#8217;alumnat d&#8217;origen estranger"},"content":{"rendered":"<p>El Departament d&#8217;Educaci\u00f3 ofereix dues formacions de l&#8217;<strong>\u00e0mbit ling\u00fc\u00edstic<\/strong> per a les quals encara hi ha places disponibles. Es tracta dels cursos seg\u00fcents:<\/p>\n<ul>\n<li><span style=\"font-family: arial, sans-serif\"><b>Estrat\u00e8gies de suport a l&#8217;aprenentatge de l&#8217;alumnat de proced\u00e8ncia estrangera a l&#8217;aula ordin\u00e0ria<\/b>\u00a0<\/span><span style=\"font-family: arial, sans-serif\">(codi 9000560555), una formaci\u00f3 telem\u00e0tica de 40 h que comen\u00e7ar\u00e0 el 5 de febrer.<\/span><\/li>\n<li><span style=\"font-family: arial, sans-serif\"><b>Despertar el pluriling\u00fcisme propi i el de l&#8217;alumnat: la intercomprensi\u00f3 a l&#8217;aula<\/b>\u00a0<\/span><span style=\"font-family: arial, sans-serif\">(codi 9000730555), una formaci\u00f3 en l\u00ednia de 30 h.<\/span><\/li>\n<\/ul>\n<p>Trobareu el formulari d&#8217;inscripci\u00f3 al <a href=\"https:\/\/xtec.gencat.cat\/ca\/formacio\/info-general\/cercador-activitats\/\">Cercador d&#8217;activitats<\/a>. El termini per apuntar-s&#8217;hi, en tots dos casos, \u00e9s el 22 de gener.<\/p>\n<p style=\"text-align: center\"><a href=\"https:\/\/serveiseducatius.xtec.cat\/baixllobregat5\/wp-content\/uploads\/usu1180\/2024\/01\/Classe.webp\"><img loading=\"lazy\" decoding=\"async\" class=\"aligncenter size-large wp-image-24157\" src=\"https:\/\/serveiseducatius.xtec.cat\/baixllobregat5\/wp-content\/uploads\/usu1180\/2024\/01\/Classe-1024x682.webp\" alt=\"\" width=\"1024\" height=\"682\" srcset=\"https:\/\/serveiseducatius.xtec.cat\/baixllobregat5\/wp-content\/uploads\/usu1180\/2024\/01\/Classe-1024x682.webp 1024w, https:\/\/serveiseducatius.xtec.cat\/baixllobregat5\/wp-content\/uploads\/usu1180\/2024\/01\/Classe-300x200.webp 300w, https:\/\/serveiseducatius.xtec.cat\/baixllobregat5\/wp-content\/uploads\/usu1180\/2024\/01\/Classe-768x511.webp 768w, https:\/\/serveiseducatius.xtec.cat\/baixllobregat5\/wp-content\/uploads\/usu1180\/2024\/01\/Classe.webp 1200w\" sizes=\"auto, (max-width: 1024px) 100vw, 1024px\" \/><\/a><\/p>\n","protected":false},"excerpt":{"rendered":"<p>El Departament d&#8217;Educaci\u00f3 ofereix dues formacions de l&#8217;\u00e0mbit ling\u00fc\u00edstic per a les quals encara hi ha places disponibles. Es tracta [&hellip;]<\/p>\n","protected":false},"author":194,"featured_media":24160,"comment_status":"closed","ping_status":"closed","sticky":false,"template":"","format":"standard","meta":{"_bbp_topic_count":0,"_bbp_reply_count":0,"_bbp_total_topic_count":0,"_bbp_total_reply_count":0,"_bbp_voice_count":0,"_bbp_anonymous_reply_count":0,"_bbp_topic_count_hidden":0,"_bbp_reply_count_hidden":0,"_bbp_forum_subforum_count":0,"site-sidebar-layout":"default","site-content-layout":"","ast-site-content-layout":"","site-content-style":"default","site-sidebar-style":"default","ast-global-header-display":"","ast-banner-title-visibility":"","ast-main-header-display":"","ast-hfb-above-header-display":"","ast-hfb-below-header-display":"","ast-hfb-mobile-header-display":"","site-post-title":"","ast-breadcrumbs-content":"","ast-featured-img":"","footer-sml-layout":"","theme-transparent-header-meta":"","adv-header-id-meta":"","stick-header-meta":"","header-above-stick-meta":"","header-main-stick-meta":"","header-below-stick-meta":"","astra-migrate-meta-layouts":"default","ast-page-background-enabled":"default","ast-page-background-meta":{"desktop":{"background-color":"var(--ast-global-color-4)","background-image":"","background-repeat":"repeat","background-position":"center center","background-size":"auto","background-attachment":"scroll","background-type":"","background-media":"","overlay-type":"","overlay-color":"","overlay-opacity":"","overlay-gradient":""},"tablet":{"background-color":"","background-image":"","background-repeat":"repeat","background-position":"center center","background-size":"auto","background-attachment":"scroll","background-type":"","background-media":"","overlay-type":"","overlay-color":"","overlay-opacity":"","overlay-gradient":""},"mobile":{"background-color":"","background-image":"","background-repeat":"repeat","background-position":"center center","background-size":"auto","background-attachment":"scroll","background-type":"","background-media":"","overlay-type":"","overlay-color":"","overlay-opacity":"","overlay-gradient":""}},"ast-content-background-meta":{"desktop":{"background-color":"var(--ast-global-color-5)","background-image":"","background-repeat":"repeat","background-position":"center center","background-size":"auto","background-attachment":"scroll","background-type":"","background-media":"","overlay-type":"","overlay-color":"","overlay-opacity":"","overlay-gradient":""},"tablet":{"background-color":"var(--ast-global-color-5)","background-image":"","background-repeat":"repeat","background-position":"center center","background-size":"auto","background-attachment":"scroll","background-type":"","background-media":"","overlay-type":"","overlay-color":"","overlay-opacity":"","overlay-gradient":""},"mobile":{"background-color":"var(--ast-global-color-5)","background-image":"","background-repeat":"repeat","background-position":"center center","background-size":"auto","background-attachment":"scroll","background-type":"","background-media":"","overlay-type":"","overlay-color":"","overlay-opacity":"","overlay-gradient":""}},"footnotes":""},"categories":[68,154,1,535],"tags":[1834,1833,1832,226,169,1366],"class_list":["post-24156","post","type-post","status-publish","format-standard","has-post-thumbnail","hentry","category-elic","category-formacio","category-general","category-portada","tag-alumnat-dorigen-estranger","tag-aoe","tag-aula-dacollida","tag-formacio","tag-llengua","tag-plurilinguisme"],"post_mailing_queue_ids":[],"_links":{"self":[{"href":"https:\/\/serveiseducatius.xtec.cat\/baixllobregat5\/wp-json\/wp\/v2\/posts\/24156","targetHints":{"allow":["GET"]}}],"collection":[{"href":"https:\/\/serveiseducatius.xtec.cat\/baixllobregat5\/wp-json\/wp\/v2\/posts"}],"about":[{"href":"https:\/\/serveiseducatius.xtec.cat\/baixllobregat5\/wp-json\/wp\/v2\/types\/post"}],"author":[{"embeddable":true,"href":"https:\/\/serveiseducatius.xtec.cat\/baixllobregat5\/wp-json\/wp\/v2\/users\/194"}],"replies":[{"embeddable":true,"href":"https:\/\/serveiseducatius.xtec.cat\/baixllobregat5\/wp-json\/wp\/v2\/comments?post=24156"}],"version-history":[{"count":2,"href":"https:\/\/serveiseducatius.xtec.cat\/baixllobregat5\/wp-json\/wp\/v2\/posts\/24156\/revisions"}],"predecessor-version":[{"id":24224,"href":"https:\/\/serveiseducatius.xtec.cat\/baixllobregat5\/wp-json\/wp\/v2\/posts\/24156\/revisions\/24224"}],"wp:featuredmedia":[{"embeddable":true,"href":"https:\/\/serveiseducatius.xtec.cat\/baixllobregat5\/wp-json\/wp\/v2\/media\/24160"}],"wp:attachment":[{"href":"https:\/\/serveiseducatius.xtec.cat\/baixllobregat5\/wp-json\/wp\/v2\/media?parent=24156"}],"wp:term":[{"taxonomy":"category","embeddable":true,"href":"https:\/\/serveiseducatius.xtec.cat\/baixllobregat5\/wp-json\/wp\/v2\/categories?post=24156"},{"taxonomy":"post_tag","embeddable":true,"href":"https:\/\/serveiseducatius.xtec.cat\/baixllobregat5\/wp-json\/wp\/v2\/tags?post=24156"}],"curies":[{"name":"wp","href":"https:\/\/api.w.org\/{rel}","templated":true}]}}