{"id":23893,"date":"2023-12-20T09:08:54","date_gmt":"2023-12-20T08:08:54","guid":{"rendered":"https:\/\/serveiseducatius.xtec.cat\/baixllobregat5\/?p=23893"},"modified":"2023-12-20T09:08:54","modified_gmt":"2023-12-20T08:08:54","slug":"ifest","status":"publish","type":"post","link":"https:\/\/serveiseducatius.xtec.cat\/baixllobregat5\/crp\/ifest\/","title":{"rendered":"iFest"},"content":{"rendered":"<p style=\"font-weight: 400;\">iFest, programa destinat a professors\/es com i alumnat de centres d&#8217;ESO i batxillerat.<\/p>\n<p style=\"font-weight: 400;\">Aquest programa, l&#8217;iFest est\u00e0 basat en la soluci\u00f3 de reptes des d&#8217;una perspectiva d&#8217;impacte per garantir un m\u00f3n millor. Els reptes neixen de la col\u00b7laboraci\u00f3 d\u2019organitzacions i empreses arrelades a Catalunya amb l\u2019iFest, que aposten pel descobriment de talent jove que vulgui trobar solucions a aquests desafiaments. Comptem amb empreses com: La Mobile World Capital, el S\u00f3nar+D, l\u2019Hospital Vall d&#8217;Hebron, l&#8217;Hospital maternoinfantil Sant Joan de D\u00e9u i la Fundaci\u00f3 Catalana per a la Recerca i la Innovaci\u00f3. Podeu consultar els reptes <a href=\"https:\/\/ifest.cat\/?anchor=reptes-inici\" data-saferedirecturl=\"https:\/\/www.google.com\/url?q=https:\/\/ifest.cat\/?anchor%3Dreptes-inici&amp;source=gmail&amp;ust=1703145587562000&amp;usg=AOvVaw0FKo-oMRCU8NvLxZviLNg7\">aqu\u00ed<\/a>.<\/p>\n<p style=\"font-weight: 400;\">L\u2019iFest (<a href=\"https:\/\/ifest.cat\/\" data-saferedirecturl=\"https:\/\/www.google.com\/url?q=https:\/\/ifest.cat&amp;source=gmail&amp;ust=1703145587562000&amp;usg=AOvVaw29f8OPHxPkUF9vWnwI2rm1\">https:\/\/ifest.cat<\/a>) \u00e9s una iniciativa de la Generalitat de Catalunya adre\u00e7ada als\u00a0<strong>estudiants<\/strong>\u00a0(<em>players<\/em>) de tota Catalunya dividits en dues categories, per garantir la competitivitat entre participants que provenen de\u00a0<strong>diferents etapes formatives<\/strong>\u00a0i adre\u00e7ada tamb\u00e9 als docents que volen actuar com a (<em>shakers<\/em>) i liderar la innovaci\u00f3 als seus respectius centres educatius.<\/p>\n","protected":false},"excerpt":{"rendered":"<p>iFest, programa destinat a professors\/es com i alumnat de centres d&#8217;ESO i batxillerat. Aquest programa, l&#8217;iFest est\u00e0 basat en la [&hellip;]<\/p>\n","protected":false},"author":1,"featured_media":23894,"comment_status":"closed","ping_status":"closed","sticky":false,"template":"","format":"standard","meta":{"_bbp_topic_count":0,"_bbp_reply_count":0,"_bbp_total_topic_count":0,"_bbp_total_reply_count":0,"_bbp_voice_count":0,"_bbp_anonymous_reply_count":0,"_bbp_topic_count_hidden":0,"_bbp_reply_count_hidden":0,"_bbp_forum_subforum_count":0,"site-sidebar-layout":"default","site-content-layout":"","ast-site-content-layout":"","site-content-style":"default","site-sidebar-style":"default","ast-global-header-display":"","ast-banner-title-visibility":"","ast-main-header-display":"","ast-hfb-above-header-display":"","ast-hfb-below-header-display":"","ast-hfb-mobile-header-display":"","site-post-title":"","ast-breadcrumbs-content":"","ast-featured-img":"","footer-sml-layout":"","theme-transparent-header-meta":"","adv-header-id-meta":"","stick-header-meta":"","header-above-stick-meta":"","header-main-stick-meta":"","header-below-stick-meta":"","astra-migrate-meta-layouts":"default","ast-page-background-enabled":"default","ast-page-background-meta":{"desktop":{"background-color":"var(--ast-global-color-4)","background-image":"","background-repeat":"repeat","background-position":"center center","background-size":"auto","background-attachment":"scroll","background-type":"","background-media":"","overlay-type":"","overlay-color":"","overlay-opacity":"","overlay-gradient":""},"tablet":{"background-color":"","background-image":"","background-repeat":"repeat","background-position":"center center","background-size":"auto","background-attachment":"scroll","background-type":"","background-media":"","overlay-type":"","overlay-color":"","overlay-opacity":"","overlay-gradient":""},"mobile":{"background-color":"","background-image":"","background-repeat":"repeat","background-position":"center center","background-size":"auto","background-attachment":"scroll","background-type":"","background-media":"","overlay-type":"","overlay-color":"","overlay-opacity":"","overlay-gradient":""}},"ast-content-background-meta":{"desktop":{"background-color":"var(--ast-global-color-5)","background-image":"","background-repeat":"repeat","background-position":"center center","background-size":"auto","background-attachment":"scroll","background-type":"","background-media":"","overlay-type":"","overlay-color":"","overlay-opacity":"","overlay-gradient":""},"tablet":{"background-color":"var(--ast-global-color-5)","background-image":"","background-repeat":"repeat","background-position":"center center","background-size":"auto","background-attachment":"scroll","background-type":"","background-media":"","overlay-type":"","overlay-color":"","overlay-opacity":"","overlay-gradient":""},"mobile":{"background-color":"var(--ast-global-color-5)","background-image":"","background-repeat":"repeat","background-position":"center center","background-size":"auto","background-attachment":"scroll","background-type":"","background-media":"","overlay-type":"","overlay-color":"","overlay-opacity":"","overlay-gradient":""}},"footnotes":""},"categories":[65,916,535],"tags":[],"class_list":["post-23893","post","type-post","status-publish","format-standard","has-post-thumbnail","hentry","category-crp","category-tac-formacio","category-portada"],"post_mailing_queue_ids":[],"_links":{"self":[{"href":"https:\/\/serveiseducatius.xtec.cat\/baixllobregat5\/wp-json\/wp\/v2\/posts\/23893","targetHints":{"allow":["GET"]}}],"collection":[{"href":"https:\/\/serveiseducatius.xtec.cat\/baixllobregat5\/wp-json\/wp\/v2\/posts"}],"about":[{"href":"https:\/\/serveiseducatius.xtec.cat\/baixllobregat5\/wp-json\/wp\/v2\/types\/post"}],"author":[{"embeddable":true,"href":"https:\/\/serveiseducatius.xtec.cat\/baixllobregat5\/wp-json\/wp\/v2\/users\/1"}],"replies":[{"embeddable":true,"href":"https:\/\/serveiseducatius.xtec.cat\/baixllobregat5\/wp-json\/wp\/v2\/comments?post=23893"}],"version-history":[{"count":1,"href":"https:\/\/serveiseducatius.xtec.cat\/baixllobregat5\/wp-json\/wp\/v2\/posts\/23893\/revisions"}],"predecessor-version":[{"id":23895,"href":"https:\/\/serveiseducatius.xtec.cat\/baixllobregat5\/wp-json\/wp\/v2\/posts\/23893\/revisions\/23895"}],"wp:featuredmedia":[{"embeddable":true,"href":"https:\/\/serveiseducatius.xtec.cat\/baixllobregat5\/wp-json\/wp\/v2\/media\/23894"}],"wp:attachment":[{"href":"https:\/\/serveiseducatius.xtec.cat\/baixllobregat5\/wp-json\/wp\/v2\/media?parent=23893"}],"wp:term":[{"taxonomy":"category","embeddable":true,"href":"https:\/\/serveiseducatius.xtec.cat\/baixllobregat5\/wp-json\/wp\/v2\/categories?post=23893"},{"taxonomy":"post_tag","embeddable":true,"href":"https:\/\/serveiseducatius.xtec.cat\/baixllobregat5\/wp-json\/wp\/v2\/tags?post=23893"}],"curies":[{"name":"wp","href":"https:\/\/api.w.org\/{rel}","templated":true}]}}