{"id":23744,"date":"2023-11-29T07:23:24","date_gmt":"2023-11-29T06:23:24","guid":{"rendered":"https:\/\/serveiseducatius.xtec.cat\/baixllobregat5\/?p=23744"},"modified":"2023-11-29T07:39:15","modified_gmt":"2023-11-29T06:39:15","slug":"convocatoria-del-concurs-merits-de-places-de-docents-i-dassessores-i-assessors-tecnics-a-lexterior","status":"publish","type":"post","link":"https:\/\/serveiseducatius.xtec.cat\/baixllobregat5\/general\/convocatoria-del-concurs-merits-de-places-de-docents-i-dassessores-i-assessors-tecnics-a-lexterior\/","title":{"rendered":"Convocat\u00f2ria del concurs m\u00e8rits de places de docents, i d\u2019assessores i assessors t\u00e8cnics a l\u2019exterior"},"content":{"rendered":"<p><span class=\"HwtZe\" lang=\"ca\"><span class=\"jCAhz ChMk0b\"><span class=\"ryNqvb\">El Ministeri d\u2019Educaci\u00f3 i Formaci\u00f3 Professional\u00a0<strong><a href=\"https:\/\/www.educacionyfp.gob.es\/mc\/accion-exterior\/mira-lo-que-hacemos\/actualidad\/convocatoria-asesores-docentes23.html\" target=\"_blank\" rel=\"noopener\">convoca<\/a><\/strong>\u00a0per a funcionaris de carrera\u00a0<\/span><\/span><\/span><\/p>\n<p>\u2013\u00a0<strong>194<\/strong>\u00a0places en el concurs de m\u00e8rits per a la provisi\u00f3 de llocs buits de<strong>\u00a0personal docent a l\u2019exterior<\/strong>: <a href=\"https:\/\/www.educacionyfp.gob.es\/servicios-al-ciudadano\/catalogo\/general\/99\/998484\/ficha\/998484-2023-2024.html\" target=\"_blank\" rel=\"noopener\"><strong>ENLLA\u00c7<\/strong><\/a><\/p>\n<p>\u2013\u00a0<strong>29<\/strong>\u00a0places en el concurs d\u2019<strong>assessores t\u00e8cniques i assessors t\u00e8cnics<\/strong>\u00a0<strong>a l\u2019exterior<\/strong>:\u00a0<a href=\"https:\/\/www.educacionyfp.gob.es\/servicios-al-ciudadano\/catalogo\/general\/99\/998438\/ficha\/998438-2023-2024.html\" target=\"_blank\" rel=\"noopener\"><strong>ENLLA\u00c7<\/strong><\/a><\/p>\n<p><span class=\"HwtZe\" lang=\"ca\"><span class=\"jCAhz ChMk0b\"><span class=\"ryNqvb\">La xarxa de centres i programes espanyols del Ministeri d\u2019Educaci\u00f3 i Formaci\u00f3 Professional a l\u2019estranger necessita 194 funcionaris docents de carrera dels\u00a0<strong>cossos de mestres, professors de secund\u00e0ria i escola oficial d\u2019idiomes<\/strong>\u00a0per cobrir llocs vacants a setze pa\u00efsos:\u00a0<strong>Andorra, Argentina,<\/strong><\/span><\/span>\u00a0<span class=\"jCAhz ChMk0b\"><span class=\"ryNqvb\"><strong>Alemanya, B\u00e8lgica, Brasil, Col\u00f2mbia, Estats Units, Fran\u00e7a, It\u00e0lia, Marroc, Pa\u00efsos Baixos, Portugal, Su\u00efssa, Luxemburg, Regne Unit i a Espanya a l\u2019Escola Europea d\u2019Alacant<\/strong>.<\/span><\/span>\u00a0<span class=\"jCAhz ChMk0b\"><span class=\"ryNqvb\">Els docents seleccionats treballaran en institucions educatives diverses: centres espanyols a l\u2019exterior, seccions a centres d\u2019altres estats, agrupacions de llengua i cultura espanyoles o el sistema educatiu d\u2019escoles europees.<\/span><\/span><\/span><\/p>\n<p>En aquest\u00a0<a href=\"https:\/\/www.educacionyfp.gob.es\/mc\/accion-exterior\/mira-lo-que-hacemos\/actualidad\/convocatoria-asesores-docentes23.html\" target=\"_blank\" rel=\"noopener\"><strong>enlla\u00e7<\/strong><\/a>\u00a0trobareu m\u00e9s informaci\u00f3.<\/p>\n<p>La convocat\u00f2ria estar\u00e0\u00a0<strong>oberta fins al 4 de desembre<\/strong>.<\/p>\n<p>&nbsp;<\/p>\n<p>&nbsp;<\/p>\n","protected":false},"excerpt":{"rendered":"<p>El Ministeri d\u2019Educaci\u00f3 i Formaci\u00f3 Professional\u00a0convoca\u00a0per a funcionaris de carrera\u00a0 \u2013\u00a0194\u00a0places en el concurs de m\u00e8rits per a la provisi\u00f3 [&hellip;]<\/p>\n","protected":false},"author":1,"featured_media":23745,"comment_status":"closed","ping_status":"closed","sticky":false,"template":"","format":"standard","meta":{"_bbp_topic_count":0,"_bbp_reply_count":0,"_bbp_total_topic_count":0,"_bbp_total_reply_count":0,"_bbp_voice_count":0,"_bbp_anonymous_reply_count":0,"_bbp_topic_count_hidden":0,"_bbp_reply_count_hidden":0,"_bbp_forum_subforum_count":0,"site-sidebar-layout":"default","site-content-layout":"","ast-site-content-layout":"","site-content-style":"default","site-sidebar-style":"default","ast-global-header-display":"","ast-banner-title-visibility":"","ast-main-header-display":"","ast-hfb-above-header-display":"","ast-hfb-below-header-display":"","ast-hfb-mobile-header-display":"","site-post-title":"","ast-breadcrumbs-content":"","ast-featured-img":"","footer-sml-layout":"","theme-transparent-header-meta":"","adv-header-id-meta":"","stick-header-meta":"","header-above-stick-meta":"","header-main-stick-meta":"","header-below-stick-meta":"","astra-migrate-meta-layouts":"default","ast-page-background-enabled":"default","ast-page-background-meta":{"desktop":{"background-color":"var(--ast-global-color-4)","background-image":"","background-repeat":"repeat","background-position":"center center","background-size":"auto","background-attachment":"scroll","background-type":"","background-media":"","overlay-type":"","overlay-color":"","overlay-opacity":"","overlay-gradient":""},"tablet":{"background-color":"","background-image":"","background-repeat":"repeat","background-position":"center center","background-size":"auto","background-attachment":"scroll","background-type":"","background-media":"","overlay-type":"","overlay-color":"","overlay-opacity":"","overlay-gradient":""},"mobile":{"background-color":"","background-image":"","background-repeat":"repeat","background-position":"center center","background-size":"auto","background-attachment":"scroll","background-type":"","background-media":"","overlay-type":"","overlay-color":"","overlay-opacity":"","overlay-gradient":""}},"ast-content-background-meta":{"desktop":{"background-color":"var(--ast-global-color-5)","background-image":"","background-repeat":"repeat","background-position":"center center","background-size":"auto","background-attachment":"scroll","background-type":"","background-media":"","overlay-type":"","overlay-color":"","overlay-opacity":"","overlay-gradient":""},"tablet":{"background-color":"var(--ast-global-color-5)","background-image":"","background-repeat":"repeat","background-position":"center center","background-size":"auto","background-attachment":"scroll","background-type":"","background-media":"","overlay-type":"","overlay-color":"","overlay-opacity":"","overlay-gradient":""},"mobile":{"background-color":"var(--ast-global-color-5)","background-image":"","background-repeat":"repeat","background-position":"center center","background-size":"auto","background-attachment":"scroll","background-type":"","background-media":"","overlay-type":"","overlay-color":"","overlay-opacity":"","overlay-gradient":""}},"footnotes":""},"categories":[1549,154,1,535],"tags":[],"class_list":["post-23744","post","type-post","status-publish","format-standard","has-post-thumbnail","hentry","category-difusio","category-formacio","category-general","category-portada"],"post_mailing_queue_ids":[],"_links":{"self":[{"href":"https:\/\/serveiseducatius.xtec.cat\/baixllobregat5\/wp-json\/wp\/v2\/posts\/23744","targetHints":{"allow":["GET"]}}],"collection":[{"href":"https:\/\/serveiseducatius.xtec.cat\/baixllobregat5\/wp-json\/wp\/v2\/posts"}],"about":[{"href":"https:\/\/serveiseducatius.xtec.cat\/baixllobregat5\/wp-json\/wp\/v2\/types\/post"}],"author":[{"embeddable":true,"href":"https:\/\/serveiseducatius.xtec.cat\/baixllobregat5\/wp-json\/wp\/v2\/users\/1"}],"replies":[{"embeddable":true,"href":"https:\/\/serveiseducatius.xtec.cat\/baixllobregat5\/wp-json\/wp\/v2\/comments?post=23744"}],"version-history":[{"count":1,"href":"https:\/\/serveiseducatius.xtec.cat\/baixllobregat5\/wp-json\/wp\/v2\/posts\/23744\/revisions"}],"predecessor-version":[{"id":23746,"href":"https:\/\/serveiseducatius.xtec.cat\/baixllobregat5\/wp-json\/wp\/v2\/posts\/23744\/revisions\/23746"}],"wp:featuredmedia":[{"embeddable":true,"href":"https:\/\/serveiseducatius.xtec.cat\/baixllobregat5\/wp-json\/wp\/v2\/media\/23745"}],"wp:attachment":[{"href":"https:\/\/serveiseducatius.xtec.cat\/baixllobregat5\/wp-json\/wp\/v2\/media?parent=23744"}],"wp:term":[{"taxonomy":"category","embeddable":true,"href":"https:\/\/serveiseducatius.xtec.cat\/baixllobregat5\/wp-json\/wp\/v2\/categories?post=23744"},{"taxonomy":"post_tag","embeddable":true,"href":"https:\/\/serveiseducatius.xtec.cat\/baixllobregat5\/wp-json\/wp\/v2\/tags?post=23744"}],"curies":[{"name":"wp","href":"https:\/\/api.w.org\/{rel}","templated":true}]}}