{"id":23452,"date":"2023-06-15T09:15:35","date_gmt":"2023-06-15T07:15:35","guid":{"rendered":"https:\/\/serveiseducatius.xtec.cat\/baixllobregat5\/?p=23452"},"modified":"2023-06-15T09:15:35","modified_gmt":"2023-06-15T07:15:35","slug":"institut-miquel-marti-i-pol-aconsegueix-un-segell-de-bones-practiques-per-visita-cultural-al-mon-del-llibre","status":"publish","type":"post","link":"https:\/\/serveiseducatius.xtec.cat\/baixllobregat5\/dinamitzacio\/biblioteca-escolar\/institut-miquel-marti-i-pol-aconsegueix-un-segell-de-bones-practiques-per-visita-cultural-al-mon-del-llibre\/","title":{"rendered":"Institut Miquel Mart\u00ed i Pol aconsegueix un Segell de bones pr\u00e0ctiques per &#8220;Visita cultural al m\u00f3n del llibre&#8221;"},"content":{"rendered":"<p><span data-sheets-value=\"{&quot;1&quot;:2,&quot;2&quot;:&quot;Institut Miquel Mart\u00ed i Pol (Cornell\u00e0 de Llobregat)&quot;}\" data-sheets-userformat=\"{&quot;2&quot;:513,&quot;3&quot;:{&quot;1&quot;:0},&quot;12&quot;:0}\">Institut Miquel Mart\u00ed i Pol, amb en Carles Casas com a coordinador de Biblioteca Escolar aconsegueix el segell de Bones pr\u00e0ctiques en la l\u00ednia de treball:<\/span><span data-sheets-value=\"{&quot;1&quot;:2,&quot;2&quot;:&quot;L\u00ednia 4: La biblioteca escolar com a laboratori per liderar i promoure un centre lector&quot;}\" data-sheets-userformat=\"{&quot;2&quot;:513,&quot;3&quot;:{&quot;1&quot;:0},&quot;12&quot;:0}\">4: La biblioteca escolar com a laboratori per liderar i promoure un centre lector<\/span><\/p>\n<p>Els objectius d&#8217;aquesta pr\u00e0ctica educativa s\u00f3n:<\/p>\n<ul>\n<li><span data-sheets-value=\"{&quot;1&quot;:2,&quot;2&quot;:&quot;Fer visible el paper de la biblioteca com a eix del pla de lectura de centre i com a motor d\u2019innovaci\u00f3 en el centre educatiu.\\nVisibilitzar la biblioteca com a agent dinamitzador de l'institut\\nFer pal\u00e8s la import\u00e0ncia de la biblioteca escolar com a agent d'equitat, participaci\u00f3 i cohesi\u00f3 social. Ja que els i les alumnes voluntaris, s\u00f3n un reflex de la pluralitat d'alumnes. &quot;}\" data-sheets-userformat=\"{&quot;2&quot;:513,&quot;3&quot;:{&quot;1&quot;:0},&quot;12&quot;:0}\">Fer visible el paper de la biblioteca com a eix del pla de lectura de centre i com a motor d\u2019innovaci\u00f3 en el centre educatiu<\/span><\/li>\n<li><span data-sheets-value=\"{&quot;1&quot;:2,&quot;2&quot;:&quot;Fer visible el paper de la biblioteca com a eix del pla de lectura de centre i com a motor d\u2019innovaci\u00f3 en el centre educatiu.\\nVisibilitzar la biblioteca com a agent dinamitzador de l'institut\\nFer pal\u00e8s la import\u00e0ncia de la biblioteca escolar com a agent d'equitat, participaci\u00f3 i cohesi\u00f3 social. Ja que els i les alumnes voluntaris, s\u00f3n un reflex de la pluralitat d'alumnes. &quot;}\" data-sheets-userformat=\"{&quot;2&quot;:513,&quot;3&quot;:{&quot;1&quot;:0},&quot;12&quot;:0}\">Visibilitzar la biblioteca com a agent dinamitzador de l\u2019institut<\/span><\/li>\n<li><span data-sheets-value=\"{&quot;1&quot;:2,&quot;2&quot;:&quot;Fer visible el paper de la biblioteca com a eix del pla de lectura de centre i com a motor d\u2019innovaci\u00f3 en el centre educatiu.\\nVisibilitzar la biblioteca com a agent dinamitzador de l'institut\\nFer pal\u00e8s la import\u00e0ncia de la biblioteca escolar com a agent d'equitat, participaci\u00f3 i cohesi\u00f3 social. Ja que els i les alumnes voluntaris, s\u00f3n un reflex de la pluralitat d'alumnes. &quot;}\" data-sheets-userformat=\"{&quot;2&quot;:513,&quot;3&quot;:{&quot;1&quot;:0},&quot;12&quot;:0}\">Fer pal\u00e8s la import\u00e0ncia de la biblioteca escolar com a agent d\u2019equitat, participaci\u00f3 i cohesi\u00f3 social, ja que els i les alumnes voluntaris, s\u00f3n un reflex de la pluralitat d\u2019alumnes.<\/span><\/li>\n<\/ul>\n<p>L\u2019Institut\u00a0<span data-sheets-value=\"{&quot;1&quot;:2,&quot;2&quot;:&quot;Institut Miquel Mart\u00ed i Pol (Cornell\u00e0 de Llobregat)&quot;}\" data-sheets-userformat=\"{&quot;2&quot;:513,&quot;3&quot;:{&quot;1&quot;:0},&quot;12&quot;:0}\">Miquel Mart\u00ed i Pol\u00a0 va organitzar una ruta cultural que va consistir en la visita a la biblioteca m\u00e9s gran de Catalunya, la visita a diverses llibreries i la compra de llibres que els voluntaris i volunt\u00e0ries van decidir.<\/span><\/p>\n<p>L\u2019alumnat voluntari de biblioteca va gaudir de la visita cultural sobre el m\u00f3n del llibre a Barcelona. Primer van fer una visita guiada a la Biblioteca de Catalunya. Despr\u00e9s van anar a la llibreria m\u00e9s antiga de Barcelona, la llibreria Quera. Seguint l\u2019itinerari es van dirigir a la llibreria Ona, tot un referent del llibre en catal\u00e0. Finalment, van acabar l\u2019itinerari llibreter en una de les llibreries re-read ubicada al carrer Diputaci\u00f3, on l\u2019alumnat va poder comprar els llibres de segona m\u00e0 que va voler. Per acabar l\u2019excursi\u00f3 van visitar l\u2019escultura de Brossa al passeig de Gr\u00e0cia dedicada al llibre on van veure la signatura de diversos escriptors catalans, entre els\u00a0 quals, el poeta, Miquel Mart\u00ed i Pol.<\/p>\n<p>Aqui podeu llegir l&#8217;article d&#8217;en Carles Casas:\u00a0<a href=\"https:\/\/agora.xtec.cat\/iesmarti-i-pol\/general\/visita-cultural-al-mon-del-llibre\/\">Visita cultural al m\u00f3n del llibre<\/a><\/p>\n<p>&nbsp;<\/p>\n<p><a href=\"https:\/\/serveiseducatius.xtec.cat\/baixllobregat5\/wp-content\/uploads\/usu1180\/2023\/06\/barcelona3-min-768x768-1.jpg\"><img loading=\"lazy\" decoding=\"async\" class=\"alignnone size-full wp-image-23454\" src=\"https:\/\/serveiseducatius.xtec.cat\/baixllobregat5\/wp-content\/uploads\/usu1180\/2023\/06\/barcelona3-min-768x768-1.jpg\" alt=\"\" width=\"768\" height=\"768\" srcset=\"https:\/\/serveiseducatius.xtec.cat\/baixllobregat5\/wp-content\/uploads\/usu1180\/2023\/06\/barcelona3-min-768x768-1.jpg 768w, https:\/\/serveiseducatius.xtec.cat\/baixllobregat5\/wp-content\/uploads\/usu1180\/2023\/06\/barcelona3-min-768x768-1-300x300.jpg 300w, https:\/\/serveiseducatius.xtec.cat\/baixllobregat5\/wp-content\/uploads\/usu1180\/2023\/06\/barcelona3-min-768x768-1-150x150.jpg 150w\" sizes=\"auto, (max-width: 768px) 100vw, 768px\" \/><\/a><\/p>\n","protected":false},"excerpt":{"rendered":"<p>Institut Miquel Mart\u00ed i Pol, amb en Carles Casas com a coordinador de Biblioteca Escolar aconsegueix el segell de Bones [&hellip;]<\/p>\n","protected":false},"author":12,"featured_media":23453,"comment_status":"closed","ping_status":"closed","sticky":false,"template":"","format":"standard","meta":{"_bbp_topic_count":0,"_bbp_reply_count":0,"_bbp_total_topic_count":0,"_bbp_total_reply_count":0,"_bbp_voice_count":0,"_bbp_anonymous_reply_count":0,"_bbp_topic_count_hidden":0,"_bbp_reply_count_hidden":0,"_bbp_forum_subforum_count":0,"site-sidebar-layout":"default","site-content-layout":"","ast-site-content-layout":"","site-content-style":"default","site-sidebar-style":"default","ast-global-header-display":"","ast-banner-title-visibility":"","ast-main-header-display":"","ast-hfb-above-header-display":"","ast-hfb-below-header-display":"","ast-hfb-mobile-header-display":"","site-post-title":"","ast-breadcrumbs-content":"","ast-featured-img":"","footer-sml-layout":"","theme-transparent-header-meta":"","adv-header-id-meta":"","stick-header-meta":"","header-above-stick-meta":"","header-main-stick-meta":"","header-below-stick-meta":"","astra-migrate-meta-layouts":"default","ast-page-background-enabled":"default","ast-page-background-meta":{"desktop":{"background-color":"var(--ast-global-color-4)","background-image":"","background-repeat":"repeat","background-position":"center center","background-size":"auto","background-attachment":"scroll","background-type":"","background-media":"","overlay-type":"","overlay-color":"","overlay-opacity":"","overlay-gradient":""},"tablet":{"background-color":"","background-image":"","background-repeat":"repeat","background-position":"center center","background-size":"auto","background-attachment":"scroll","background-type":"","background-media":"","overlay-type":"","overlay-color":"","overlay-opacity":"","overlay-gradient":""},"mobile":{"background-color":"","background-image":"","background-repeat":"repeat","background-position":"center center","background-size":"auto","background-attachment":"scroll","background-type":"","background-media":"","overlay-type":"","overlay-color":"","overlay-opacity":"","overlay-gradient":""}},"ast-content-background-meta":{"desktop":{"background-color":"var(--ast-global-color-5)","background-image":"","background-repeat":"repeat","background-position":"center center","background-size":"auto","background-attachment":"scroll","background-type":"","background-media":"","overlay-type":"","overlay-color":"","overlay-opacity":"","overlay-gradient":""},"tablet":{"background-color":"var(--ast-global-color-5)","background-image":"","background-repeat":"repeat","background-position":"center center","background-size":"auto","background-attachment":"scroll","background-type":"","background-media":"","overlay-type":"","overlay-color":"","overlay-opacity":"","overlay-gradient":""},"mobile":{"background-color":"var(--ast-global-color-5)","background-image":"","background-repeat":"repeat","background-position":"center center","background-size":"auto","background-attachment":"scroll","background-type":"","background-media":"","overlay-type":"","overlay-color":"","overlay-opacity":"","overlay-gradient":""}},"footnotes":""},"categories":[81],"tags":[],"class_list":["post-23452","post","type-post","status-publish","format-standard","has-post-thumbnail","hentry","category-biblioteca-escolar"],"post_mailing_queue_ids":[],"_links":{"self":[{"href":"https:\/\/serveiseducatius.xtec.cat\/baixllobregat5\/wp-json\/wp\/v2\/posts\/23452","targetHints":{"allow":["GET"]}}],"collection":[{"href":"https:\/\/serveiseducatius.xtec.cat\/baixllobregat5\/wp-json\/wp\/v2\/posts"}],"about":[{"href":"https:\/\/serveiseducatius.xtec.cat\/baixllobregat5\/wp-json\/wp\/v2\/types\/post"}],"author":[{"embeddable":true,"href":"https:\/\/serveiseducatius.xtec.cat\/baixllobregat5\/wp-json\/wp\/v2\/users\/12"}],"replies":[{"embeddable":true,"href":"https:\/\/serveiseducatius.xtec.cat\/baixllobregat5\/wp-json\/wp\/v2\/comments?post=23452"}],"version-history":[{"count":1,"href":"https:\/\/serveiseducatius.xtec.cat\/baixllobregat5\/wp-json\/wp\/v2\/posts\/23452\/revisions"}],"predecessor-version":[{"id":23455,"href":"https:\/\/serveiseducatius.xtec.cat\/baixllobregat5\/wp-json\/wp\/v2\/posts\/23452\/revisions\/23455"}],"wp:featuredmedia":[{"embeddable":true,"href":"https:\/\/serveiseducatius.xtec.cat\/baixllobregat5\/wp-json\/wp\/v2\/media\/23453"}],"wp:attachment":[{"href":"https:\/\/serveiseducatius.xtec.cat\/baixllobregat5\/wp-json\/wp\/v2\/media?parent=23452"}],"wp:term":[{"taxonomy":"category","embeddable":true,"href":"https:\/\/serveiseducatius.xtec.cat\/baixllobregat5\/wp-json\/wp\/v2\/categories?post=23452"},{"taxonomy":"post_tag","embeddable":true,"href":"https:\/\/serveiseducatius.xtec.cat\/baixllobregat5\/wp-json\/wp\/v2\/tags?post=23452"}],"curies":[{"name":"wp","href":"https:\/\/api.w.org\/{rel}","templated":true}]}}