{"id":22993,"date":"2023-04-11T18:48:01","date_gmt":"2023-04-11T16:48:01","guid":{"rendered":"https:\/\/serveiseducatius.xtec.cat\/baixllobregat5\/?p=22993"},"modified":"2023-04-11T18:48:01","modified_gmt":"2023-04-11T16:48:01","slug":"felic-diada-de-sant-jordi","status":"publish","type":"post","link":"https:\/\/serveiseducatius.xtec.cat\/baixllobregat5\/dinamitzacio\/biblioteca-escolar\/felic-diada-de-sant-jordi\/","title":{"rendered":"Feli\u00e7 Diada de Sant Jordi!"},"content":{"rendered":"<p><span style=\"font-weight: 400;\">Diu la dita \u201c Qui llegeix s\u2019est\u00e0 donant regals a si mateix\u201d&#8230;doncs ara qu\u00e8 s\u2019acosta la Diada de Sant Jordi, us volem proposar tot un plegat de lectures per a qu\u00e8 us regaleu temps de benestar i qualitat a vosaltres i als qu\u00e8 m\u00e9s estimeu.<\/span><\/p>\n<p>&nbsp;<\/p>\n<p><span style=\"font-weight: 400;\">Una de les possibilitats qu\u00e8 us recomanem molt \u00e9s apropar-vos a les Biblioteques muincipals de la nostra ciutat i deixar-vos guiar per les bibliotec\u00e0ries i bibliotecaris per comen\u00e7ar a fomentar l\u2019h\u00e0bit lector en els infants. A la web de la <\/span><a href=\"https:\/\/biblioteques.cornella.cat\/agenda-families\/\"><span style=\"font-weight: 400;\">Xarxa de Biblioteques muinicipals<\/span><\/a><span style=\"font-weight: 400;\"> tamb\u00e9 teniu tot d\u2019activitats com a conta-contes, clubs de lectura i m\u00e9s qu\u00e8 poden encantar als m\u00e9s petits\u2026.i pels m\u00e9s grans mireu els Clubs de llegir teatre, llegir novel.la, o de lectures feministes\u2026<\/span><\/p>\n<p><span style=\"font-weight: 400;\"><a href=\"https:\/\/serveiseducatius.xtec.cat\/baixllobregat5\/wp-content\/uploads\/usu1180\/2023\/04\/new-xbc-main-200.png\"><img loading=\"lazy\" decoding=\"async\" class=\"size-full wp-image-22996 aligncenter\" src=\"https:\/\/serveiseducatius.xtec.cat\/baixllobregat5\/wp-content\/uploads\/usu1180\/2023\/04\/new-xbc-main-200.png\" alt=\"\" width=\"200\" height=\"67\" \/><\/a><\/span><\/p>\n<p><span style=\"font-weight: 400;\">A Cornell\u00e0 se celebra la <\/span><a href=\"https:\/\/www.instagram.com\/jordiada\/\"><span style=\"font-weight: 400;\">Jordiada<\/span><\/a><span style=\"font-weight: 400;\">, qu\u00e8 d\u00f3na el tret de sortida amb les 8 hores de contes qu\u00e8 se cel.lebra a la Sala Padr\u00f3, i amb l\u2019inestimable organitzaci\u00f3 de l\u2019Espali Mowgly. No us perdeu les sessions d\u2019infants de les 8 hores de contes\u2026.ni les d\u2019adults!!!!<\/span><\/p>\n<p><a href=\"https:\/\/serveiseducatius.xtec.cat\/baixllobregat5\/wp-content\/uploads\/usu1180\/2023\/04\/AcUptiJs_400x400.jpg\"><img loading=\"lazy\" decoding=\"async\" class=\"size-full wp-image-22998 aligncenter\" src=\"https:\/\/serveiseducatius.xtec.cat\/baixllobregat5\/wp-content\/uploads\/usu1180\/2023\/04\/AcUptiJs_400x400.jpg\" alt=\"\" width=\"240\" height=\"240\" srcset=\"https:\/\/serveiseducatius.xtec.cat\/baixllobregat5\/wp-content\/uploads\/usu1180\/2023\/04\/AcUptiJs_400x400.jpg 240w, https:\/\/serveiseducatius.xtec.cat\/baixllobregat5\/wp-content\/uploads\/usu1180\/2023\/04\/AcUptiJs_400x400-150x150.jpg 150w\" sizes=\"auto, (max-width: 240px) 100vw, 240px\" \/><\/a><\/p>\n<p><span style=\"font-weight: 400;\">En defintiiva si voleu gaudir d\u2019una Diada perfecta i regalar o autoregalar-vos estones de lectura, a Cornell\u00e0 teniu un munt de possibiliats. Visiteu tamb\u00e9 les llibreries com \u201cEl Pati Blau\u201d o \u201cLa Comicsaria&#8221; i de ben segur qu\u00e8 trobareu all\u00f2 qu\u00e8 busqueu.<\/span><\/p>\n<p>&nbsp;<\/p>\n<p><span style=\"font-weight: 400;\">Perqu\u00e8 \u00e9s important tenir estones de lectura i regalar temps lectors als infants? Per moltes coses\u2026per\u00f2 la m\u00e9s important podr\u00eda ser: oferir-los l\u2019oportunitat de cr\u00e8ixer com a persones, desenvolupar les seves capacitats i potencialitats i <\/span>sobretot<span style=\"font-family: inherit; font-size: 1em;\">\u00a0gaudir del m\u00f3n de les lletres.<\/span><\/p>\n<p>&nbsp;<\/p>\n<p><span style=\"font-weight: 400;\">A nivell pedag\u00f2gic est\u00e0 demostrat qu\u00e8 un infant qu\u00e8 llegeix, \u00e9s un infant qu\u00e8 desenvolupa la seva imaginaci\u00f3, la seva creativitat, la seva expressivitat i tot una llista de bondats qu\u00e8 podeu llegir aqu\u00ed: <\/span><a href=\"https:\/\/natibergada.cat\/oblida-els-deures-i-fomenta-un-bon-habit-lector\/\"><span style=\"font-weight: 400;\">L&#8217;h\u00e0bit lector per Nati Bergad\u00e0<\/span><\/a><\/p>\n<p><a href=\"https:\/\/serveiseducatius.xtec.cat\/baixllobregat5\/wp-content\/uploads\/usu1180\/2023\/04\/avantatges-habit-lector.png\"><img loading=\"lazy\" decoding=\"async\" class=\"size-full wp-image-22995 aligncenter\" src=\"https:\/\/serveiseducatius.xtec.cat\/baixllobregat5\/wp-content\/uploads\/usu1180\/2023\/04\/avantatges-habit-lector.png\" alt=\"\" width=\"568\" height=\"568\" srcset=\"https:\/\/serveiseducatius.xtec.cat\/baixllobregat5\/wp-content\/uploads\/usu1180\/2023\/04\/avantatges-habit-lector.png 568w, https:\/\/serveiseducatius.xtec.cat\/baixllobregat5\/wp-content\/uploads\/usu1180\/2023\/04\/avantatges-habit-lector-300x300.png 300w, https:\/\/serveiseducatius.xtec.cat\/baixllobregat5\/wp-content\/uploads\/usu1180\/2023\/04\/avantatges-habit-lector-150x150.png 150w\" sizes=\"auto, (max-width: 568px) 100vw, 568px\" \/><\/a><\/p>\n<p><span style=\"font-weight: 400;\">Per\u00f2 el qu\u00e8 ara volem fer es proposar-vos rercomanacions liter\u00e0ries per a tothom per gaudir de la Diada de Sant Jordi, per\u00f2 tamb\u00e9 tot l\u2019any.<\/span><\/p>\n<p><span style=\"font-weight: 400;\">Comencem!<\/span><\/p>\n<p>&nbsp;<\/p>\n<p><span style=\"font-weight: 400;\">En Jaume Centelles, un expert en literatura infantil i juvenil t\u00e9 tot un llistat de guies de lectura qu\u00e8 us poden ajudar a decidir quin llibre triar. Mireu aqu\u00ed: <\/span><a href=\"https:\/\/jaumecentelles.files.wordpress.com\/2022\/03\/lectures-recomanades-sant-jordi-2022-3.pdf\"><span style=\"font-weight: 400;\">Guia de lectura Jaume Centelles<\/span><\/a><\/p>\n<p><span style=\"font-weight: 400;\">La Revista de literatura infantil i Juvenil <\/span><a href=\"https:\/\/www.clijcat.cat\/faristol\/\"><span style=\"font-weight: 400;\">Faristol<\/span><\/a><span style=\"font-weight: 400;\"> tamb\u00e9 \u00e9s una bona idea si no esteu decidits en quin llibre agafar.<\/span><\/p>\n<p>&nbsp;<\/p>\n<p><span style=\"font-weight: 400;\">Llegir et fa viatjar per m\u00f3ns espl\u00e8ndits , et fa cr\u00e8ixer com a persona i \u00e9s el millor llegat qu\u00e8 pots deixar als dem\u00e9s\u2026.Vols llegir???<\/span><\/p>\n<p>&nbsp;<\/p>\n<p>Montserrat Orozco Cees<\/p>\n<p>Coordinadora de Biblioteca<\/p>\n<p>Escola Sant Miquel<\/p>\n<p>Cornell\u00e0 de Llobregat<\/p>\n<p>&nbsp;<\/p>\n","protected":false},"excerpt":{"rendered":"<p>Diu la dita \u201c Qui llegeix s\u2019est\u00e0 donant regals a si mateix\u201d&#8230;doncs ara qu\u00e8 s\u2019acosta la Diada de Sant Jordi, [&hellip;]<\/p>\n","protected":false},"author":12,"featured_media":23000,"comment_status":"closed","ping_status":"closed","sticky":false,"template":"","format":"standard","meta":{"_bbp_topic_count":0,"_bbp_reply_count":0,"_bbp_total_topic_count":0,"_bbp_total_reply_count":0,"_bbp_voice_count":0,"_bbp_anonymous_reply_count":0,"_bbp_topic_count_hidden":0,"_bbp_reply_count_hidden":0,"_bbp_forum_subforum_count":0,"site-sidebar-layout":"default","site-content-layout":"","ast-site-content-layout":"","site-content-style":"default","site-sidebar-style":"default","ast-global-header-display":"","ast-banner-title-visibility":"","ast-main-header-display":"","ast-hfb-above-header-display":"","ast-hfb-below-header-display":"","ast-hfb-mobile-header-display":"","site-post-title":"","ast-breadcrumbs-content":"","ast-featured-img":"","footer-sml-layout":"","theme-transparent-header-meta":"","adv-header-id-meta":"","stick-header-meta":"","header-above-stick-meta":"","header-main-stick-meta":"","header-below-stick-meta":"","astra-migrate-meta-layouts":"default","ast-page-background-enabled":"default","ast-page-background-meta":{"desktop":{"background-color":"var(--ast-global-color-4)","background-image":"","background-repeat":"repeat","background-position":"center center","background-size":"auto","background-attachment":"scroll","background-type":"","background-media":"","overlay-type":"","overlay-color":"","overlay-opacity":"","overlay-gradient":""},"tablet":{"background-color":"","background-image":"","background-repeat":"repeat","background-position":"center center","background-size":"auto","background-attachment":"scroll","background-type":"","background-media":"","overlay-type":"","overlay-color":"","overlay-opacity":"","overlay-gradient":""},"mobile":{"background-color":"","background-image":"","background-repeat":"repeat","background-position":"center center","background-size":"auto","background-attachment":"scroll","background-type":"","background-media":"","overlay-type":"","overlay-color":"","overlay-opacity":"","overlay-gradient":""}},"ast-content-background-meta":{"desktop":{"background-color":"var(--ast-global-color-5)","background-image":"","background-repeat":"repeat","background-position":"center center","background-size":"auto","background-attachment":"scroll","background-type":"","background-media":"","overlay-type":"","overlay-color":"","overlay-opacity":"","overlay-gradient":""},"tablet":{"background-color":"var(--ast-global-color-5)","background-image":"","background-repeat":"repeat","background-position":"center center","background-size":"auto","background-attachment":"scroll","background-type":"","background-media":"","overlay-type":"","overlay-color":"","overlay-opacity":"","overlay-gradient":""},"mobile":{"background-color":"var(--ast-global-color-5)","background-image":"","background-repeat":"repeat","background-position":"center center","background-size":"auto","background-attachment":"scroll","background-type":"","background-media":"","overlay-type":"","overlay-color":"","overlay-opacity":"","overlay-gradient":""}},"footnotes":""},"categories":[81],"tags":[],"class_list":["post-22993","post","type-post","status-publish","format-standard","has-post-thumbnail","hentry","category-biblioteca-escolar"],"post_mailing_queue_ids":[],"_links":{"self":[{"href":"https:\/\/serveiseducatius.xtec.cat\/baixllobregat5\/wp-json\/wp\/v2\/posts\/22993","targetHints":{"allow":["GET"]}}],"collection":[{"href":"https:\/\/serveiseducatius.xtec.cat\/baixllobregat5\/wp-json\/wp\/v2\/posts"}],"about":[{"href":"https:\/\/serveiseducatius.xtec.cat\/baixllobregat5\/wp-json\/wp\/v2\/types\/post"}],"author":[{"embeddable":true,"href":"https:\/\/serveiseducatius.xtec.cat\/baixllobregat5\/wp-json\/wp\/v2\/users\/12"}],"replies":[{"embeddable":true,"href":"https:\/\/serveiseducatius.xtec.cat\/baixllobregat5\/wp-json\/wp\/v2\/comments?post=22993"}],"version-history":[{"count":2,"href":"https:\/\/serveiseducatius.xtec.cat\/baixllobregat5\/wp-json\/wp\/v2\/posts\/22993\/revisions"}],"predecessor-version":[{"id":23001,"href":"https:\/\/serveiseducatius.xtec.cat\/baixllobregat5\/wp-json\/wp\/v2\/posts\/22993\/revisions\/23001"}],"wp:featuredmedia":[{"embeddable":true,"href":"https:\/\/serveiseducatius.xtec.cat\/baixllobregat5\/wp-json\/wp\/v2\/media\/23000"}],"wp:attachment":[{"href":"https:\/\/serveiseducatius.xtec.cat\/baixllobregat5\/wp-json\/wp\/v2\/media?parent=22993"}],"wp:term":[{"taxonomy":"category","embeddable":true,"href":"https:\/\/serveiseducatius.xtec.cat\/baixllobregat5\/wp-json\/wp\/v2\/categories?post=22993"},{"taxonomy":"post_tag","embeddable":true,"href":"https:\/\/serveiseducatius.xtec.cat\/baixllobregat5\/wp-json\/wp\/v2\/tags?post=22993"}],"curies":[{"name":"wp","href":"https:\/\/api.w.org\/{rel}","templated":true}]}}