{"id":22852,"date":"2023-03-09T12:34:22","date_gmt":"2023-03-09T11:34:22","guid":{"rendered":"https:\/\/serveiseducatius.xtec.cat\/baixllobregat5\/?p=22852"},"modified":"2023-03-09T12:34:22","modified_gmt":"2023-03-09T11:34:22","slug":"arriba-el-flic-festival-de-literatura-i-arts-infantil-i-juvenil","status":"publish","type":"post","link":"https:\/\/serveiseducatius.xtec.cat\/baixllobregat5\/crp\/arriba-el-flic-festival-de-literatura-i-arts-infantil-i-juvenil\/","title":{"rendered":"Arriba el FLIC! Festival de literatura i arts infantil i juvenil"},"content":{"rendered":"<p>Aquest cap de setmana a Barcelona comen\u00e7a el <a href=\"http:\/\/flicfestival.com\/\" target=\"_blank\" rel=\"noopener\">13\u00e8 festival de literatura i arts infantil i juvenil (FLIC)<\/a><\/p>\n<p><a href=\"https:\/\/serveiseducatius.xtec.cat\/baixllobregat5\/wp-content\/uploads\/usu1180\/2023\/03\/Flic.png\"><img loading=\"lazy\" decoding=\"async\" class=\"alignleft size-full wp-image-22854\" src=\"https:\/\/serveiseducatius.xtec.cat\/baixllobregat5\/wp-content\/uploads\/usu1180\/2023\/03\/Flic.png\" alt=\"Flic\" width=\"272\" height=\"154\" \/><\/a><br \/>\nEl <strong>FLIC<\/strong>, festival de literatura i arts infantil i juvenil, \u00e9s un projecte que porta m\u00e9s de 10 anys investigant i mostrant\u00a0<strong>altres maneres de viure la literatura<\/strong>, implicant a totes aquelles persones que acompanyen els infants i els joves en el proc\u00e9s de la descoberta liter\u00e0ria:\u00a0<strong>fam\u00edlies, mestres, bibliotecaris\/\u00e0ries, escriptors\/es, il\u00b7lustradors\/es,editors\/es,\u00a0<\/strong>i tamb\u00e9 organitzacions que comparteixen aquesta missi\u00f3 m\u00e9s all\u00e0 del sector del llibre i de l\u2019educaci\u00f3.<br \/>\nConsulteu <a href=\"http:\/\/flicfestival.com\/barcelona-flic13\/\" target=\"_blank\" rel=\"noopener\">el\u00a0programa\u00a0<\/a>per trobar-hi un munt de propostes adre\u00e7ades a un p\u00fablic familiar i d\u2019altres adre\u00e7ades a escolars de totes les etapes educatives.<\/p>\n","protected":false},"excerpt":{"rendered":"<p>Aquest cap de setmana a Barcelona comen\u00e7a el 13\u00e8 festival de literatura i arts infantil i juvenil (FLIC) El FLIC, [&hellip;]<\/p>\n","protected":false},"author":1,"featured_media":22854,"comment_status":"closed","ping_status":"closed","sticky":false,"template":"","format":"standard","meta":{"_bbp_topic_count":0,"_bbp_reply_count":0,"_bbp_total_topic_count":0,"_bbp_total_reply_count":0,"_bbp_voice_count":0,"_bbp_anonymous_reply_count":0,"_bbp_topic_count_hidden":0,"_bbp_reply_count_hidden":0,"_bbp_forum_subforum_count":0,"site-sidebar-layout":"default","site-content-layout":"","ast-site-content-layout":"","site-content-style":"default","site-sidebar-style":"default","ast-global-header-display":"","ast-banner-title-visibility":"","ast-main-header-display":"","ast-hfb-above-header-display":"","ast-hfb-below-header-display":"","ast-hfb-mobile-header-display":"","site-post-title":"","ast-breadcrumbs-content":"","ast-featured-img":"","footer-sml-layout":"","theme-transparent-header-meta":"","adv-header-id-meta":"","stick-header-meta":"","header-above-stick-meta":"","header-main-stick-meta":"","header-below-stick-meta":"","astra-migrate-meta-layouts":"default","ast-page-background-enabled":"default","ast-page-background-meta":{"desktop":{"background-color":"var(--ast-global-color-4)","background-image":"","background-repeat":"repeat","background-position":"center center","background-size":"auto","background-attachment":"scroll","background-type":"","background-media":"","overlay-type":"","overlay-color":"","overlay-opacity":"","overlay-gradient":""},"tablet":{"background-color":"","background-image":"","background-repeat":"repeat","background-position":"center center","background-size":"auto","background-attachment":"scroll","background-type":"","background-media":"","overlay-type":"","overlay-color":"","overlay-opacity":"","overlay-gradient":""},"mobile":{"background-color":"","background-image":"","background-repeat":"repeat","background-position":"center center","background-size":"auto","background-attachment":"scroll","background-type":"","background-media":"","overlay-type":"","overlay-color":"","overlay-opacity":"","overlay-gradient":""}},"ast-content-background-meta":{"desktop":{"background-color":"var(--ast-global-color-5)","background-image":"","background-repeat":"repeat","background-position":"center center","background-size":"auto","background-attachment":"scroll","background-type":"","background-media":"","overlay-type":"","overlay-color":"","overlay-opacity":"","overlay-gradient":""},"tablet":{"background-color":"var(--ast-global-color-5)","background-image":"","background-repeat":"repeat","background-position":"center center","background-size":"auto","background-attachment":"scroll","background-type":"","background-media":"","overlay-type":"","overlay-color":"","overlay-opacity":"","overlay-gradient":""},"mobile":{"background-color":"var(--ast-global-color-5)","background-image":"","background-repeat":"repeat","background-position":"center center","background-size":"auto","background-attachment":"scroll","background-type":"","background-media":"","overlay-type":"","overlay-color":"","overlay-opacity":"","overlay-gradient":""}},"footnotes":""},"categories":[81,65,535],"tags":[287,1746,1403,355,1127],"class_list":["post-22852","post","type-post","status-publish","format-standard","has-post-thumbnail","hentry","category-biblioteca-escolar","category-crp","category-portada","tag-biblioteca","tag-curs-22-23","tag-flic-festival","tag-jornades","tag-portada"],"post_mailing_queue_ids":[],"_links":{"self":[{"href":"https:\/\/serveiseducatius.xtec.cat\/baixllobregat5\/wp-json\/wp\/v2\/posts\/22852","targetHints":{"allow":["GET"]}}],"collection":[{"href":"https:\/\/serveiseducatius.xtec.cat\/baixllobregat5\/wp-json\/wp\/v2\/posts"}],"about":[{"href":"https:\/\/serveiseducatius.xtec.cat\/baixllobregat5\/wp-json\/wp\/v2\/types\/post"}],"author":[{"embeddable":true,"href":"https:\/\/serveiseducatius.xtec.cat\/baixllobregat5\/wp-json\/wp\/v2\/users\/1"}],"replies":[{"embeddable":true,"href":"https:\/\/serveiseducatius.xtec.cat\/baixllobregat5\/wp-json\/wp\/v2\/comments?post=22852"}],"version-history":[{"count":1,"href":"https:\/\/serveiseducatius.xtec.cat\/baixllobregat5\/wp-json\/wp\/v2\/posts\/22852\/revisions"}],"predecessor-version":[{"id":22855,"href":"https:\/\/serveiseducatius.xtec.cat\/baixllobregat5\/wp-json\/wp\/v2\/posts\/22852\/revisions\/22855"}],"wp:featuredmedia":[{"embeddable":true,"href":"https:\/\/serveiseducatius.xtec.cat\/baixllobregat5\/wp-json\/wp\/v2\/media\/22854"}],"wp:attachment":[{"href":"https:\/\/serveiseducatius.xtec.cat\/baixllobregat5\/wp-json\/wp\/v2\/media?parent=22852"}],"wp:term":[{"taxonomy":"category","embeddable":true,"href":"https:\/\/serveiseducatius.xtec.cat\/baixllobregat5\/wp-json\/wp\/v2\/categories?post=22852"},{"taxonomy":"post_tag","embeddable":true,"href":"https:\/\/serveiseducatius.xtec.cat\/baixllobregat5\/wp-json\/wp\/v2\/tags?post=22852"}],"curies":[{"name":"wp","href":"https:\/\/api.w.org\/{rel}","templated":true}]}}