{"id":22742,"date":"2023-02-17T20:41:20","date_gmt":"2023-02-17T19:41:20","guid":{"rendered":"https:\/\/serveiseducatius.xtec.cat\/baixllobregat5\/?p=22742"},"modified":"2023-03-03T11:12:19","modified_gmt":"2023-03-03T10:12:19","slug":"jams-tr-2023-completades-les-jornades-de-treballs-de-recerca-amb-lalumnat-de-1r-de-batxillerat-dels-instituts-de-cornella","status":"publish","type":"post","link":"https:\/\/serveiseducatius.xtec.cat\/baixllobregat5\/general\/jams-tr-2023-completades-les-jornades-de-treballs-de-recerca-amb-lalumnat-de-1r-de-batxillerat-dels-instituts-de-cornella\/","title":{"rendered":"&#8220;JAMs TR&#8221; 2023, completades les jornades de Treballs de Recerca amb l&#8217;alumnat de 1r de batxillerat dels instituts de Cornell\u00e0"},"content":{"rendered":"<p>&nbsp;<\/p>\n<p><a href=\"https:\/\/serveiseducatius.xtec.cat\/baixllobregat5\/wp-content\/uploads\/usu1180\/2023\/02\/Jam-TR-2023.jpg\"><img loading=\"lazy\" decoding=\"async\" class=\" wp-image-22752 aligncenter\" src=\"https:\/\/serveiseducatius.xtec.cat\/baixllobregat5\/wp-content\/uploads\/usu1180\/2023\/02\/Jam-TR-2023.jpg\" alt=\"\" width=\"676\" height=\"376\" srcset=\"https:\/\/serveiseducatius.xtec.cat\/baixllobregat5\/wp-content\/uploads\/usu1180\/2023\/02\/Jam-TR-2023.jpg 810w, https:\/\/serveiseducatius.xtec.cat\/baixllobregat5\/wp-content\/uploads\/usu1180\/2023\/02\/Jam-TR-2023-300x167.jpg 300w, https:\/\/serveiseducatius.xtec.cat\/baixllobregat5\/wp-content\/uploads\/usu1180\/2023\/02\/Jam-TR-2023-768x427.jpg 768w\" sizes=\"auto, (max-width: 676px) 100vw, 676px\" \/><\/a><\/p>\n<p>&nbsp;<\/p>\n<p>Les <strong>JAMs<\/strong> s\u00f3n jornades de dos dies consecutius que organitza en horari lectiu el <a href=\"https:\/\/www.citilab.eu\/actualitat\/2023\/01\/31\/mes-de-310-estudiants-de-primer-de-batxillerat-de-cornella-de-llobregat-dissenyaran-els-seus-treballs-de-recerca-al-citilab\/\" target=\"_blank\" rel=\"noopener\"><strong>Citilab<\/strong><\/a>, amb la participaci\u00f3 activa del <strong>Centre de Recursos Pedag\u00f2gics<\/strong>, per facilitar a l&#8217;alumnat dels instituts p\u00fablics de Cornell\u00e0 el <strong>disseny<\/strong>\u00a0del seu futur <strong>Treball de Recerca<\/strong>. L&#8217;alumnat de <strong>1r de batxillerat<\/strong> s&#8217;inicia en el m\u00f3n de la recerca plantejant un tema d\u2019inter\u00e8s personal relacionat amb els <a href=\"https:\/\/es.unesco.org\/sdgs\" target=\"_blank\" rel=\"noopener\"><strong>ODS<\/strong><\/a> (Objectius de Desenvolupament Sostenible impulsats per l&#8217;Organitzaci\u00f3 de les Nacions Unides en el marc de l&#8217;agenda 2030) definint l&#8217;impacte, les tasques i la pregunta de recerca del seu projecte.\u00a0 <span style=\"font-family: inherit; font-size: 1em;\">A la segona sessi\u00f3 es porten a terme altres din\u00e0miques de suport que recullen els procediments cient\u00edfics necessaris per dissenyar una \u00f2ptima recerca: definici\u00f3 d&#8217;objectius generals i espec\u00edfics, hip\u00f2tesi de treball, metodologies aplicables i ecosistema d&#8217;agents locals de suport a la investigaci\u00f3.<\/span><\/p>\n<p>Enguany, l&#8217;alumnat de 1r de batxillerat dels instituts <a href=\"https:\/\/agora.xtec.cat\/iesfrancescmacia\/general\/jornades-al-citilab-sobre-com-estructurar-i-realitzar-un-treball-de-recerca\/\" target=\"_blank\" rel=\"noopener\"><strong>Francesc Maci\u00e0<\/strong><\/a> (2 i 3 de febrer), <a href=\"https:\/\/twitter.com\/InsMMP\/status\/1623695683017474048?s=20\" target=\"_blank\" rel=\"noopener\"><strong>Miquel Mart\u00ed i Pol <\/strong><\/a>(9 i 10 de febrer), i <strong>Joan Mir\u00f3<\/strong> (16 de febrer) han completat les jornades (iniciades els dies 24 i 27 de gener amb l&#8217;Institut <a href=\"https:\/\/serveiseducatius.xtec.cat\/baixllobregat5\/general\/inici-de-les-jornades-jam-tr-2023-suport-a-alumnat-de-batxillerat-de-cornella-en-el-disseny-dels-seus-treballs-de-recerca\/\" target=\"_blank\" rel=\"noopener\"><strong>Esteve Terradas i Illa<\/strong><\/a>). Al voltant de 300 alumnes de tots aquests centres\u00a0han donat les primeres passes en el disseny del que ser\u00e0 el seu Treball de Recerca amb l&#8217;orientaci\u00f3 i el suport del <strong>Citilab<\/strong> i el <strong>Centre de Recursos Pedag\u00f2gics<\/strong>, i la col\u00b7laboraci\u00f3 del grup d&#8217;innovaci\u00f3 docent <strong>CompREd<\/strong> de la Facultat de Ci\u00e8ncies de l&#8217;Educaci\u00f3 de la <strong>Universitat Aut\u00f2noma de Barcelona<\/strong>.<\/p>\n<p>&nbsp;<\/p>\n\r\n\t<div class=\"slideshow_container slideshow_container_style-light\" style=\"height: 400px; \" data-slideshow-id=\"22741\" data-style-name=\"style-light\" data-style-version=\"2.3.1\" >\r\n\r\n\t\t\t\t\t<div class=\"slideshow_loading_icon\"><\/div>\r\n\t\t\r\n\t\t<div class=\"slideshow_content\" style=\"display: none;\">\r\n\r\n\t\t\t<div class=\"slideshow_view\">\r\n\t\t\t\t<div class=\"slideshow_slide slideshow_slide_image\">\r\n\t\t\t\t\t\t\t\t\t\t\t<img src=\"https:\/\/serveiseducatius.xtec.cat\/baixllobregat5\/wp-content\/uploads\/usu1180\/2023\/02\/JAM-Macia-MA-1.jpeg\" alt=\"JAM Maci\u00e0 MA 1\" width=\"2048\" height=\"1152\" \/>\r\n\t\t\t\t\t\t\t\t\t\t<div class=\"slideshow_description_box slideshow_transparent\">\r\n\t\t\t\t\t\t<div class=\"slideshow_title\">JAM Maci\u00e0 MA 1<\/div>\t\t\t\t\t\t\t\t\t\t\t<\/div>\r\n\t\t\t\t<\/div>\r\n\r\n\t\t\t\t\t\t<div style=\"clear: both;\"><\/div><\/div><div class=\"slideshow_view\">\r\n\t\t\t\t<div class=\"slideshow_slide slideshow_slide_image\">\r\n\t\t\t\t\t\t\t\t\t\t\t<img src=\"https:\/\/serveiseducatius.xtec.cat\/baixllobregat5\/wp-content\/uploads\/usu1180\/2023\/02\/1-JAM-Macia-.jpg\" alt=\"2 JAM Maci\u00e0\" width=\"992\" height=\"744\" \/>\r\n\t\t\t\t\t\t\t\t\t\t<div class=\"slideshow_description_box slideshow_transparent\">\r\n\t\t\t\t\t\t<div class=\"slideshow_title\">2 JAM Maci\u00e0<\/div>\t\t\t\t\t\t\t\t\t\t\t<\/div>\r\n\t\t\t\t<\/div>\r\n\r\n\t\t\t\t\t\t<div style=\"clear: both;\"><\/div><\/div><div class=\"slideshow_view\">\r\n\t\t\t\t<div class=\"slideshow_slide slideshow_slide_image\">\r\n\t\t\t\t\t\t\t\t\t\t\t<img src=\"https:\/\/serveiseducatius.xtec.cat\/baixllobregat5\/wp-content\/uploads\/usu1180\/2023\/02\/2-JAM-Macia-.jpg\" alt=\"3 JAM Maci\u00e0\" width=\"992\" height=\"744\" \/>\r\n\t\t\t\t\t\t\t\t\t\t<div class=\"slideshow_description_box slideshow_transparent\">\r\n\t\t\t\t\t\t<div class=\"slideshow_title\">3 JAM Maci\u00e0<\/div>\t\t\t\t\t\t\t\t\t\t\t<\/div>\r\n\t\t\t\t<\/div>\r\n\r\n\t\t\t\t\t\t<div style=\"clear: both;\"><\/div><\/div><div class=\"slideshow_view\">\r\n\t\t\t\t<div class=\"slideshow_slide slideshow_slide_image\">\r\n\t\t\t\t\t\t\t\t\t\t\t<img src=\"https:\/\/serveiseducatius.xtec.cat\/baixllobregat5\/wp-content\/uploads\/usu1180\/2023\/02\/JAM-MMiPol-MA-1.jpeg\" alt=\"JAM MMiPol MA 1\" width=\"2048\" height=\"1152\" \/>\r\n\t\t\t\t\t\t\t\t\t\t<div class=\"slideshow_description_box slideshow_transparent\">\r\n\t\t\t\t\t\t<div class=\"slideshow_title\">JAM MMiPol MA 1<\/div>\t\t\t\t\t\t\t\t\t\t\t<\/div>\r\n\t\t\t\t<\/div>\r\n\r\n\t\t\t\t\t\t<div style=\"clear: both;\"><\/div><\/div><div class=\"slideshow_view\">\r\n\t\t\t\t<div class=\"slideshow_slide slideshow_slide_image\">\r\n\t\t\t\t\t\t\t\t\t\t\t<img src=\"https:\/\/serveiseducatius.xtec.cat\/baixllobregat5\/wp-content\/uploads\/usu1180\/2023\/02\/JAM-MMiPol-MA-2.jpeg\" alt=\"JAM MMiPol MA 2\" width=\"2048\" height=\"1152\" \/>\r\n\t\t\t\t\t\t\t\t\t\t<div class=\"slideshow_description_box slideshow_transparent\">\r\n\t\t\t\t\t\t<div class=\"slideshow_title\">JAM MMiPol MA 2<\/div>\t\t\t\t\t\t\t\t\t\t\t<\/div>\r\n\t\t\t\t<\/div>\r\n\r\n\t\t\t\t\t\t<div style=\"clear: both;\"><\/div><\/div><div class=\"slideshow_view\">\r\n\t\t\t\t<div class=\"slideshow_slide slideshow_slide_image\">\r\n\t\t\t\t\t\t\t\t\t\t\t<img src=\"https:\/\/serveiseducatius.xtec.cat\/baixllobregat5\/wp-content\/uploads\/usu1180\/2023\/02\/6-JAM-MMiPol-.jpg\" alt=\"6 JAM MMiPol\" width=\"992\" height=\"744\" \/>\r\n\t\t\t\t\t\t\t\t\t\t<div class=\"slideshow_description_box slideshow_transparent\">\r\n\t\t\t\t\t\t<div class=\"slideshow_title\">6 JAM MMiPol<\/div>\t\t\t\t\t\t\t\t\t\t\t<\/div>\r\n\t\t\t\t<\/div>\r\n\r\n\t\t\t\t\t\t<div style=\"clear: both;\"><\/div><\/div><div class=\"slideshow_view\">\r\n\t\t\t\t<div class=\"slideshow_slide slideshow_slide_image\">\r\n\t\t\t\t\t\t\t\t\t\t\t<img src=\"https:\/\/serveiseducatius.xtec.cat\/baixllobregat5\/wp-content\/uploads\/usu1180\/2023\/02\/JAM-Joan-Miro-1-.png\" alt=\"JAM Joan Mir\u00f3 1\" width=\"820\" height=\"450\" \/>\r\n\t\t\t\t\t\t\t\t\t\t<div class=\"slideshow_description_box slideshow_transparent\">\r\n\t\t\t\t\t\t<div class=\"slideshow_title\">JAM Joan Mir\u00f3 1<\/div>\t\t\t\t\t\t\t\t\t\t\t<\/div>\r\n\t\t\t\t<\/div>\r\n\r\n\t\t\t\t\t\t<div style=\"clear: both;\"><\/div><\/div><div class=\"slideshow_view\">\r\n\t\t\t\t<div class=\"slideshow_slide slideshow_slide_image\">\r\n\t\t\t\t\t\t\t\t\t\t\t<img src=\"https:\/\/serveiseducatius.xtec.cat\/baixllobregat5\/wp-content\/uploads\/usu1180\/2023\/02\/8-JAM-J-Miro-.jpg\" alt=\"8 JAM J Mir\u00f3\" width=\"992\" height=\"744\" \/>\r\n\t\t\t\t\t\t\t\t\t\t<div class=\"slideshow_description_box slideshow_transparent\">\r\n\t\t\t\t\t\t<div class=\"slideshow_title\">8 JAM J Mir\u00f3<\/div>\t\t\t\t\t\t\t\t\t\t\t<\/div>\r\n\t\t\t\t<\/div>\r\n\r\n\t\t\t\t\t\t<div style=\"clear: both;\"><\/div><\/div>\r\n\t\t<\/div>\r\n\r\n\t\t<div class=\"slideshow_controlPanel slideshow_transparent\" style=\"display: none;\"><ul><li class=\"slideshow_togglePlay\" data-play-text=\"Visualitza\" data-pause-text=\"Pausa\"><\/li><\/ul><\/div>\r\n\r\n\t\t<div class=\"slideshow_button slideshow_previous slideshow_transparent\" role=\"button\" data-previous-text=\"Anterior\" style=\"display: none;\"><\/div>\r\n\t\t<div class=\"slideshow_button slideshow_next slideshow_transparent\" role=\"button\" data-next-text=\"Seg\u00fcent\" style=\"display: none;\"><\/div>\r\n\r\n\t\t<div class=\"slideshow_pagination\" style=\"display: none;\" data-go-to-text=\"V\u00e9s a la diapositiva\"><div class=\"slideshow_pagination_center\"><\/div><\/div>\r\n\r\n\t\t<!-- WordPress Slideshow Version 2.3.1 -->\r\n\r\n\t\t\t<\/div>\r\n\r\n\n<p>&nbsp;<\/p>\n","protected":false},"excerpt":{"rendered":"<p>&nbsp; &nbsp; Les JAMs s\u00f3n jornades de dos dies consecutius que organitza en horari lectiu el Citilab, amb la participaci\u00f3 [&hellip;]<\/p>\n","protected":false},"author":193,"featured_media":22752,"comment_status":"closed","ping_status":"closed","sticky":false,"template":"","format":"standard","meta":{"_bbp_topic_count":0,"_bbp_reply_count":0,"_bbp_total_topic_count":0,"_bbp_total_reply_count":0,"_bbp_voice_count":0,"_bbp_anonymous_reply_count":0,"_bbp_topic_count_hidden":0,"_bbp_reply_count_hidden":0,"_bbp_forum_subforum_count":0,"site-sidebar-layout":"default","site-content-layout":"","ast-site-content-layout":"","site-content-style":"default","site-sidebar-style":"default","ast-global-header-display":"","ast-banner-title-visibility":"","ast-main-header-display":"","ast-hfb-above-header-display":"","ast-hfb-below-header-display":"","ast-hfb-mobile-header-display":"","site-post-title":"","ast-breadcrumbs-content":"","ast-featured-img":"","footer-sml-layout":"","theme-transparent-header-meta":"","adv-header-id-meta":"","stick-header-meta":"","header-above-stick-meta":"","header-main-stick-meta":"","header-below-stick-meta":"","astra-migrate-meta-layouts":"default","ast-page-background-enabled":"default","ast-page-background-meta":{"desktop":{"background-color":"var(--ast-global-color-4)","background-image":"","background-repeat":"repeat","background-position":"center center","background-size":"auto","background-attachment":"scroll","background-type":"","background-media":"","overlay-type":"","overlay-color":"","overlay-opacity":"","overlay-gradient":""},"tablet":{"background-color":"","background-image":"","background-repeat":"repeat","background-position":"center center","background-size":"auto","background-attachment":"scroll","background-type":"","background-media":"","overlay-type":"","overlay-color":"","overlay-opacity":"","overlay-gradient":""},"mobile":{"background-color":"","background-image":"","background-repeat":"repeat","background-position":"center center","background-size":"auto","background-attachment":"scroll","background-type":"","background-media":"","overlay-type":"","overlay-color":"","overlay-opacity":"","overlay-gradient":""}},"ast-content-background-meta":{"desktop":{"background-color":"var(--ast-global-color-5)","background-image":"","background-repeat":"repeat","background-position":"center center","background-size":"auto","background-attachment":"scroll","background-type":"","background-media":"","overlay-type":"","overlay-color":"","overlay-opacity":"","overlay-gradient":""},"tablet":{"background-color":"var(--ast-global-color-5)","background-image":"","background-repeat":"repeat","background-position":"center center","background-size":"auto","background-attachment":"scroll","background-type":"","background-media":"","overlay-type":"","overlay-color":"","overlay-opacity":"","overlay-gradient":""},"mobile":{"background-color":"var(--ast-global-color-5)","background-image":"","background-repeat":"repeat","background-position":"center center","background-size":"auto","background-attachment":"scroll","background-type":"","background-media":"","overlay-type":"","overlay-color":"","overlay-opacity":"","overlay-gradient":""}},"footnotes":""},"categories":[66,1,535,1133],"tags":[249,1110,347,348,350,1783],"class_list":["post-22742","post","type-post","status-publish","format-standard","has-post-thumbnail","hentry","category-dinamitzacio","category-general","category-portada","category-treballs-de-recerca","tag-batxillerat","tag-citilab","tag-instituto-francesc-macia","tag-institut-joan-miro","tag-institut-miquel-marti-pol","tag-projecte-riec"],"post_mailing_queue_ids":[],"_links":{"self":[{"href":"https:\/\/serveiseducatius.xtec.cat\/baixllobregat5\/wp-json\/wp\/v2\/posts\/22742","targetHints":{"allow":["GET"]}}],"collection":[{"href":"https:\/\/serveiseducatius.xtec.cat\/baixllobregat5\/wp-json\/wp\/v2\/posts"}],"about":[{"href":"https:\/\/serveiseducatius.xtec.cat\/baixllobregat5\/wp-json\/wp\/v2\/types\/post"}],"author":[{"embeddable":true,"href":"https:\/\/serveiseducatius.xtec.cat\/baixllobregat5\/wp-json\/wp\/v2\/users\/193"}],"replies":[{"embeddable":true,"href":"https:\/\/serveiseducatius.xtec.cat\/baixllobregat5\/wp-json\/wp\/v2\/comments?post=22742"}],"version-history":[{"count":3,"href":"https:\/\/serveiseducatius.xtec.cat\/baixllobregat5\/wp-json\/wp\/v2\/posts\/22742\/revisions"}],"predecessor-version":[{"id":22767,"href":"https:\/\/serveiseducatius.xtec.cat\/baixllobregat5\/wp-json\/wp\/v2\/posts\/22742\/revisions\/22767"}],"wp:featuredmedia":[{"embeddable":true,"href":"https:\/\/serveiseducatius.xtec.cat\/baixllobregat5\/wp-json\/wp\/v2\/media\/22752"}],"wp:attachment":[{"href":"https:\/\/serveiseducatius.xtec.cat\/baixllobregat5\/wp-json\/wp\/v2\/media?parent=22742"}],"wp:term":[{"taxonomy":"category","embeddable":true,"href":"https:\/\/serveiseducatius.xtec.cat\/baixllobregat5\/wp-json\/wp\/v2\/categories?post=22742"},{"taxonomy":"post_tag","embeddable":true,"href":"https:\/\/serveiseducatius.xtec.cat\/baixllobregat5\/wp-json\/wp\/v2\/tags?post=22742"}],"curies":[{"name":"wp","href":"https:\/\/api.w.org\/{rel}","templated":true}]}}