{"id":22722,"date":"2023-02-16T11:19:24","date_gmt":"2023-02-16T10:19:24","guid":{"rendered":"https:\/\/serveiseducatius.xtec.cat\/baixllobregat5\/?p=22722"},"modified":"2023-02-16T11:19:24","modified_gmt":"2023-02-16T10:19:24","slug":"nodes-dimpuls-matematic-nim","status":"publish","type":"post","link":"https:\/\/serveiseducatius.xtec.cat\/baixllobregat5\/general\/nodes-dimpuls-matematic-nim\/","title":{"rendered":"Nodes d\u2019Impuls Matem\u00e0tic\u00a0(NIM)"},"content":{"rendered":"<p><a href=\"https:\/\/serveiseducatius.xtec.cat\/cesire\/wp-content\/uploads\/usu2650\/2023\/02\/Captura-de-pantalla-2023-02-15-a-les-13.05.06.png\"><img loading=\"lazy\" decoding=\"async\" class=\"wp-image-21751 size-medium alignleft\" src=\"https:\/\/serveiseducatius.xtec.cat\/cesire\/wp-content\/uploads\/usu2650\/2023\/02\/Captura-de-pantalla-2023-02-15-a-les-13.05.06-300x169.png\" sizes=\"auto, (max-width: 300px) 100vw, 300px\" srcset=\"https:\/\/serveiseducatius.xtec.cat\/cesire\/wp-content\/uploads\/usu2650\/2023\/02\/Captura-de-pantalla-2023-02-15-a-les-13.05.06-300x169.png 300w, https:\/\/serveiseducatius.xtec.cat\/cesire\/wp-content\/uploads\/usu2650\/2023\/02\/Captura-de-pantalla-2023-02-15-a-les-13.05.06-768x433.png 768w, https:\/\/serveiseducatius.xtec.cat\/cesire\/wp-content\/uploads\/usu2650\/2023\/02\/Captura-de-pantalla-2023-02-15-a-les-13.05.06.png 792w\" alt=\"\" width=\"300\" height=\"169\" \/><\/a><\/p>\n<p style=\"text-align: justify;\">El\u00a0 proper <strong>dijous 23 de Febrer de 2023<\/strong> de 17.30 a 19.30 h. tindr\u00e0 lloc la presentaci\u00f3 dels <strong>Nodes d\u2019Impuls Matem\u00e0tic\u00a0(NIM)<\/strong>, espais de trobada de mestres i professorat per treballar des dels centres educatius per la millora de l\u2019aprenentatge de les matem\u00e0tiques.<\/p>\n<p>Aquests espais es crearan des del CREAMAT per enc\u00e0rrec de la Direcci\u00f3 General d\u2019Innovaci\u00f3, Digitalitzaci\u00f3, Curr\u00edculum i Lleng\u00fces.<\/p>\n<p>&nbsp;<\/p>\n<p>&nbsp;<\/p>\n<p>Programa de l\u2019acte:<\/p>\n<p style=\"text-align: justify;\"><strong>Taula rodona: \u201cPer una educaci\u00f3 matem\u00e0tica de qualitat i per a tothom\u201d<\/strong><\/p>\n<ul>\n<li><strong>Modera:<\/strong>\n<ul>\n<li>Oriol Busquets. Professor de matem\u00e0tiques. Inspecci\u00f3 d\u2019Educaci\u00f3. Actualment, jubilat<\/li>\n<\/ul>\n<\/li>\n<li><strong>Participen:<\/strong>\n<ul>\n<li>Meritxell Margalef. CRP Sants \u2013 Montju\u00efc<\/li>\n<li>Laura Gris. Mestra de l\u2019escola SEAT. BCN<\/li>\n<li>Jordi Font. Professor did\u00e0ctica UB. Director de l\u2019INS Baix a Mar. Vilanova<\/li>\n<li>Manel Mart\u00ednez. Docent de secund\u00e0ria. Junta de FEEMCAT<\/li>\n<\/ul>\n<\/li>\n<\/ul>\n<p style=\"text-align: justify;\"><strong>Intervenci\u00f3<\/strong>\u00a0del Sr. Joan Cuevas, Director General d\u2019Innovaci\u00f3, Digitalitzaci\u00f3, Curr\u00edculum i Lleng\u00fces<\/p>\n<p style=\"text-align: justify;\"><strong>Presentaci\u00f3<\/strong>\u00a0dels NIM i les l\u00ednies d\u2019actuaci\u00f3 del\u00a0<strong>CREAMAT<\/strong>\u00a0a c\u00e0rrec de l\u2019Enric Castell\u00e0 i la S\u00edlvia Margel\u00ed del CESIRE-CREAMAT<\/p>\n<p style=\"text-align: justify;\"><strong>Confer\u00e8ncia<\/strong>\u00a0\u00a0<strong>\u201cL\u2019educaci\u00f3 (matem\u00e0tica) \u00e9s una arma de construcci\u00f3 massiva\u201d,\u00a0<\/strong>a c\u00e0rrec de l\u2019Anton Aubanell i en Joan Jare\u00f1o.<\/p>\n<ul style=\"text-align: justify;\">\n<li><strong>Lloc:<\/strong>\u00a0CESIRE. Avda. Drassanes, 10. 08001 Barcelona<\/li>\n<li><strong>Data:<\/strong>\u00a0Dijous 23 de febrer de 2023, de 17.30 a 19.30 h<\/li>\n<li><strong><a href=\"https:\/\/forms.gle\/pU91VLNt4apCVu786\">Inscripcions<\/a><\/strong> per facilitar l\u2019organitzaci\u00f3 de l\u2019espai i adaptar-lo al nombre d\u2019assistents<\/li>\n<\/ul>\n<p style=\"text-align: justify;\">Nota: L\u2019acte es retransmetr\u00e0 en directe. Trobareu l\u2019enlla\u00e7 en <a href=\"https:\/\/serveiseducatius.xtec.cat\/cesire\/presentacio-de-lestrategia-dimpuls-a-leducacio-matematica\/\">aquest web<\/a><\/p>\n","protected":false},"excerpt":{"rendered":"<p>El\u00a0 proper dijous 23 de Febrer de 2023 de 17.30 a 19.30 h. tindr\u00e0 lloc la presentaci\u00f3 dels Nodes d\u2019Impuls [&hellip;]<\/p>\n","protected":false},"author":1,"featured_media":22724,"comment_status":"closed","ping_status":"closed","sticky":false,"template":"","format":"standard","meta":{"_bbp_topic_count":0,"_bbp_reply_count":0,"_bbp_total_topic_count":0,"_bbp_total_reply_count":0,"_bbp_voice_count":0,"_bbp_anonymous_reply_count":0,"_bbp_topic_count_hidden":0,"_bbp_reply_count_hidden":0,"_bbp_forum_subforum_count":0,"site-sidebar-layout":"default","site-content-layout":"","ast-site-content-layout":"","site-content-style":"default","site-sidebar-style":"default","ast-global-header-display":"","ast-banner-title-visibility":"","ast-main-header-display":"","ast-hfb-above-header-display":"","ast-hfb-below-header-display":"","ast-hfb-mobile-header-display":"","site-post-title":"","ast-breadcrumbs-content":"","ast-featured-img":"","footer-sml-layout":"","theme-transparent-header-meta":"","adv-header-id-meta":"","stick-header-meta":"","header-above-stick-meta":"","header-main-stick-meta":"","header-below-stick-meta":"","astra-migrate-meta-layouts":"default","ast-page-background-enabled":"default","ast-page-background-meta":{"desktop":{"background-color":"var(--ast-global-color-4)","background-image":"","background-repeat":"repeat","background-position":"center center","background-size":"auto","background-attachment":"scroll","background-type":"","background-media":"","overlay-type":"","overlay-color":"","overlay-opacity":"","overlay-gradient":""},"tablet":{"background-color":"","background-image":"","background-repeat":"repeat","background-position":"center center","background-size":"auto","background-attachment":"scroll","background-type":"","background-media":"","overlay-type":"","overlay-color":"","overlay-opacity":"","overlay-gradient":""},"mobile":{"background-color":"","background-image":"","background-repeat":"repeat","background-position":"center center","background-size":"auto","background-attachment":"scroll","background-type":"","background-media":"","overlay-type":"","overlay-color":"","overlay-opacity":"","overlay-gradient":""}},"ast-content-background-meta":{"desktop":{"background-color":"var(--ast-global-color-5)","background-image":"","background-repeat":"repeat","background-position":"center center","background-size":"auto","background-attachment":"scroll","background-type":"","background-media":"","overlay-type":"","overlay-color":"","overlay-opacity":"","overlay-gradient":""},"tablet":{"background-color":"var(--ast-global-color-5)","background-image":"","background-repeat":"repeat","background-position":"center center","background-size":"auto","background-attachment":"scroll","background-type":"","background-media":"","overlay-type":"","overlay-color":"","overlay-opacity":"","overlay-gradient":""},"mobile":{"background-color":"var(--ast-global-color-5)","background-image":"","background-repeat":"repeat","background-position":"center center","background-size":"auto","background-attachment":"scroll","background-type":"","background-media":"","overlay-type":"","overlay-color":"","overlay-opacity":"","overlay-gradient":""}},"footnotes":""},"categories":[65,1549,1,535],"tags":[182,1638],"class_list":["post-22722","post","type-post","status-publish","format-standard","has-post-thumbnail","hentry","category-crp","category-difusio","category-general","category-portada","tag-creamat","tag-difusio"],"post_mailing_queue_ids":[],"_links":{"self":[{"href":"https:\/\/serveiseducatius.xtec.cat\/baixllobregat5\/wp-json\/wp\/v2\/posts\/22722","targetHints":{"allow":["GET"]}}],"collection":[{"href":"https:\/\/serveiseducatius.xtec.cat\/baixllobregat5\/wp-json\/wp\/v2\/posts"}],"about":[{"href":"https:\/\/serveiseducatius.xtec.cat\/baixllobregat5\/wp-json\/wp\/v2\/types\/post"}],"author":[{"embeddable":true,"href":"https:\/\/serveiseducatius.xtec.cat\/baixllobregat5\/wp-json\/wp\/v2\/users\/1"}],"replies":[{"embeddable":true,"href":"https:\/\/serveiseducatius.xtec.cat\/baixllobregat5\/wp-json\/wp\/v2\/comments?post=22722"}],"version-history":[{"count":2,"href":"https:\/\/serveiseducatius.xtec.cat\/baixllobregat5\/wp-json\/wp\/v2\/posts\/22722\/revisions"}],"predecessor-version":[{"id":22725,"href":"https:\/\/serveiseducatius.xtec.cat\/baixllobregat5\/wp-json\/wp\/v2\/posts\/22722\/revisions\/22725"}],"wp:featuredmedia":[{"embeddable":true,"href":"https:\/\/serveiseducatius.xtec.cat\/baixllobregat5\/wp-json\/wp\/v2\/media\/22724"}],"wp:attachment":[{"href":"https:\/\/serveiseducatius.xtec.cat\/baixllobregat5\/wp-json\/wp\/v2\/media?parent=22722"}],"wp:term":[{"taxonomy":"category","embeddable":true,"href":"https:\/\/serveiseducatius.xtec.cat\/baixllobregat5\/wp-json\/wp\/v2\/categories?post=22722"},{"taxonomy":"post_tag","embeddable":true,"href":"https:\/\/serveiseducatius.xtec.cat\/baixllobregat5\/wp-json\/wp\/v2\/tags?post=22722"}],"curies":[{"name":"wp","href":"https:\/\/api.w.org\/{rel}","templated":true}]}}