{"id":22550,"date":"2023-01-16T13:25:23","date_gmt":"2023-01-16T12:25:23","guid":{"rendered":"https:\/\/serveiseducatius.xtec.cat\/baixllobregat5\/?p=22550"},"modified":"2023-01-16T13:25:23","modified_gmt":"2023-01-16T12:25:23","slug":"educacio-intercultural-oferta-formativa","status":"publish","type":"post","link":"https:\/\/serveiseducatius.xtec.cat\/baixllobregat5\/general\/educacio-intercultural-oferta-formativa\/","title":{"rendered":"Educaci\u00f3 intercultural, oferta formativa"},"content":{"rendered":"<p>Dem\u00e0 finalitza el <strong>termini d&#8217;inscripci\u00f3<\/strong> a les formacions del segon torn i, entre les m\u00e9s destacades, encara hi ha places per al curs <a href=\"https:\/\/aplicacions.gestioeducativa.gencat.cat\/pls\/soloas\/pk_for_mod_ins.p_for_detall_activitat?p_header=Llista%20d%27activitats^pk_for_mod_ins.p_for_cons_activitats?p_tipus_act=PL45,PL46,PL47,PL48,PL49,PL50,PL51,CADA,EIAC,DEIC%26p_totes=S%26p_inici=1%26p_excloure_crp_rec=F&amp;p_codi=9000240541&amp;p_curs=2022-2023&amp;p_excloure_crp_rec=F\">Educaci\u00f3 intercultural: fornaments te\u00f2rics i aplicaci\u00f3 en el centre docent<\/a> (9000240541), que es dur\u00e0 a terme <strong>entre el 6 de febrer i el 14 de maig<\/strong>.<\/p>\n<p><img loading=\"lazy\" decoding=\"async\" class=\"aligncenter\" src=\"https:\/\/comunicacio21.cat\/wp-content\/uploads\/comunicacio21\/noticies\/recurs\/diversitat-cultural-mans.jpg\" alt=\"L'Ajuntament de Barcelona impulsa una guia per incorporar la perspectiva  intercultural a la comunicaci\u00f3 - comunicaci\u00f321\" width=\"472\" height=\"283\" \/><\/p>\n<p>La formaci\u00f3, <strong>as\u00edncrona<\/strong> i de <strong>45 h<\/strong> de durada, est\u00e0 adre\u00e7ada a <strong>docents de qualsevol etapa educativa<\/strong> i t\u00e9 la finalitat de dotar-los d&#8217;eines, pautes i recursos per treballar la <strong>diversitat a l&#8217;aula<\/strong> en un context global i intercultural. \u00c9s, doncs, una formaci\u00f3 que convida a la reflexi\u00f3 alhora que proporciona respostes aplicables a la realitat dels centres.<\/p>\n<p>&nbsp;<\/p>\n","protected":false},"excerpt":{"rendered":"<p>Dem\u00e0 finalitza el termini d&#8217;inscripci\u00f3 a les formacions del segon torn i, entre les m\u00e9s destacades, encara hi ha places [&hellip;]<\/p>\n","protected":false},"author":194,"featured_media":22551,"comment_status":"closed","ping_status":"closed","sticky":false,"template":"","format":"standard","meta":{"_bbp_topic_count":0,"_bbp_reply_count":0,"_bbp_total_topic_count":0,"_bbp_total_reply_count":0,"_bbp_voice_count":0,"_bbp_anonymous_reply_count":0,"_bbp_topic_count_hidden":0,"_bbp_reply_count_hidden":0,"_bbp_forum_subforum_count":0,"site-sidebar-layout":"default","site-content-layout":"","ast-site-content-layout":"","site-content-style":"default","site-sidebar-style":"default","ast-global-header-display":"","ast-banner-title-visibility":"","ast-main-header-display":"","ast-hfb-above-header-display":"","ast-hfb-below-header-display":"","ast-hfb-mobile-header-display":"","site-post-title":"","ast-breadcrumbs-content":"","ast-featured-img":"","footer-sml-layout":"","theme-transparent-header-meta":"","adv-header-id-meta":"","stick-header-meta":"","header-above-stick-meta":"","header-main-stick-meta":"","header-below-stick-meta":"","astra-migrate-meta-layouts":"default","ast-page-background-enabled":"default","ast-page-background-meta":{"desktop":{"background-color":"var(--ast-global-color-4)","background-image":"","background-repeat":"repeat","background-position":"center center","background-size":"auto","background-attachment":"scroll","background-type":"","background-media":"","overlay-type":"","overlay-color":"","overlay-opacity":"","overlay-gradient":""},"tablet":{"background-color":"","background-image":"","background-repeat":"repeat","background-position":"center center","background-size":"auto","background-attachment":"scroll","background-type":"","background-media":"","overlay-type":"","overlay-color":"","overlay-opacity":"","overlay-gradient":""},"mobile":{"background-color":"","background-image":"","background-repeat":"repeat","background-position":"center center","background-size":"auto","background-attachment":"scroll","background-type":"","background-media":"","overlay-type":"","overlay-color":"","overlay-opacity":"","overlay-gradient":""}},"ast-content-background-meta":{"desktop":{"background-color":"var(--ast-global-color-5)","background-image":"","background-repeat":"repeat","background-position":"center center","background-size":"auto","background-attachment":"scroll","background-type":"","background-media":"","overlay-type":"","overlay-color":"","overlay-opacity":"","overlay-gradient":""},"tablet":{"background-color":"var(--ast-global-color-5)","background-image":"","background-repeat":"repeat","background-position":"center center","background-size":"auto","background-attachment":"scroll","background-type":"","background-media":"","overlay-type":"","overlay-color":"","overlay-opacity":"","overlay-gradient":""},"mobile":{"background-color":"var(--ast-global-color-5)","background-image":"","background-repeat":"repeat","background-position":"center center","background-size":"auto","background-attachment":"scroll","background-type":"","background-media":"","overlay-type":"","overlay-color":"","overlay-opacity":"","overlay-gradient":""}},"footnotes":""},"categories":[65,68,154,1,535],"tags":[548,226,983],"class_list":["post-22550","post","type-post","status-publish","format-standard","has-post-thumbnail","hentry","category-crp","category-elic","category-formacio","category-general","category-portada","tag-curs","tag-formacio","tag-interculturalitat"],"post_mailing_queue_ids":[],"_links":{"self":[{"href":"https:\/\/serveiseducatius.xtec.cat\/baixllobregat5\/wp-json\/wp\/v2\/posts\/22550","targetHints":{"allow":["GET"]}}],"collection":[{"href":"https:\/\/serveiseducatius.xtec.cat\/baixllobregat5\/wp-json\/wp\/v2\/posts"}],"about":[{"href":"https:\/\/serveiseducatius.xtec.cat\/baixllobregat5\/wp-json\/wp\/v2\/types\/post"}],"author":[{"embeddable":true,"href":"https:\/\/serveiseducatius.xtec.cat\/baixllobregat5\/wp-json\/wp\/v2\/users\/194"}],"replies":[{"embeddable":true,"href":"https:\/\/serveiseducatius.xtec.cat\/baixllobregat5\/wp-json\/wp\/v2\/comments?post=22550"}],"version-history":[{"count":3,"href":"https:\/\/serveiseducatius.xtec.cat\/baixllobregat5\/wp-json\/wp\/v2\/posts\/22550\/revisions"}],"predecessor-version":[{"id":22554,"href":"https:\/\/serveiseducatius.xtec.cat\/baixllobregat5\/wp-json\/wp\/v2\/posts\/22550\/revisions\/22554"}],"wp:featuredmedia":[{"embeddable":true,"href":"https:\/\/serveiseducatius.xtec.cat\/baixllobregat5\/wp-json\/wp\/v2\/media\/22551"}],"wp:attachment":[{"href":"https:\/\/serveiseducatius.xtec.cat\/baixllobregat5\/wp-json\/wp\/v2\/media?parent=22550"}],"wp:term":[{"taxonomy":"category","embeddable":true,"href":"https:\/\/serveiseducatius.xtec.cat\/baixllobregat5\/wp-json\/wp\/v2\/categories?post=22550"},{"taxonomy":"post_tag","embeddable":true,"href":"https:\/\/serveiseducatius.xtec.cat\/baixllobregat5\/wp-json\/wp\/v2\/tags?post=22550"}],"curies":[{"name":"wp","href":"https:\/\/api.w.org\/{rel}","templated":true}]}}