{"id":21979,"date":"2022-06-30T09:53:20","date_gmt":"2022-06-30T07:53:20","guid":{"rendered":"https:\/\/serveiseducatius.xtec.cat\/baixllobregat5\/?p=21979"},"modified":"2022-07-11T10:10:58","modified_gmt":"2022-07-11T08:10:58","slug":"projectes-daprenentatge-i-servei-comunitari-ambiental-curs-2022-2023-programa-metropolita-deducacio-per-la-sostenibilitat-de-lamb-inscripcions-fins-al-6-de-juliol","status":"publish","type":"post","link":"https:\/\/serveiseducatius.xtec.cat\/baixllobregat5\/general\/projectes-daprenentatge-i-servei-comunitari-ambiental-curs-2022-2023-programa-metropolita-deducacio-per-la-sostenibilitat-de-lamb-inscripcions-fins-al-6-de-juliol\/","title":{"rendered":"Projectes d&#8217;Aprenentatge i Servei Comunitari Ambiental (Curs 2022 \u2013 2023). Programa Metropolit\u00e0 d\u2019Educaci\u00f3 per la Sostenibilitat de l\u2019AMB. Inscripcions fins al 6 de juliol"},"content":{"rendered":"<p>&nbsp;<\/p>\n<p><a href=\"https:\/\/serveiseducatius.xtec.cat\/baixllobregat5\/wp-content\/uploads\/usu1180\/2022\/06\/compartim-un-futur.png\"><img loading=\"lazy\" decoding=\"async\" class=\"size-full wp-image-21996 aligncenter\" src=\"https:\/\/serveiseducatius.xtec.cat\/baixllobregat5\/wp-content\/uploads\/usu1180\/2022\/06\/compartim-un-futur.png\" alt=\"\" width=\"734\" height=\"403\" srcset=\"https:\/\/serveiseducatius.xtec.cat\/baixllobregat5\/wp-content\/uploads\/usu1180\/2022\/06\/compartim-un-futur.png 734w, https:\/\/serveiseducatius.xtec.cat\/baixllobregat5\/wp-content\/uploads\/usu1180\/2022\/06\/compartim-un-futur-300x165.png 300w\" sizes=\"auto, (max-width: 734px) 100vw, 734px\" \/><\/a><\/p>\n<p>&nbsp;<\/p>\n<p style=\"font-weight: 400;\">Des del\u00a0<a href=\"https:\/\/www.amb.cat\/s\/web\/ecologia\/sostenibilitat\/educacio-ambiental.html\" target=\"_blank\" rel=\"noopener\" data-saferedirecturl=\"https:\/\/www.google.com\/url?q=https:\/\/www.amb.cat\/s\/web\/ecologia\/sostenibilitat\/educacio-ambiental.html&amp;source=gmail&amp;ust=1656743860531000&amp;usg=AOvVaw0a2dMCFMHDbWiZBsVFRJYg\">Compartim un Futur<\/a>, el<strong> Programa Metropolit\u00e0 d\u2019Educaci\u00f3 per la Sostenibilitat<\/strong> de l\u2019<strong>\u00c0rea Metropolitana de Barcelona<\/strong>, informen de la nova convocat\u00f2ria, amb <strong>termini d&#8217;inscripci\u00f3<\/strong> ampliat\u00a0 <strong>f<span style=\"font-family: inherit; font-size: 1em;\">ins el <\/span><\/strong><strong style=\"font-family: inherit; font-size: 1em;\">6 de juliol<\/strong>,<span style=\"font-family: inherit; font-size: 1em;\">\u00a0per rebre les propostes de <\/span><a style=\"font-family: inherit; font-size: 1em;\" href=\"https:\/\/www.amb.cat\/web\/ecologia\/sostenibilitat\/educacio-ambiental\/aps\/oferta-projectes\" target=\"_blank\" rel=\"noopener\" data-saferedirecturl=\"https:\/\/www.google.com\/url?q=https:\/\/www.amb.cat\/web\/ecologia\/sostenibilitat\/educacio-ambiental\/aps\/oferta-projectes&amp;source=gmail&amp;ust=1656743860531000&amp;usg=AOvVaw1Oi2tqZv3jPK2lgoyjJ94X\">projectes d\u2019Aprenentatge Servei i Servei Comunitari Ambiental del curs 2022 \u2013 2023<\/a><span style=\"font-family: inherit; font-size: 1em;\">.<\/span><\/p>\n<p style=\"font-weight: 400;\"><strong>Els projectes seleccionats s\u2019executaran durant el segon i \/ o tercer trimestre del curs 2022-2023<\/strong>.<\/p>\n<p style=\"font-weight: 400;\">Des del programa impulsem dues classes de projectes ApS:<\/p>\n<ul style=\"font-weight: 400;\">\n<li><strong>Projectes coprodu\u00efts per CFGM, CFGS, PFI, Formaci\u00f3 per a persones adultes i Universitats<\/strong>: dissenyats des dels centres educatius (alumnat i equip docent) en xarxa amb entitats del tercer sector, ajuntaments, AMB etc.<\/li>\n<\/ul>\n<ul style=\"font-weight: 400;\">\n<li><strong>Projectes guiats per prim\u00e0ria, ESO, Batxillerat, CFGM i CFGS<\/strong>: parteixen d\u2019una proposta concreta que els centres adapten.<\/li>\n<\/ul>\n<p style=\"font-weight: 400;\">En tots dos casos, des del &#8220;Compartim un Futur&#8221; s&#8217;ofereix assessorament i acompanyament (presencial i telem\u00e0tic), suport durant la realitzaci\u00f3, recursos educatius, formaci\u00f3 sobre ApS i ambiental aix\u00ed com visibilitat dels projectes que hi participen.<\/p>\n<p style=\"font-weight: 400;\">S&#8217;adjunten a continuaci\u00f3 les <strong>condicions i criteris de selecci\u00f3<\/strong>\u00a0de la convocat\u00f2ria i la\u00a0<strong>taula<\/strong> a omplir per presentar les propostes dels centres educatius interessats. Es facilita igualment l&#8217;acc\u00e9s al <strong>cat\u00e0leg del curs 2022-23<\/strong>\u00a0de projectes d\u2019<a href=\"https:\/\/www.amb.cat\/s\/web\/ecologia\/sostenibilitat\/educacio-ambiental.html\" target=\"_blank\" rel=\"noopener\" data-saferedirecturl=\"https:\/\/www.google.com\/url?q=https:\/\/www.amb.cat\/s\/web\/ecologia\/sostenibilitat\/educacio-ambiental.html&amp;source=gmail&amp;ust=1656743860531000&amp;usg=AOvVaw0a2dMCFMHDbWiZBsVFRJYg\">ApS i SC Ambientals i Projectes participatius<\/a>.<\/p>\n<p style=\"font-weight: 400;\">Per a la presentaci\u00f3 de propostes, recomanen seguir els passos seg\u00fcents:<\/p>\n<ol>\n<li style=\"font-weight: 400;\">Consultar el document de <strong>condicions i criteris de selecci\u00f3 de projectes<\/strong>.<\/li>\n<li style=\"font-weight: 400;\">Emplenar la <strong>taula de candidatures<\/strong>. Us recomanem aprofitar l\u2019apartat d\u2019objectius i motivacions per compartir amb nosaltres perqu\u00e8 voleu participar en un dels nostres projectes.<\/li>\n<li style=\"font-weight: 400;\">Enviar la taula a l\u2019adre\u00e7a de correu <a href=\"mailto:assessoria.compartim@amb.cat\">assessoria.compartim@amb.cat <\/a>abans del pr\u00f2xim <strong>6\/07\/22<\/strong>.<\/li>\n<\/ol>\n<p style=\"font-weight: 400;\">Es preveu comunicar el resultat a partir de la primera setmana de juliol. En cas de ser seleccionats, les sessions d\u2019informaci\u00f3 i assessorament es faran durant el primer trimestre del curs 22-23.<\/p>\n<p style=\"font-weight: 400;\">Informen finalment que si un centre educatiu es troba proper a un parc o platja metropolit\u00e0, pot sol\u00b7licitar suport per desenvolupar un projecte participatiu (ApS i servei comunitari), promogut pel Servei de promoci\u00f3 i conservaci\u00f3 de l\u2019Espai P\u00fablic.<\/p>\n<p style=\"font-weight: 400;\">Per a m\u00e9s informaci\u00f3, els centres interessats us podeu adre\u00e7ar a\u00a0<a href=\"mailto:aprenem.parcsplatges@amb.cat\">aprenem.parcsplatges@amb.cat<\/a> o consultar el web <a href=\"https:\/\/www.amb.cat\/web\/territori\/espai-public\/projectes-participatius\" target=\"_blank\" rel=\"noopener\" data-saferedirecturl=\"https:\/\/www.google.com\/url?q=https:\/\/www.amb.cat\/web\/territori\/espai-public\/projectes-participatius&amp;source=gmail&amp;ust=1656743860531000&amp;usg=AOvVaw2qy3YHeInjIL7sZRJlqyon\">https:\/\/www.amb.cat\/web\/territori\/espai-public\/projectes-participatius<\/a><\/p>\n<p><a href=\"https:\/\/serveiseducatius.xtec.cat\/baixllobregat5\/wp-content\/uploads\/usu1180\/2022\/06\/Compartim-un-futur-AMB-.png\"><img loading=\"lazy\" decoding=\"async\" class=\"wp-image-21984 aligncenter\" src=\"https:\/\/serveiseducatius.xtec.cat\/baixllobregat5\/wp-content\/uploads\/usu1180\/2022\/06\/Compartim-un-futur-AMB-.png\" alt=\"\" width=\"709\" height=\"136\" srcset=\"https:\/\/serveiseducatius.xtec.cat\/baixllobregat5\/wp-content\/uploads\/usu1180\/2022\/06\/Compartim-un-futur-AMB-.png 511w, https:\/\/serveiseducatius.xtec.cat\/baixllobregat5\/wp-content\/uploads\/usu1180\/2022\/06\/Compartim-un-futur-AMB--300x58.png 300w\" sizes=\"auto, (max-width: 709px) 100vw, 709px\" \/><\/a><\/p>\n<p>&nbsp;<\/p>\n","protected":false},"excerpt":{"rendered":"<p>&nbsp; &nbsp; Des del\u00a0Compartim un Futur, el Programa Metropolit\u00e0 d\u2019Educaci\u00f3 per la Sostenibilitat de l\u2019\u00c0rea Metropolitana de Barcelona, informen de [&hellip;]<\/p>\n","protected":false},"author":193,"featured_media":21984,"comment_status":"closed","ping_status":"closed","sticky":false,"template":"","format":"standard","meta":{"_bbp_topic_count":0,"_bbp_reply_count":0,"_bbp_total_topic_count":0,"_bbp_total_reply_count":0,"_bbp_voice_count":0,"_bbp_anonymous_reply_count":0,"_bbp_topic_count_hidden":0,"_bbp_reply_count_hidden":0,"_bbp_forum_subforum_count":0,"site-sidebar-layout":"default","site-content-layout":"","ast-site-content-layout":"","site-content-style":"default","site-sidebar-style":"default","ast-global-header-display":"","ast-banner-title-visibility":"","ast-main-header-display":"","ast-hfb-above-header-display":"","ast-hfb-below-header-display":"","ast-hfb-mobile-header-display":"","site-post-title":"","ast-breadcrumbs-content":"","ast-featured-img":"","footer-sml-layout":"","theme-transparent-header-meta":"","adv-header-id-meta":"","stick-header-meta":"","header-above-stick-meta":"","header-main-stick-meta":"","header-below-stick-meta":"","astra-migrate-meta-layouts":"default","ast-page-background-enabled":"default","ast-page-background-meta":{"desktop":{"background-color":"var(--ast-global-color-4)","background-image":"","background-repeat":"repeat","background-position":"center center","background-size":"auto","background-attachment":"scroll","background-type":"","background-media":"","overlay-type":"","overlay-color":"","overlay-opacity":"","overlay-gradient":""},"tablet":{"background-color":"","background-image":"","background-repeat":"repeat","background-position":"center center","background-size":"auto","background-attachment":"scroll","background-type":"","background-media":"","overlay-type":"","overlay-color":"","overlay-opacity":"","overlay-gradient":""},"mobile":{"background-color":"","background-image":"","background-repeat":"repeat","background-position":"center center","background-size":"auto","background-attachment":"scroll","background-type":"","background-media":"","overlay-type":"","overlay-color":"","overlay-opacity":"","overlay-gradient":""}},"ast-content-background-meta":{"desktop":{"background-color":"var(--ast-global-color-5)","background-image":"","background-repeat":"repeat","background-position":"center center","background-size":"auto","background-attachment":"scroll","background-type":"","background-media":"","overlay-type":"","overlay-color":"","overlay-opacity":"","overlay-gradient":""},"tablet":{"background-color":"var(--ast-global-color-5)","background-image":"","background-repeat":"repeat","background-position":"center center","background-size":"auto","background-attachment":"scroll","background-type":"","background-media":"","overlay-type":"","overlay-color":"","overlay-opacity":"","overlay-gradient":""},"mobile":{"background-color":"var(--ast-global-color-5)","background-image":"","background-repeat":"repeat","background-position":"center center","background-size":"auto","background-attachment":"scroll","background-type":"","background-media":"","overlay-type":"","overlay-color":"","overlay-opacity":"","overlay-gradient":""}},"footnotes":""},"categories":[1549,1,535],"tags":[1258,1740,604,544],"class_list":["post-21979","post","type-post","status-publish","format-standard","has-post-thumbnail","hentry","category-difusio","category-general","category-portada","tag-amb","tag-compartim-un-futur","tag-medi-ambient","tag-sostenibilitat"],"post_mailing_queue_ids":[],"_links":{"self":[{"href":"https:\/\/serveiseducatius.xtec.cat\/baixllobregat5\/wp-json\/wp\/v2\/posts\/21979","targetHints":{"allow":["GET"]}}],"collection":[{"href":"https:\/\/serveiseducatius.xtec.cat\/baixllobregat5\/wp-json\/wp\/v2\/posts"}],"about":[{"href":"https:\/\/serveiseducatius.xtec.cat\/baixllobregat5\/wp-json\/wp\/v2\/types\/post"}],"author":[{"embeddable":true,"href":"https:\/\/serveiseducatius.xtec.cat\/baixllobregat5\/wp-json\/wp\/v2\/users\/193"}],"replies":[{"embeddable":true,"href":"https:\/\/serveiseducatius.xtec.cat\/baixllobregat5\/wp-json\/wp\/v2\/comments?post=21979"}],"version-history":[{"count":3,"href":"https:\/\/serveiseducatius.xtec.cat\/baixllobregat5\/wp-json\/wp\/v2\/posts\/21979\/revisions"}],"predecessor-version":[{"id":21999,"href":"https:\/\/serveiseducatius.xtec.cat\/baixllobregat5\/wp-json\/wp\/v2\/posts\/21979\/revisions\/21999"}],"wp:featuredmedia":[{"embeddable":true,"href":"https:\/\/serveiseducatius.xtec.cat\/baixllobregat5\/wp-json\/wp\/v2\/media\/21984"}],"wp:attachment":[{"href":"https:\/\/serveiseducatius.xtec.cat\/baixllobregat5\/wp-json\/wp\/v2\/media?parent=21979"}],"wp:term":[{"taxonomy":"category","embeddable":true,"href":"https:\/\/serveiseducatius.xtec.cat\/baixllobregat5\/wp-json\/wp\/v2\/categories?post=21979"},{"taxonomy":"post_tag","embeddable":true,"href":"https:\/\/serveiseducatius.xtec.cat\/baixllobregat5\/wp-json\/wp\/v2\/tags?post=21979"}],"curies":[{"name":"wp","href":"https:\/\/api.w.org\/{rel}","templated":true}]}}