{"id":21794,"date":"2022-05-31T10:40:15","date_gmt":"2022-05-31T08:40:15","guid":{"rendered":"https:\/\/serveiseducatius.xtec.cat\/baixllobregat5\/?p=21794"},"modified":"2022-05-31T10:40:15","modified_gmt":"2022-05-31T08:40:15","slug":"canal-de-reporters-formacio-per-posar-ho-en-marxa","status":"publish","type":"post","link":"https:\/\/serveiseducatius.xtec.cat\/baixllobregat5\/crp\/canal-de-reporters-formacio-per-posar-ho-en-marxa\/","title":{"rendered":"Canal de reporters (formaci\u00f3 per posar-ho en marxa)"},"content":{"rendered":"<p style=\"text-align: justify;\">El projecte\u00a0<b>Canal de reporters<\/b>\u00a0consiste<a href=\"https:\/\/projectes.xtec.cat\/canaldereporters\/\" target=\"_blank\" rel=\"noopener\">i<\/a>x en la creaci\u00f3 d\u2019una plataforma o canal des del qual els\u00a0<b>alumnes de prim\u00e0ria i secund\u00e0ria<\/b>\u00a0comparteixen amb altres centres i amb la<b>\u00a0comunitat educativa en general<\/b>\u00a0les\u00a0<b>pr\u00f2pies<a href=\"https:\/\/serveiseducatius.xtec.cat\/baixllobregat5\/wp-content\/uploads\/usu1180\/2022\/05\/Reporters.gif\"><img loading=\"lazy\" decoding=\"async\" class=\"alignleft size-medium wp-image-21795\" src=\"https:\/\/serveiseducatius.xtec.cat\/baixllobregat5\/wp-content\/uploads\/usu1180\/2022\/05\/Reporters-300x300.gif\" alt=\"\" width=\"300\" height=\"300\" srcset=\"https:\/\/serveiseducatius.xtec.cat\/baixllobregat5\/wp-content\/uploads\/usu1180\/2022\/05\/Reporters-300x300.gif 300w, https:\/\/serveiseducatius.xtec.cat\/baixllobregat5\/wp-content\/uploads\/usu1180\/2022\/05\/Reporters-150x150.gif 150w\" sizes=\"auto, (max-width: 300px) 100vw, 300px\" \/><\/a> produccions audiovisuals<\/b>\u00a0en\u00a0<b>diferents lleng\u00fces<\/b>\u00a0elaborades des dels seus centres i localitats. Per aproximar els materials del projecte i ajudar a fer una planificaci\u00f3 de la implementaci\u00f3 als centres es dur\u00e0 a terme una\u00a0<strong>activitat formativa<\/strong>\u00a0entre l\u2019<strong>11 i el 15 de juliol<\/strong>. La formaci\u00f3 ser\u00e0 virtual i s\u00edncrona i estar\u00e0 adre\u00e7ada a docents de totes les etapes educatives interessats a dur a terme el projecte al seu centre. La proposta t\u00e9 un car\u00e0cter coral i es recomana la participaci\u00f3 de m\u00e9s d\u2019un docent del mateix centre.\u00a0<a href=\"https:\/\/docs.google.com\/forms\/d\/e\/1FAIpQLSfM8TnvJQeltOrW00RnMR4j_tXBPWYqYyN5MtC1BXD_Egrr1A\/viewform\" target=\"_blank\" rel=\"noopener\">INSCRIPCI\u00d3<\/a> (fins el 15 de juny).<\/p>\n<p>Les cinc sessions, de quatre hores cadascuna, estaran dividides en dues franges (<a href=\"https:\/\/drive.google.com\/file\/d\/1lQtY7DoP8wJ58-sDvhP49Fzqb4uah9FV\/view?usp=sharing\">vegeu document adjunt<\/a>):<\/p>\n<ul>\n<li>Una primera franja on s\u2019abordaran els aspectes te\u00f2rics i d\u2019implementaci\u00f3 a l\u2019aula<\/li>\n<li>I una segona, on es treballaran aspectes t\u00e8cnics dels elements tecnol\u00f2gics necessaris per a poder desplegar el projecte.<\/li>\n<\/ul>\n<p>El curs tindr\u00e0 una durada de 30 hores: 20 hores s\u00edncrones i 10 hores d\u2019altres requisits.\u00a0<strong>No calen coneixements previs<\/strong>.<\/p>\n<p>&nbsp;<\/p>\n","protected":false},"excerpt":{"rendered":"<p>El projecte\u00a0Canal de reporters\u00a0consisteix en la creaci\u00f3 d\u2019una plataforma o canal des del qual els\u00a0alumnes de prim\u00e0ria i secund\u00e0ria\u00a0comparteixen amb [&hellip;]<\/p>\n","protected":false},"author":1,"featured_media":21795,"comment_status":"closed","ping_status":"closed","sticky":false,"template":"","format":"standard","meta":{"_bbp_topic_count":0,"_bbp_reply_count":0,"_bbp_total_topic_count":0,"_bbp_total_reply_count":0,"_bbp_voice_count":0,"_bbp_anonymous_reply_count":0,"_bbp_topic_count_hidden":0,"_bbp_reply_count_hidden":0,"_bbp_forum_subforum_count":0,"site-sidebar-layout":"default","site-content-layout":"","ast-site-content-layout":"","site-content-style":"default","site-sidebar-style":"default","ast-global-header-display":"","ast-banner-title-visibility":"","ast-main-header-display":"","ast-hfb-above-header-display":"","ast-hfb-below-header-display":"","ast-hfb-mobile-header-display":"","site-post-title":"","ast-breadcrumbs-content":"","ast-featured-img":"","footer-sml-layout":"","theme-transparent-header-meta":"","adv-header-id-meta":"","stick-header-meta":"","header-above-stick-meta":"","header-main-stick-meta":"","header-below-stick-meta":"","astra-migrate-meta-layouts":"default","ast-page-background-enabled":"default","ast-page-background-meta":{"desktop":{"background-color":"var(--ast-global-color-4)","background-image":"","background-repeat":"repeat","background-position":"center center","background-size":"auto","background-attachment":"scroll","background-type":"","background-media":"","overlay-type":"","overlay-color":"","overlay-opacity":"","overlay-gradient":""},"tablet":{"background-color":"","background-image":"","background-repeat":"repeat","background-position":"center center","background-size":"auto","background-attachment":"scroll","background-type":"","background-media":"","overlay-type":"","overlay-color":"","overlay-opacity":"","overlay-gradient":""},"mobile":{"background-color":"","background-image":"","background-repeat":"repeat","background-position":"center center","background-size":"auto","background-attachment":"scroll","background-type":"","background-media":"","overlay-type":"","overlay-color":"","overlay-opacity":"","overlay-gradient":""}},"ast-content-background-meta":{"desktop":{"background-color":"var(--ast-global-color-5)","background-image":"","background-repeat":"repeat","background-position":"center center","background-size":"auto","background-attachment":"scroll","background-type":"","background-media":"","overlay-type":"","overlay-color":"","overlay-opacity":"","overlay-gradient":""},"tablet":{"background-color":"var(--ast-global-color-5)","background-image":"","background-repeat":"repeat","background-position":"center center","background-size":"auto","background-attachment":"scroll","background-type":"","background-media":"","overlay-type":"","overlay-color":"","overlay-opacity":"","overlay-gradient":""},"mobile":{"background-color":"var(--ast-global-color-5)","background-image":"","background-repeat":"repeat","background-position":"center center","background-size":"auto","background-attachment":"scroll","background-type":"","background-media":"","overlay-type":"","overlay-color":"","overlay-opacity":"","overlay-gradient":""}},"footnotes":""},"categories":[65,535],"tags":[1734,108,1532],"class_list":["post-21794","post","type-post","status-publish","format-standard","has-post-thumbnail","hentry","category-crp","category-portada","tag-canal-reporters","tag-radio","tag-xarxes"],"post_mailing_queue_ids":[],"_links":{"self":[{"href":"https:\/\/serveiseducatius.xtec.cat\/baixllobregat5\/wp-json\/wp\/v2\/posts\/21794","targetHints":{"allow":["GET"]}}],"collection":[{"href":"https:\/\/serveiseducatius.xtec.cat\/baixllobregat5\/wp-json\/wp\/v2\/posts"}],"about":[{"href":"https:\/\/serveiseducatius.xtec.cat\/baixllobregat5\/wp-json\/wp\/v2\/types\/post"}],"author":[{"embeddable":true,"href":"https:\/\/serveiseducatius.xtec.cat\/baixllobregat5\/wp-json\/wp\/v2\/users\/1"}],"replies":[{"embeddable":true,"href":"https:\/\/serveiseducatius.xtec.cat\/baixllobregat5\/wp-json\/wp\/v2\/comments?post=21794"}],"version-history":[{"count":1,"href":"https:\/\/serveiseducatius.xtec.cat\/baixllobregat5\/wp-json\/wp\/v2\/posts\/21794\/revisions"}],"predecessor-version":[{"id":21796,"href":"https:\/\/serveiseducatius.xtec.cat\/baixllobregat5\/wp-json\/wp\/v2\/posts\/21794\/revisions\/21796"}],"wp:featuredmedia":[{"embeddable":true,"href":"https:\/\/serveiseducatius.xtec.cat\/baixllobregat5\/wp-json\/wp\/v2\/media\/21795"}],"wp:attachment":[{"href":"https:\/\/serveiseducatius.xtec.cat\/baixllobregat5\/wp-json\/wp\/v2\/media?parent=21794"}],"wp:term":[{"taxonomy":"category","embeddable":true,"href":"https:\/\/serveiseducatius.xtec.cat\/baixllobregat5\/wp-json\/wp\/v2\/categories?post=21794"},{"taxonomy":"post_tag","embeddable":true,"href":"https:\/\/serveiseducatius.xtec.cat\/baixllobregat5\/wp-json\/wp\/v2\/tags?post=21794"}],"curies":[{"name":"wp","href":"https:\/\/api.w.org\/{rel}","templated":true}]}}