{"id":21479,"date":"2022-04-20T08:30:14","date_gmt":"2022-04-20T06:30:14","guid":{"rendered":"https:\/\/serveiseducatius.xtec.cat\/baixllobregat5\/?p=21479"},"modified":"2022-04-20T01:59:09","modified_gmt":"2022-04-19T23:59:09","slug":"formacio-capsules-formatives-i-itineraris-de-cultura-digital","status":"publish","type":"post","link":"https:\/\/serveiseducatius.xtec.cat\/baixllobregat5\/general\/formacio-capsules-formatives-i-itineraris-de-cultura-digital\/","title":{"rendered":"Formaci\u00f3: Capsules formatives i itineraris de Cultura Digital"},"content":{"rendered":"<p><span class=\"css-901oao css-16my406 r-poiln3 r-bcqeeo r-qvutc0\">L\u2019\u00c0rea de Cultura Digital ha publicat la formaci\u00f3 telem\u00e0tica del tercer torn.\u00a0<\/span><span class=\"css-901oao css-16my406 r-poiln3 r-bcqeeo r-qvutc0\">\u00a0L\u2019oferta inclou 19 activitats\u00a0 que\u00a0<\/span>poden ser de 5 hores (Nanokudis), de 10 hores (Kudis), que es corresponen a formaci\u00f3 de nivell b\u00e0sic de compet\u00e8ncia digital docent, o de 15 hores (Macrokudis). Les c\u00e0psules es poden realitzar en format itinerari i certificar 25\u202fh o 30\u202fh.<\/p>\n<p>Per inscriure\u2019s a les c\u00e0psules cal accedir a Odissea en\u00a0<a href=\"https:\/\/odissea.xtec.cat\/course\/index.php?categoryid=11362&amp;_ga=2.83535382.1645561774.1650348799-728929667.1639556198\">aquest vincle.<\/a><\/p>\n<p><span class=\"css-901oao css-16my406 r-poiln3 r-bcqeeo r-qvutc0\"><a href=\"http:\/\/xtec.gencat.cat\/ca\/formacio\/formaciogeneralprofessorat\/cultura-digital\/planificacio-oferta-formativa-modalitats\/capsules-formatives-i-itineraris\/\"><img loading=\"lazy\" decoding=\"async\" class=\"alignnone wp-image-9632\" src=\"https:\/\/serveiseducatius.xtec.cat\/alturgell\/wp-content\/uploads\/usu770\/2019\/04\/flecha.gif\" alt=\"\" width=\"17\" height=\"19\" \/>\u00a0<strong>M\u00e9s informaci\u00f3 i inscripcions<\/strong><\/a><\/span><\/p>\n<p>&nbsp;<\/p>\n<p><a href=\"https:\/\/odissea.xtec.cat\/course\/index.php?categoryid=11362&amp;_ga=2.83535382.1645561774.1650348799-728929667.1639556198\"><img loading=\"lazy\" decoding=\"async\" class=\"alignnone wp-image-13862 \" src=\"https:\/\/serveiseducatius.xtec.cat\/alturgell\/wp-content\/uploads\/usu770\/2022\/04\/19-4-2022-16.4.29-1.jpg\" sizes=\"auto, (max-width: 969px) 100vw, 969px\" srcset=\"https:\/\/serveiseducatius.xtec.cat\/alturgell\/wp-content\/uploads\/usu770\/2022\/04\/19-4-2022-16.4.29-1.jpg 1130w, https:\/\/serveiseducatius.xtec.cat\/alturgell\/wp-content\/uploads\/usu770\/2022\/04\/19-4-2022-16.4.29-1-300x147.jpg 300w, https:\/\/serveiseducatius.xtec.cat\/alturgell\/wp-content\/uploads\/usu770\/2022\/04\/19-4-2022-16.4.29-1-1024x502.jpg 1024w, https:\/\/serveiseducatius.xtec.cat\/alturgell\/wp-content\/uploads\/usu770\/2022\/04\/19-4-2022-16.4.29-1-768x377.jpg 768w\" alt=\"\" width=\"969\" height=\"475\" \/><\/a><\/p>\n<div class=\"addtoany_share_save_container addtoany_content addtoany_content_bottom\">\n<div class=\"a2a_kit a2a_kit_size_25 addtoany_list\" data-a2a-url=\"https:\/\/serveiseducatius.xtec.cat\/alturgell\/portada\/cultura-digital-capsules-formatives-i-itineraris\/\" data-a2a-title=\"Cultura digital: C\u00e0psules formatives i itineraris\"><\/div>\n<\/div>\n","protected":false},"excerpt":{"rendered":"<p>L\u2019\u00c0rea de Cultura Digital ha publicat la formaci\u00f3 telem\u00e0tica del tercer torn.\u00a0\u00a0L\u2019oferta inclou 19 activitats\u00a0 que\u00a0poden ser de 5 hores [&hellip;]<\/p>\n","protected":false},"author":1,"featured_media":21480,"comment_status":"closed","ping_status":"closed","sticky":false,"template":"","format":"standard","meta":{"_bbp_topic_count":0,"_bbp_reply_count":0,"_bbp_total_topic_count":0,"_bbp_total_reply_count":0,"_bbp_voice_count":0,"_bbp_anonymous_reply_count":0,"_bbp_topic_count_hidden":0,"_bbp_reply_count_hidden":0,"_bbp_forum_subforum_count":0,"site-sidebar-layout":"default","site-content-layout":"","ast-site-content-layout":"","site-content-style":"default","site-sidebar-style":"default","ast-global-header-display":"","ast-banner-title-visibility":"","ast-main-header-display":"","ast-hfb-above-header-display":"","ast-hfb-below-header-display":"","ast-hfb-mobile-header-display":"","site-post-title":"","ast-breadcrumbs-content":"","ast-featured-img":"","footer-sml-layout":"","theme-transparent-header-meta":"","adv-header-id-meta":"","stick-header-meta":"","header-above-stick-meta":"","header-main-stick-meta":"","header-below-stick-meta":"","astra-migrate-meta-layouts":"default","ast-page-background-enabled":"default","ast-page-background-meta":{"desktop":{"background-color":"var(--ast-global-color-4)","background-image":"","background-repeat":"repeat","background-position":"center center","background-size":"auto","background-attachment":"scroll","background-type":"","background-media":"","overlay-type":"","overlay-color":"","overlay-opacity":"","overlay-gradient":""},"tablet":{"background-color":"","background-image":"","background-repeat":"repeat","background-position":"center center","background-size":"auto","background-attachment":"scroll","background-type":"","background-media":"","overlay-type":"","overlay-color":"","overlay-opacity":"","overlay-gradient":""},"mobile":{"background-color":"","background-image":"","background-repeat":"repeat","background-position":"center center","background-size":"auto","background-attachment":"scroll","background-type":"","background-media":"","overlay-type":"","overlay-color":"","overlay-opacity":"","overlay-gradient":""}},"ast-content-background-meta":{"desktop":{"background-color":"var(--ast-global-color-5)","background-image":"","background-repeat":"repeat","background-position":"center center","background-size":"auto","background-attachment":"scroll","background-type":"","background-media":"","overlay-type":"","overlay-color":"","overlay-opacity":"","overlay-gradient":""},"tablet":{"background-color":"var(--ast-global-color-5)","background-image":"","background-repeat":"repeat","background-position":"center center","background-size":"auto","background-attachment":"scroll","background-type":"","background-media":"","overlay-type":"","overlay-color":"","overlay-opacity":"","overlay-gradient":""},"mobile":{"background-color":"var(--ast-global-color-5)","background-image":"","background-repeat":"repeat","background-position":"center center","background-size":"auto","background-attachment":"scroll","background-type":"","background-media":"","overlay-type":"","overlay-color":"","overlay-opacity":"","overlay-gradient":""}},"footnotes":""},"categories":[65,916,154,1,535],"tags":[1445,1441,306,1432,1515,1127],"class_list":["post-21479","post","type-post","status-publish","format-standard","has-post-thumbnail","hentry","category-crp","category-tac-formacio","category-formacio","category-general","category-portada","tag-capsules-formatives","tag-competencia-digital-docent","tag-crp","tag-cultura-digital","tag-curs-21-22","tag-portada"],"post_mailing_queue_ids":[],"_links":{"self":[{"href":"https:\/\/serveiseducatius.xtec.cat\/baixllobregat5\/wp-json\/wp\/v2\/posts\/21479","targetHints":{"allow":["GET"]}}],"collection":[{"href":"https:\/\/serveiseducatius.xtec.cat\/baixllobregat5\/wp-json\/wp\/v2\/posts"}],"about":[{"href":"https:\/\/serveiseducatius.xtec.cat\/baixllobregat5\/wp-json\/wp\/v2\/types\/post"}],"author":[{"embeddable":true,"href":"https:\/\/serveiseducatius.xtec.cat\/baixllobregat5\/wp-json\/wp\/v2\/users\/1"}],"replies":[{"embeddable":true,"href":"https:\/\/serveiseducatius.xtec.cat\/baixllobregat5\/wp-json\/wp\/v2\/comments?post=21479"}],"version-history":[{"count":1,"href":"https:\/\/serveiseducatius.xtec.cat\/baixllobregat5\/wp-json\/wp\/v2\/posts\/21479\/revisions"}],"predecessor-version":[{"id":21481,"href":"https:\/\/serveiseducatius.xtec.cat\/baixllobregat5\/wp-json\/wp\/v2\/posts\/21479\/revisions\/21481"}],"wp:featuredmedia":[{"embeddable":true,"href":"https:\/\/serveiseducatius.xtec.cat\/baixllobregat5\/wp-json\/wp\/v2\/media\/21480"}],"wp:attachment":[{"href":"https:\/\/serveiseducatius.xtec.cat\/baixllobregat5\/wp-json\/wp\/v2\/media?parent=21479"}],"wp:term":[{"taxonomy":"category","embeddable":true,"href":"https:\/\/serveiseducatius.xtec.cat\/baixllobregat5\/wp-json\/wp\/v2\/categories?post=21479"},{"taxonomy":"post_tag","embeddable":true,"href":"https:\/\/serveiseducatius.xtec.cat\/baixllobregat5\/wp-json\/wp\/v2\/tags?post=21479"}],"curies":[{"name":"wp","href":"https:\/\/api.w.org\/{rel}","templated":true}]}}