{"id":21359,"date":"2022-03-28T22:42:47","date_gmt":"2022-03-28T20:42:47","guid":{"rendered":"https:\/\/serveiseducatius.xtec.cat\/baixllobregat5\/?p=21359"},"modified":"2022-03-28T22:42:47","modified_gmt":"2022-03-28T20:42:47","slug":"xiv-jornada-de-programacio-i-robotica-educatives-jpre22-inscripcions-per-a-talleristes-ponents-i-fira-dalumnes-fins-al-21-dabril","status":"publish","type":"post","link":"https:\/\/serveiseducatius.xtec.cat\/baixllobregat5\/general\/xiv-jornada-de-programacio-i-robotica-educatives-jpre22-inscripcions-per-a-talleristes-ponents-i-fira-dalumnes-fins-al-21-dabril\/","title":{"rendered":"XIV Jornada de Programaci\u00f3 i Rob\u00f2tica Educatives (#JPRE22): inscripcions per a talleristes, ponents i fira d&#8217;alumnes fins al 21 d&#8217;abril"},"content":{"rendered":"<p>&nbsp;<\/p>\n<p><a href=\"https:\/\/serveiseducatius.xtec.cat\/baixllobregat5\/wp-content\/uploads\/usu1180\/2022\/03\/JPRE-2022.png\"><img loading=\"lazy\" decoding=\"async\" class=\"wp-image-21369 aligncenter\" src=\"https:\/\/serveiseducatius.xtec.cat\/baixllobregat5\/wp-content\/uploads\/usu1180\/2022\/03\/JPRE-2022-1024x576.png\" alt=\"\" width=\"599\" height=\"337\" srcset=\"https:\/\/serveiseducatius.xtec.cat\/baixllobregat5\/wp-content\/uploads\/usu1180\/2022\/03\/JPRE-2022-1024x576.png 1024w, https:\/\/serveiseducatius.xtec.cat\/baixllobregat5\/wp-content\/uploads\/usu1180\/2022\/03\/JPRE-2022-300x169.png 300w, https:\/\/serveiseducatius.xtec.cat\/baixllobregat5\/wp-content\/uploads\/usu1180\/2022\/03\/JPRE-2022-768x432.png 768w, https:\/\/serveiseducatius.xtec.cat\/baixllobregat5\/wp-content\/uploads\/usu1180\/2022\/03\/JPRE-2022.png 1200w\" sizes=\"auto, (max-width: 599px) 100vw, 599px\" \/><\/a><\/p>\n<p>S&#8217;obre el per\u00edode d&#8217;inscripci\u00f3 per a la participaci\u00f3 en la <a href=\"https:\/\/www.cloudhq-mkt17.us\/mail_track\/link\/d4445cd6f29c1ca1ab_1647959121000?uid=2212868&amp;url=https%3A%2F%2Fblocs.xtec.cat%2Fjornadaprograma%2F\" target=\"_blank\" rel=\"noopener\" data-saferedirecturl=\"https:\/\/www.google.com\/url?q=https:\/\/www.cloudhq-mkt17.us\/mail_track\/link\/d4445cd6f29c1ca1ab_1647959121000?uid%3D2212868%26url%3Dhttps%253A%252F%252Fblocs.xtec.cat%252Fjornadaprograma%252F&amp;source=gmail&amp;ust=1648501458369000&amp;usg=AOvVaw2O01Zxk_c8-MAr2GvzWTiX\">XIV Jornada de Programaci\u00f3 i Rob\u00f2tica Educatives (#JPRE22) <\/a>que es portar\u00e0 a terme al Citilab de Cornell\u00e0 el <b>dissabte 21 de maig de 2022<\/b>. L&#8217;horari d&#8217;aquesta jornada ser\u00e0 de <strong>9 h<\/strong> a <strong>17:30 h <\/strong>amb una pausa per dinar. Enguany tornar\u00e0 a ser una edici\u00f3 presencial, en horari de mat\u00ed i tarda, on els i les assistents podran accedir a les pon\u00e8ncies, els tallers i la fira d&#8217;alumnes.<\/p>\n<p>La trobada s&#8217;adre\u00e7a especialment als i les docents de prim\u00e0ria i de secund\u00e0ria interessats en l&#8217;\u00fas de la programaci\u00f3 i la rob\u00f2tica en els seus entorns d\u2019aula, sent igualment oberta a altres professionals interessats en la tem\u00e0tica. Tamb\u00e9 hi participen alumnes, acompanyats pels seus professors\/es, en la mostra de treballs realitzats per l\u2019alumnat.<\/p>\n<p>&nbsp;<\/p>\n<table style=\"border-collapse: collapse; width: 100%; height: 354px;\">\n<tbody>\n<tr style=\"height: 65px;\">\n<td style=\"width: 33.3333%; background-color: #a6f7bb; border-color: #1d045c; text-align: center; height: 65px;\" colspan=\"3\">\n<h3><strong>Modalitats de participaci\u00f3<\/strong><\/h3>\n<\/td>\n<\/tr>\n<tr style=\"height: 59px;\">\n<td style=\"width: 33.3333%; text-align: center; height: 59px;\">\n<h4><strong>Fira de projectes<\/strong><\/h4>\n<\/td>\n<td style=\"width: 33.3333%; text-align: center; height: 59px;\">\n<h4><strong>Pon\u00e8ncia<\/strong><\/h4>\n<\/td>\n<td style=\"width: 33.3333%; text-align: center; height: 59px;\">\n<h4><strong>Tallers de formaci\u00f3<\/strong><\/h4>\n<\/td>\n<\/tr>\n<tr style=\"height: 230px;\">\n<td style=\"width: 33.3333%; height: 230px;\">\n<p style=\"text-align: center;\">La fira de treballs realitzats per l&#8217;alumnat, en format v\u00eddeo, pot consistir a presentar alguna aplicaci\u00f3, algun giny f\u00edsic programat, alguna activitat, etc. Aquests quedaran exposats en una p\u00e0gina permanent al blog de la jornada.<\/p>\n<\/td>\n<td style=\"width: 33.3333%; height: 230px;\">\n<p style=\"text-align: center;\">La pon\u00e8ncia d&#8217;una experi\u00e8ncia educativa pot ser de forma individual o col\u00b7lectiva. Es podran fer des del Citilab o en l\u00ednia.<\/p>\n<p style=\"text-align: center;\">El temps total ser\u00e0 de 15 minuts (10 min. de pon\u00e8ncia + 5 min. de preguntes).<\/p>\n<\/td>\n<td style=\"width: 33.3333%; height: 230px;\">\n<p style=\"text-align: center;\">Es faran a la darrera franja de la jornada implicant la participaci\u00f3 activa dels participants.<\/p>\n<p style=\"text-align: center;\">La durada prevista dels tallers ha de ser de 30 a 45 min. aproximadament.<\/p>\n<\/td>\n<\/tr>\n<\/tbody>\n<\/table>\n<p>&nbsp;<\/p>\n<table style=\"border-collapse: collapse; width: 100%; height: 354px;\">\n<tbody>\n<tr style=\"height: 65px;\">\n<td style=\"width: 33.3333%; background-color: #a6f7f3; border-color: #1d045c; height: 65px; text-align: center;\" colspan=\"3\">\n<h3><strong>Tallers de formaci\u00f3<\/strong><\/h3>\n<\/td>\n<\/tr>\n<tr style=\"height: 59px;\">\n<td style=\"width: 33.3333%; text-align: center; height: 59px;\">\n<h4><strong>Taller presencial<\/strong><\/h4>\n<\/td>\n<td style=\"width: 33.3333%; text-align: center; height: 59px;\">\n<h4><strong>Tallers virtuals<\/strong><\/h4>\n<\/td>\n<td style=\"width: 33.3333%; text-align: center; height: 59px;\">\n<h4><strong>Tallers h\u00edbrids<\/strong><\/h4>\n<\/td>\n<\/tr>\n<tr style=\"height: 230px;\">\n<td style=\"width: 33.3333%; height: 230px;\">\n<p style=\"text-align: center;\">Es portaran a terme al Citilab en horari de tarda amb un grup redu\u00eft d\u2019assistents.<\/p>\n<p style=\"text-align: center;\">Es poden plantejar activitats que impliquin la utilitzaci\u00f3 de maquinari o altres materials.<\/p>\n<\/td>\n<td style=\"width: 33.3333%; height: 230px;\">\n<p style=\"text-align: center;\">Totalment en l\u00ednia, on el tallerista es connectar\u00e0 per videotrucada i dur\u00e0 a terme virtualment el seu taller.<\/p>\n<p style=\"text-align: center;\">Pot ser necessari que els participants hagin de disposar de certs materials per poder seguir aquests tallers.<\/p>\n<\/td>\n<td style=\"width: 33.3333%; height: 230px;\">\n<p style=\"text-align: center;\">Alguns participants podran realitzar els tallers de forma presencial o virtual.<\/p>\n<p style=\"text-align: center;\">El tallerista far\u00e0 en directe el seu taller al Citilab i es retransmetr\u00e0 per tal que es pugui seguir en internet.<\/p>\n<\/td>\n<\/tr>\n<\/tbody>\n<\/table>\n<p>&nbsp;<\/p>\n<p><a href=\"https:\/\/serveiseducatius.xtec.cat\/baixllobregat5\/wp-content\/uploads\/usu1180\/2022\/03\/JPRE-2022-Fira-alumnes.jpg\"><img loading=\"lazy\" decoding=\"async\" class=\"wp-image-21389 alignright\" src=\"https:\/\/serveiseducatius.xtec.cat\/baixllobregat5\/wp-content\/uploads\/usu1180\/2022\/03\/JPRE-2022-Fira-alumnes-1024x684.jpg\" alt=\"\" width=\"329\" height=\"220\" srcset=\"https:\/\/serveiseducatius.xtec.cat\/baixllobregat5\/wp-content\/uploads\/usu1180\/2022\/03\/JPRE-2022-Fira-alumnes-1024x684.jpg 1024w, https:\/\/serveiseducatius.xtec.cat\/baixllobregat5\/wp-content\/uploads\/usu1180\/2022\/03\/JPRE-2022-Fira-alumnes-300x200.jpg 300w, https:\/\/serveiseducatius.xtec.cat\/baixllobregat5\/wp-content\/uploads\/usu1180\/2022\/03\/JPRE-2022-Fira-alumnes-768x513.jpg 768w, https:\/\/serveiseducatius.xtec.cat\/baixllobregat5\/wp-content\/uploads\/usu1180\/2022\/03\/JPRE-2022-Fira-alumnes.jpg 1200w\" sizes=\"auto, (max-width: 329px) 100vw, 329px\" \/><\/a><\/p>\n<p>&nbsp;<\/p>\n<p>Us animem a presentar les vostres <strong>propostes<\/strong> per a <strong>pon\u00e8ncies<\/strong>, <strong>fira d&#8217;alumnat<\/strong> o <strong>tallers<\/strong> emplenant el seg\u00fcent <a href=\"https:\/\/docs.google.com\/forms\/d\/e\/1FAIpQLSd3OcXjKKN_qx1_iZwUPXs4tN3aTQQb8OzG3aGn4s1J9683tQ\/viewform\" target=\"_blank\" rel=\"noopener\">formulari d&#8217;inscripci\u00f3<\/a> <span style=\"text-decoration: underline;\">abans del 21 d\u2019abril<\/span> a les <span style=\"text-decoration: underline;\">24 h<\/span>. Per participar en m\u00e9s d&#8217;un apartat caldr\u00e0 omplir-lo tantes vegades com propostes de participaci\u00f3 es vulguin fer. Aquest \u00e9s el termini per a talleristes, ponents o participants en la fira d\u2019alumnes, la <strong>inscripci\u00f3<\/strong> per al <strong>p\u00fablic en general<\/strong> que vulgui assistir <strong>s&#8217;obrir\u00e0 durant el mes de maig<\/strong>.<\/p>\n<p>Contacte: <a href=\"https:\/\/www.cloudhq-mkt17.us\/mail_track\/link\/d4445cd6f29c1ca1ab_1647959121000?uid=2212868&amp;url=mailto%3A%20programacioirobotica%40xtec.cat\" target=\"_blank\" rel=\"noopener\" data-saferedirecturl=\"https:\/\/www.google.com\/url?q=https:\/\/www.cloudhq-mkt17.us\/mail_track\/link\/d4445cd6f29c1ca1ab_1647959121000?uid%3D2212868%26url%3Dmailto%253A%2520programacioirobotica%2540xtec.cat&amp;source=gmail&amp;ust=1648501458370000&amp;usg=AOvVaw0H1S9ZLbxb0sklmnaq3cyk\">programacioirobotica@xtec.cat<\/a><\/p>\n<p>&nbsp;<\/p>\n","protected":false},"excerpt":{"rendered":"<p>&nbsp; S&#8217;obre el per\u00edode d&#8217;inscripci\u00f3 per a la participaci\u00f3 en la XIV Jornada de Programaci\u00f3 i Rob\u00f2tica Educatives (#JPRE22) que [&hellip;]<\/p>\n","protected":false},"author":193,"featured_media":21369,"comment_status":"closed","ping_status":"closed","sticky":false,"template":"","format":"standard","meta":{"_bbp_topic_count":0,"_bbp_reply_count":0,"_bbp_total_topic_count":0,"_bbp_total_reply_count":0,"_bbp_voice_count":0,"_bbp_anonymous_reply_count":0,"_bbp_topic_count_hidden":0,"_bbp_reply_count_hidden":0,"_bbp_forum_subforum_count":0,"site-sidebar-layout":"default","site-content-layout":"","ast-site-content-layout":"","site-content-style":"default","site-sidebar-style":"default","ast-global-header-display":"","ast-banner-title-visibility":"","ast-main-header-display":"","ast-hfb-above-header-display":"","ast-hfb-below-header-display":"","ast-hfb-mobile-header-display":"","site-post-title":"","ast-breadcrumbs-content":"","ast-featured-img":"","footer-sml-layout":"","theme-transparent-header-meta":"","adv-header-id-meta":"","stick-header-meta":"","header-above-stick-meta":"","header-main-stick-meta":"","header-below-stick-meta":"","astra-migrate-meta-layouts":"default","ast-page-background-enabled":"default","ast-page-background-meta":{"desktop":{"background-color":"var(--ast-global-color-4)","background-image":"","background-repeat":"repeat","background-position":"center center","background-size":"auto","background-attachment":"scroll","background-type":"","background-media":"","overlay-type":"","overlay-color":"","overlay-opacity":"","overlay-gradient":""},"tablet":{"background-color":"","background-image":"","background-repeat":"repeat","background-position":"center center","background-size":"auto","background-attachment":"scroll","background-type":"","background-media":"","overlay-type":"","overlay-color":"","overlay-opacity":"","overlay-gradient":""},"mobile":{"background-color":"","background-image":"","background-repeat":"repeat","background-position":"center center","background-size":"auto","background-attachment":"scroll","background-type":"","background-media":"","overlay-type":"","overlay-color":"","overlay-opacity":"","overlay-gradient":""}},"ast-content-background-meta":{"desktop":{"background-color":"var(--ast-global-color-5)","background-image":"","background-repeat":"repeat","background-position":"center center","background-size":"auto","background-attachment":"scroll","background-type":"","background-media":"","overlay-type":"","overlay-color":"","overlay-opacity":"","overlay-gradient":""},"tablet":{"background-color":"var(--ast-global-color-5)","background-image":"","background-repeat":"repeat","background-position":"center center","background-size":"auto","background-attachment":"scroll","background-type":"","background-media":"","overlay-type":"","overlay-color":"","overlay-opacity":"","overlay-gradient":""},"mobile":{"background-color":"var(--ast-global-color-5)","background-image":"","background-repeat":"repeat","background-position":"center center","background-size":"auto","background-attachment":"scroll","background-type":"","background-media":"","overlay-type":"","overlay-color":"","overlay-opacity":"","overlay-gradient":""}},"footnotes":""},"categories":[1549,1,505,535],"tags":[1110,1432,1547,355,831,109],"class_list":["post-21359","post","type-post","status-publish","format-standard","has-post-thumbnail","hentry","category-difusio","category-general","category-innovacio","category-portada","tag-citilab","tag-cultura-digital","tag-curs-2021-2022","tag-jornades","tag-programacio","tag-robotica"],"post_mailing_queue_ids":[],"_links":{"self":[{"href":"https:\/\/serveiseducatius.xtec.cat\/baixllobregat5\/wp-json\/wp\/v2\/posts\/21359","targetHints":{"allow":["GET"]}}],"collection":[{"href":"https:\/\/serveiseducatius.xtec.cat\/baixllobregat5\/wp-json\/wp\/v2\/posts"}],"about":[{"href":"https:\/\/serveiseducatius.xtec.cat\/baixllobregat5\/wp-json\/wp\/v2\/types\/post"}],"author":[{"embeddable":true,"href":"https:\/\/serveiseducatius.xtec.cat\/baixllobregat5\/wp-json\/wp\/v2\/users\/193"}],"replies":[{"embeddable":true,"href":"https:\/\/serveiseducatius.xtec.cat\/baixllobregat5\/wp-json\/wp\/v2\/comments?post=21359"}],"version-history":[{"count":3,"href":"https:\/\/serveiseducatius.xtec.cat\/baixllobregat5\/wp-json\/wp\/v2\/posts\/21359\/revisions"}],"predecessor-version":[{"id":21391,"href":"https:\/\/serveiseducatius.xtec.cat\/baixllobregat5\/wp-json\/wp\/v2\/posts\/21359\/revisions\/21391"}],"wp:featuredmedia":[{"embeddable":true,"href":"https:\/\/serveiseducatius.xtec.cat\/baixllobregat5\/wp-json\/wp\/v2\/media\/21369"}],"wp:attachment":[{"href":"https:\/\/serveiseducatius.xtec.cat\/baixllobregat5\/wp-json\/wp\/v2\/media?parent=21359"}],"wp:term":[{"taxonomy":"category","embeddable":true,"href":"https:\/\/serveiseducatius.xtec.cat\/baixllobregat5\/wp-json\/wp\/v2\/categories?post=21359"},{"taxonomy":"post_tag","embeddable":true,"href":"https:\/\/serveiseducatius.xtec.cat\/baixllobregat5\/wp-json\/wp\/v2\/tags?post=21359"}],"curies":[{"name":"wp","href":"https:\/\/api.w.org\/{rel}","templated":true}]}}