{"id":20609,"date":"2022-01-17T00:09:37","date_gmt":"2022-01-16T23:09:37","guid":{"rendered":"https:\/\/serveiseducatius.xtec.cat\/baixllobregat5\/?p=20609"},"modified":"2022-01-17T00:09:37","modified_gmt":"2022-01-16T23:09:37","slug":"17a-edicio-del-concurs-per-la-vida-lliure-de-violencia-masclista-aturem-els-matxitrolls-i-el-masclisme-digital","status":"publish","type":"post","link":"https:\/\/serveiseducatius.xtec.cat\/baixllobregat5\/general\/17a-edicio-del-concurs-per-la-vida-lliure-de-violencia-masclista-aturem-els-matxitrolls-i-el-masclisme-digital\/","title":{"rendered":"17a edici\u00f3 del &#8220;Concurs per la vida lliure de Viol\u00e8ncia Masclista: aturem els matxi(troll)s i el masclisme digital&#8221;"},"content":{"rendered":"<p>&nbsp;<\/p>\n<p style=\"font-weight: 400;\"><img loading=\"lazy\" decoding=\"async\" class=\" wp-image-20614 alignleft\" src=\"https:\/\/serveiseducatius.xtec.cat\/baixllobregat5\/wp-content\/uploads\/usu1180\/2022\/01\/XVII-concurs.jpg\" alt=\"\" width=\"311\" height=\"310\" srcset=\"https:\/\/serveiseducatius.xtec.cat\/baixllobregat5\/wp-content\/uploads\/usu1180\/2022\/01\/XVII-concurs.jpg 451w, https:\/\/serveiseducatius.xtec.cat\/baixllobregat5\/wp-content\/uploads\/usu1180\/2022\/01\/XVII-concurs-300x300.jpg 300w, https:\/\/serveiseducatius.xtec.cat\/baixllobregat5\/wp-content\/uploads\/usu1180\/2022\/01\/XVII-concurs-150x150.jpg 150w\" sizes=\"auto, (max-width: 311px) 100vw, 311px\" \/> Aquest \u00e9s el lema de l&#8217;edici\u00f3 d&#8217;enguany d&#8217;un concurs que pret\u00e9n <strong>visibilitzar<\/strong> tota mena de <strong>viol\u00e8ncia digital<\/strong> que s&#8217;exerceix a <strong>xarxes i entorns virtuals<\/strong>: ciberviol\u00e8ncia i el ciberassetjament, LGTBIf\u00f2biques, viol\u00e8ncies sexuals en l\u00ednia, sexpreading i tota aquesta terminologia que sovint menciona situacions d&#8217;ab\u00fas i poder.<\/p>\n<p style=\"font-weight: 400;\">\u00a0 \u00c9s per aix\u00f2 que en aquesta ocasi\u00f3 us convidem a pensar, crear, construir o inventar una <strong>obra art\u00edstica de categoria lliure<\/strong> que permeti visibilitzar estrat\u00e8gies juvenils d&#8217;apoderament, suport mutu i sororitat per fer front\u00a0\u00a0aquestes actituds i conductes que queden lluny dels valors feministes.<\/p>\n<p style=\"font-weight: 400;\">\u00a0 Aquesta activitat \u00e9s un exercici de reflexi\u00f3, on es promou el pensament cr\u00edtic i la den\u00fancia mitjan\u00e7ant la construcci\u00f3 art\u00edstica, com la possibilitat d\u2019escoltar\u00a0\u00a0i atendre les veus en diferents llenguatges art\u00edstics de les persones joves.<\/p>\n<p>&nbsp;<\/p>\n<p style=\"font-weight: 400;\">\u00a0 Objectiu:<\/p>\n<ul style=\"font-weight: 400;\">\n<li>Visibilitzar les situacions de viol\u00e8ncies digitals que sovint viuen les persones\u00a0joves.<\/li>\n<li>Visibilitzar estrat\u00e8gies per fer front les viol\u00e8ncies digitals, de suport, recolzament, sororitat\u00a0\u00a0i ajuda m\u00fatua.<\/li>\n<li>Ser creatives, originals i generar impacte amb el missatge i lema que es vol transmetre.<\/li>\n<\/ul>\n<p>&nbsp;<\/p>\n<p style=\"font-weight: 400;\">\u00a0\u00a0Calendari:<\/p>\n<ul style=\"font-weight: 400;\">\n<li><strong>Per\u00edode<\/strong> de <strong>presentaci\u00f3 d\u2019obres<\/strong>: del 25 d\u2019octubre 2021 <b>fins <\/b>al\u00a0<strong>25 de gener de 2022<\/strong> (incl\u00f2s).<\/li>\n<li style=\"font-weight: 400;\"><strong>Lliurament <\/strong>de<strong> premis<\/strong>: dijous <strong>3 de mar\u00e7<\/strong>, a l\u2019Espai Jove Palau Al\u00f2s\u00a0\u00a0(Carrer de Sant Pere M\u00e9s Baix, 55. Barcelona).<\/li>\n<li style=\"font-weight: 400;\"><strong>Exposici\u00f3<\/strong> de les <strong>obres<\/strong>:\u00a0\u00a0del dia <strong>1 al 12 de mar\u00e7 2022<\/strong>, ambd\u00f3s inclosos. Si no fos possible, el format passaria a ser d&#8217;exposici\u00f3 virtual.<\/li>\n<\/ul>\n<p>&nbsp;<\/p>\n<p style=\"font-weight: 400;\">\u00a0Implica&#8217;t per una vida lliure construint entorns segurs! Animeu-vos a participar!<\/p>\n<ul>\n<li>Bases del concurs <a href=\"https:\/\/www.violenciadegenere.org\/sites\/default\/files\/2021\/Diptic_%20XVII%20CONCURS_Aturem%20els%20matxi%28troll%29s%21.pdf\" target=\"_blank\" rel=\"noopener\" data-saferedirecturl=\"https:\/\/www.google.com\/url?q=https:\/\/www.violenciadegenere.org\/sites\/default\/files\/2021\/Diptic_%2520XVII%2520CONCURS_Aturem%2520els%2520matxi%2528troll%2529s%2521.pdf&amp;source=gmail&amp;ust=1642423533469000&amp;usg=AOvVaw3dzj0pINT7uodHdnswO3az\">AQU\u00cd.<\/a><\/li>\n<li>Formulari de presentaci\u00f3 d&#8217;obres: <a href=\"http:\/\/violenciadegenere.org\/concurs-per-la-erradicacio-de-les-violencies-masclistes\" target=\"_blank\" rel=\"noopener\" data-saferedirecturl=\"https:\/\/www.google.com\/url?q=http:\/\/violenciadegenere.org\/concurs-per-la-erradicacio-de-les-violencies-masclistes&amp;source=gmail&amp;ust=1642423533470000&amp;usg=AOvVaw0IHr6CLjXXp7apd0pKerKs\">AQU\u00cd<\/a>.<\/li>\n<li>Visita\u00a0 l&#8217;<a href=\"https:\/\/peopleartfactory.com\/g\/Gp2FmiOAhGTQRcrofviQ-copy-bfe67bc0\" target=\"_blank\" rel=\"noopener\" data-saferedirecturl=\"https:\/\/www.google.com\/url?q=https:\/\/peopleartfactory.com\/g\/Gp2FmiOAhGTQRcrofviQ-copy-bfe67bc0&amp;source=gmail&amp;ust=1642423533470000&amp;usg=AOvVaw1MGad7js8x0nKZzpydNqZO\">EXPOSICI\u00d3 VIRTUAL 2020.<\/a><\/li>\n<li>L\u2019espai web del concurs en l&#8217;edici\u00f3 2021 <a style=\"font-family: inherit; font-size: 1em;\" href=\"https:\/\/www.violenciadegenere.org\/actualitat\/arriba-la-dissetena-edicio-del-concurs-la-vida-lliure-de-violencies-masclistes\" data-saferedirecturl=\"https:\/\/www.google.com\/url?q=https:\/\/www.violenciadegenere.org\/actualitat\/arriba-la-dissetena-edicio-del-concurs-la-vida-lliure-de-violencies-masclistes&amp;source=gmail&amp;ust=1642423533470000&amp;usg=AOvVaw3T_FyT8kEbVUCcoj4veXQO\">AQU\u00cd\u00a0<\/a><\/li>\n<\/ul>\n<p>&nbsp;<\/p>\n","protected":false},"excerpt":{"rendered":"<p>&nbsp; Aquest \u00e9s el lema de l&#8217;edici\u00f3 d&#8217;enguany d&#8217;un concurs que pret\u00e9n visibilitzar tota mena de viol\u00e8ncia digital que s&#8217;exerceix [&hellip;]<\/p>\n","protected":false},"author":193,"featured_media":20614,"comment_status":"closed","ping_status":"closed","sticky":false,"template":"","format":"standard","meta":{"_bbp_topic_count":0,"_bbp_reply_count":0,"_bbp_total_topic_count":0,"_bbp_total_reply_count":0,"_bbp_voice_count":0,"_bbp_anonymous_reply_count":0,"_bbp_topic_count_hidden":0,"_bbp_reply_count_hidden":0,"_bbp_forum_subforum_count":0,"site-sidebar-layout":"default","site-content-layout":"","ast-site-content-layout":"","site-content-style":"default","site-sidebar-style":"default","ast-global-header-display":"","ast-banner-title-visibility":"","ast-main-header-display":"","ast-hfb-above-header-display":"","ast-hfb-below-header-display":"","ast-hfb-mobile-header-display":"","site-post-title":"","ast-breadcrumbs-content":"","ast-featured-img":"","footer-sml-layout":"","theme-transparent-header-meta":"","adv-header-id-meta":"","stick-header-meta":"","header-above-stick-meta":"","header-main-stick-meta":"","header-below-stick-meta":"","astra-migrate-meta-layouts":"default","ast-page-background-enabled":"default","ast-page-background-meta":{"desktop":{"background-color":"var(--ast-global-color-4)","background-image":"","background-repeat":"repeat","background-position":"center center","background-size":"auto","background-attachment":"scroll","background-type":"","background-media":"","overlay-type":"","overlay-color":"","overlay-opacity":"","overlay-gradient":""},"tablet":{"background-color":"","background-image":"","background-repeat":"repeat","background-position":"center center","background-size":"auto","background-attachment":"scroll","background-type":"","background-media":"","overlay-type":"","overlay-color":"","overlay-opacity":"","overlay-gradient":""},"mobile":{"background-color":"","background-image":"","background-repeat":"repeat","background-position":"center center","background-size":"auto","background-attachment":"scroll","background-type":"","background-media":"","overlay-type":"","overlay-color":"","overlay-opacity":"","overlay-gradient":""}},"ast-content-background-meta":{"desktop":{"background-color":"var(--ast-global-color-5)","background-image":"","background-repeat":"repeat","background-position":"center center","background-size":"auto","background-attachment":"scroll","background-type":"","background-media":"","overlay-type":"","overlay-color":"","overlay-opacity":"","overlay-gradient":""},"tablet":{"background-color":"var(--ast-global-color-5)","background-image":"","background-repeat":"repeat","background-position":"center center","background-size":"auto","background-attachment":"scroll","background-type":"","background-media":"","overlay-type":"","overlay-color":"","overlay-opacity":"","overlay-gradient":""},"mobile":{"background-color":"var(--ast-global-color-5)","background-image":"","background-repeat":"repeat","background-position":"center center","background-size":"auto","background-attachment":"scroll","background-type":"","background-media":"","overlay-type":"","overlay-color":"","overlay-opacity":"","overlay-gradient":""}},"footnotes":""},"categories":[1549,1,535],"tags":[573,1666],"class_list":["post-20609","post","type-post","status-publish","format-standard","has-post-thumbnail","hentry","category-difusio","category-general","category-portada","tag-coeducacio","tag-societat-lliure-de-violencies-masclistes"],"post_mailing_queue_ids":[],"_links":{"self":[{"href":"https:\/\/serveiseducatius.xtec.cat\/baixllobregat5\/wp-json\/wp\/v2\/posts\/20609","targetHints":{"allow":["GET"]}}],"collection":[{"href":"https:\/\/serveiseducatius.xtec.cat\/baixllobregat5\/wp-json\/wp\/v2\/posts"}],"about":[{"href":"https:\/\/serveiseducatius.xtec.cat\/baixllobregat5\/wp-json\/wp\/v2\/types\/post"}],"author":[{"embeddable":true,"href":"https:\/\/serveiseducatius.xtec.cat\/baixllobregat5\/wp-json\/wp\/v2\/users\/193"}],"replies":[{"embeddable":true,"href":"https:\/\/serveiseducatius.xtec.cat\/baixllobregat5\/wp-json\/wp\/v2\/comments?post=20609"}],"version-history":[{"count":3,"href":"https:\/\/serveiseducatius.xtec.cat\/baixllobregat5\/wp-json\/wp\/v2\/posts\/20609\/revisions"}],"predecessor-version":[{"id":20661,"href":"https:\/\/serveiseducatius.xtec.cat\/baixllobregat5\/wp-json\/wp\/v2\/posts\/20609\/revisions\/20661"}],"wp:featuredmedia":[{"embeddable":true,"href":"https:\/\/serveiseducatius.xtec.cat\/baixllobregat5\/wp-json\/wp\/v2\/media\/20614"}],"wp:attachment":[{"href":"https:\/\/serveiseducatius.xtec.cat\/baixllobregat5\/wp-json\/wp\/v2\/media?parent=20609"}],"wp:term":[{"taxonomy":"category","embeddable":true,"href":"https:\/\/serveiseducatius.xtec.cat\/baixllobregat5\/wp-json\/wp\/v2\/categories?post=20609"},{"taxonomy":"post_tag","embeddable":true,"href":"https:\/\/serveiseducatius.xtec.cat\/baixllobregat5\/wp-json\/wp\/v2\/tags?post=20609"}],"curies":[{"name":"wp","href":"https:\/\/api.w.org\/{rel}","templated":true}]}}