{"id":19902,"date":"2021-10-13T13:06:41","date_gmt":"2021-10-13T11:06:41","guid":{"rendered":"https:\/\/serveiseducatius.xtec.cat\/baixllobregat5\/?p=19902"},"modified":"2021-10-25T13:21:25","modified_gmt":"2021-10-25T11:21:25","slug":"26a-edicio-de-la-setmana-de-la-ciencia-inscripcions-obertes-fins-al-20-doctubre-activitat-adrecada-a-lalumnat-de-3r-i-4t-deso","status":"publish","type":"post","link":"https:\/\/serveiseducatius.xtec.cat\/baixllobregat5\/general\/26a-edicio-de-la-setmana-de-la-ciencia-inscripcions-obertes-fins-al-20-doctubre-activitat-adrecada-a-lalumnat-de-3r-i-4t-deso\/","title":{"rendered":"Inscripcions fins el 22 d&#8217;octubre.Ci\u00e8ncia en primera persona. Activitat adre\u00e7ada a l\u2019alumnat de 3r i 4t d\u2019ESO."},"content":{"rendered":"<p dir=\"ltr\" style=\"text-align: center;\"><a href=\"https:\/\/serveiseducatius.xtec.cat\/baixllobregat5\/wp-content\/uploads\/usu1180\/2021\/10\/SC21-logo-12-21-11.png\"><img loading=\"lazy\" decoding=\"async\" class=\"alignnone size-full wp-image-19918\" src=\"https:\/\/serveiseducatius.xtec.cat\/baixllobregat5\/wp-content\/uploads\/usu1180\/2021\/10\/SC21-logo-12-21-11.png\" alt=\"\" width=\"482\" height=\"93\" srcset=\"https:\/\/serveiseducatius.xtec.cat\/baixllobregat5\/wp-content\/uploads\/usu1180\/2021\/10\/SC21-logo-12-21-11.png 482w, https:\/\/serveiseducatius.xtec.cat\/baixllobregat5\/wp-content\/uploads\/usu1180\/2021\/10\/SC21-logo-12-21-11-300x58.png 300w\" sizes=\"auto, (max-width: 482px) 100vw, 482px\" \/><\/a><\/p>\n<p dir=\"ltr\">\u00a0 La Fundaci\u00f3 Catalana per a la Recerca i la Innovaci\u00f3 (FCRI), amb el suport del Departament d&#8217;Educaci\u00f3, organitza la <strong>26a edici\u00f3 de la Setmana de la Ci\u00e8ncia<\/strong>, que se celebrar\u00e0 <strong>del 12 al 21 de novembre<\/strong>, arreu de Catalunya.<\/p>\n<p dir=\"ltr\">\u00a0 L&#8217;activitat &#8220;<strong>La ci\u00e8ncia en primera persona<\/strong>&#8220;, que se celebrar\u00e0 el dia <strong>17 de novembre<\/strong> al mat\u00ed, s&#8217;emmarca en la Setmana de la Ci\u00e8ncia amb la finalitat del foment de les vocacions cient\u00edfiques i tecnol\u00f2giques entre l&#8217;alumnat del nostre pa\u00eds, pretenent apropar els i les cient\u00edfiques als instituts.<\/p>\n<p dir=\"ltr\">\u00a0 Seguint la bona acollida de l\u2019edici\u00f3 passada, enguany es mant\u00e9 la modalitat virtual.<\/p>\n<p dir=\"ltr\">\u00a0\u00a0L\u2019activitat es fonamenta en tres parts:<\/p>\n<ol>\n<li dir=\"ltr\">Edici\u00f3 d\u2019un v\u00eddeo, d\u2019una durada d\u2019uns 5-10 minuts on es llen\u00e7a tamb\u00e9 una proposta o un repte.<\/li>\n<li dir=\"ltr\">Aquest v\u00eddeo el visualitzar\u00e0 l\u2019alumnat en hores lectives juntament amb els seus professors\/es. L\u2019alumnat ens faran arribar imatge del repte aconseguit (5 fotografies m\u00e0xim per grup) aix\u00ed com les preguntes que volen formular als\/a les cient\u00edfics\/ques (3 preguntes m\u00e0xim per grup).<\/li>\n<li dir=\"ltr\">El dia 17 de novembre al mat\u00ed, retransmissi\u00f3 en directe pel canal youtube de cadascun dels cient\u00edfics\/ques.<\/li>\n<\/ol>\n<p dir=\"ltr\">\u00a0 L\u2019<strong>activitat adre\u00e7ada a l\u2019alumnat de 3r i 4t d\u2019ESO<\/strong> va a c\u00e0rrec de cient\u00edfics\/ques que es dediquen a la investigaci\u00f3 i que expliquen la seva tasca, tant des del vessant cient\u00edfic com del vessant hum\u00e0.<\/p>\n<p dir=\"ltr\">\u00a0 Es proposen 4 grans temes per a tractar amb els seg\u00fcents ponents:<\/p>\n<ul>\n<li dir=\"ltr\">Rob\u00f2tica: <strong>\u00a0Ana\u00eds Garrell<\/strong>, <strong>J\u00falia Borr\u00e0s<\/strong> i <strong>Irene Garc\u00eda<\/strong> (IRI)<\/li>\n<li dir=\"ltr\">Astrof\u00edsica: <strong>Ignasi Ribas<\/strong> (IEEC) (ICE-CSIC)<\/li>\n<li dir=\"ltr\">Economia circular: <strong>Jordi Morat\u00f3<\/strong> i <strong>Juan David Escorcia<\/strong> (UPC)<\/li>\n<li dir=\"ltr\">Xarxes Socials:<strong> Davinia Hern\u00e1ndez-Leo<\/strong>, <strong>Roberto S\u00e1nchez<\/strong>, <strong>Emily Theophilou<\/strong> i <strong>Ren\u00e9 Lobo<\/strong> (TIDE -UPF)<\/li>\n<\/ul>\n<p dir=\"ltr\">\u00a0 Aprofitem per falicitar-vos l&#8217;enlla\u00e7 del <strong>formulari<\/strong>\u00a0que han d\u2019omplir els centres educatius interessats a participar en l\u2019activitat, <strong>abans del 20 d&#8217;octubre<\/strong>.<\/p>\n<p dir=\"ltr\"><a href=\"https:\/\/forms.gle\/wACT5dpm9jfKMFYY6\" target=\"_blank\" rel=\"noopener\" data-saferedirecturl=\"https:\/\/www.google.com\/url?q=https:\/\/forms.gle\/wACT5dpm9jfKMFYY6&amp;source=gmail&amp;ust=1634193428392000&amp;usg=AFQjCNE1O2U1QUkOfgQ9fVJw2NdHjjPUAg\">\u00a0 Formulari d\u2019inscripci\u00f3 dels centres\u00a0<\/a><\/p>\n<p dir=\"ltr\">\u00a0 Per a qualsevol dubte o q\u00fcesti\u00f3, us podeu adre\u00e7ar a: <a href=\"mailto:serveiseducatius@xtec.cat\" target=\"_blank\" rel=\"noopener\">serveiseducatius@xtec.cat<\/a><\/p>\n<p dir=\"ltr\">\u00a0 M\u00e9s informaci\u00f3 detallada al web <strong><a href=\"http:\/\/www.setmanaciencia.cat\/\" target=\"_blank\" rel=\"noopener\" data-saferedirecturl=\"https:\/\/www.google.com\/url?q=http:\/\/www.setmanaciencia.cat\/&amp;source=gmail&amp;ust=1634193428392000&amp;usg=AFQjCNGya0pa-0rNR59qrD_LKvMijmiokA\">www.setmanaciencia.cat<\/a><\/strong><\/p>\n<p dir=\"ltr\" style=\"text-align: center;\"><a href=\"https:\/\/serveiseducatius.xtec.cat\/baixllobregat5\/wp-content\/uploads\/usu1180\/2021\/10\/SC21-logo.png\"><img loading=\"lazy\" decoding=\"async\" class=\"alignnone size-full wp-image-19917\" src=\"https:\/\/serveiseducatius.xtec.cat\/baixllobregat5\/wp-content\/uploads\/usu1180\/2021\/10\/SC21-logo.png\" alt=\"\" width=\"181\" height=\"93\" \/><\/a><\/p>\n","protected":false},"excerpt":{"rendered":"<p>Del 12 al 21 de novembre se celebrar\u00e0 a Catalunya la 26a edici\u00f3 de la Setmana de la Ci\u00e8ncia<\/p>\n","protected":false},"author":193,"featured_media":19977,"comment_status":"closed","ping_status":"closed","sticky":false,"template":"","format":"standard","meta":{"_bbp_topic_count":0,"_bbp_reply_count":0,"_bbp_total_topic_count":0,"_bbp_total_reply_count":0,"_bbp_voice_count":0,"_bbp_anonymous_reply_count":0,"_bbp_topic_count_hidden":0,"_bbp_reply_count_hidden":0,"_bbp_forum_subforum_count":0,"site-sidebar-layout":"default","site-content-layout":"","ast-site-content-layout":"","site-content-style":"default","site-sidebar-style":"default","ast-global-header-display":"","ast-banner-title-visibility":"","ast-main-header-display":"","ast-hfb-above-header-display":"","ast-hfb-below-header-display":"","ast-hfb-mobile-header-display":"","site-post-title":"","ast-breadcrumbs-content":"","ast-featured-img":"","footer-sml-layout":"","theme-transparent-header-meta":"","adv-header-id-meta":"","stick-header-meta":"","header-above-stick-meta":"","header-main-stick-meta":"","header-below-stick-meta":"","astra-migrate-meta-layouts":"default","ast-page-background-enabled":"default","ast-page-background-meta":{"desktop":{"background-color":"var(--ast-global-color-4)","background-image":"","background-repeat":"repeat","background-position":"center center","background-size":"auto","background-attachment":"scroll","background-type":"","background-media":"","overlay-type":"","overlay-color":"","overlay-opacity":"","overlay-gradient":""},"tablet":{"background-color":"","background-image":"","background-repeat":"repeat","background-position":"center center","background-size":"auto","background-attachment":"scroll","background-type":"","background-media":"","overlay-type":"","overlay-color":"","overlay-opacity":"","overlay-gradient":""},"mobile":{"background-color":"","background-image":"","background-repeat":"repeat","background-position":"center center","background-size":"auto","background-attachment":"scroll","background-type":"","background-media":"","overlay-type":"","overlay-color":"","overlay-opacity":"","overlay-gradient":""}},"ast-content-background-meta":{"desktop":{"background-color":"var(--ast-global-color-5)","background-image":"","background-repeat":"repeat","background-position":"center center","background-size":"auto","background-attachment":"scroll","background-type":"","background-media":"","overlay-type":"","overlay-color":"","overlay-opacity":"","overlay-gradient":""},"tablet":{"background-color":"var(--ast-global-color-5)","background-image":"","background-repeat":"repeat","background-position":"center center","background-size":"auto","background-attachment":"scroll","background-type":"","background-media":"","overlay-type":"","overlay-color":"","overlay-opacity":"","overlay-gradient":""},"mobile":{"background-color":"var(--ast-global-color-5)","background-image":"","background-repeat":"repeat","background-position":"center center","background-size":"auto","background-attachment":"scroll","background-type":"","background-media":"","overlay-type":"","overlay-color":"","overlay-opacity":"","overlay-gradient":""}},"footnotes":""},"categories":[65,66,1,535],"tags":[554],"class_list":["post-19902","post","type-post","status-publish","format-standard","has-post-thumbnail","hentry","category-crp","category-dinamitzacio","category-general","category-portada","tag-setmana-de-la-ciencia"],"post_mailing_queue_ids":[],"_links":{"self":[{"href":"https:\/\/serveiseducatius.xtec.cat\/baixllobregat5\/wp-json\/wp\/v2\/posts\/19902","targetHints":{"allow":["GET"]}}],"collection":[{"href":"https:\/\/serveiseducatius.xtec.cat\/baixllobregat5\/wp-json\/wp\/v2\/posts"}],"about":[{"href":"https:\/\/serveiseducatius.xtec.cat\/baixllobregat5\/wp-json\/wp\/v2\/types\/post"}],"author":[{"embeddable":true,"href":"https:\/\/serveiseducatius.xtec.cat\/baixllobregat5\/wp-json\/wp\/v2\/users\/193"}],"replies":[{"embeddable":true,"href":"https:\/\/serveiseducatius.xtec.cat\/baixllobregat5\/wp-json\/wp\/v2\/comments?post=19902"}],"version-history":[{"count":3,"href":"https:\/\/serveiseducatius.xtec.cat\/baixllobregat5\/wp-json\/wp\/v2\/posts\/19902\/revisions"}],"predecessor-version":[{"id":19978,"href":"https:\/\/serveiseducatius.xtec.cat\/baixllobregat5\/wp-json\/wp\/v2\/posts\/19902\/revisions\/19978"}],"wp:featuredmedia":[{"embeddable":true,"href":"https:\/\/serveiseducatius.xtec.cat\/baixllobregat5\/wp-json\/wp\/v2\/media\/19977"}],"wp:attachment":[{"href":"https:\/\/serveiseducatius.xtec.cat\/baixllobregat5\/wp-json\/wp\/v2\/media?parent=19902"}],"wp:term":[{"taxonomy":"category","embeddable":true,"href":"https:\/\/serveiseducatius.xtec.cat\/baixllobregat5\/wp-json\/wp\/v2\/categories?post=19902"},{"taxonomy":"post_tag","embeddable":true,"href":"https:\/\/serveiseducatius.xtec.cat\/baixllobregat5\/wp-json\/wp\/v2\/tags?post=19902"}],"curies":[{"name":"wp","href":"https:\/\/api.w.org\/{rel}","templated":true}]}}