{"id":1983,"date":"2015-06-04T13:24:57","date_gmt":"2015-06-04T11:24:57","guid":{"rendered":"http:\/\/blocs.xtec.cat\/sbec\/?p=1983"},"modified":"2016-12-13T13:17:30","modified_gmt":"2016-12-13T12:17:30","slug":"lapadrinament-lector","status":"publish","type":"post","link":"https:\/\/serveiseducatius.xtec.cat\/baixllobregat5\/portada\/lapadrinament-lector\/","title":{"rendered":"L&#8217;APADRINAMENT LECTOR"},"content":{"rendered":"<p style=\"text-align: justify;\">Nosaltres, els alumnes de sis\u00e8, quan \u00e9rem petits vam tenir uns padrins que ens van ajudar a llegir, per aix\u00f2 quan a l\u2019inici del curs ens van explicar que anir\u00edem a un acte a la biblioteca,\u00a0 amb la Sra. Directora i els nens i nenes de primer, vam saber que aquest curs tindr\u00edem l\u2019oportunitat de fer nosaltres de padrins i padrines i tenir un fillol o una fillola. Far\u00edem el que es coneix amb el nom d\u2019apadrinament lector. EST\u00c0VEM EMOCIONATS I NERVIOSOS. QUINA RESPONSABILITAT !!<\/p>\n<p style=\"text-align: justify;\">Aquest curs, a m\u00e9s d\u2019anar un cop a la setmana a ajudar els nens i nenes de primer\u00a0 a llegir, hem fet altres activitats tots junts.<\/p>\n<p style=\"text-align: justify;\">Ens va agradar molt elaborar polseres de gometes.<\/p>\n<p style=\"text-align: justify;\">Tamb\u00e9 vam anar a l\u2019hort a plantar una llavor de gira-sol .<\/p>\n<p style=\"text-align: justify;\">Per esbrinar els gustos i prefer\u00e8ncies dels nostres fillols i filloles, a l\u2019hora d\u2019escollir llibres, vam elaborar una petita entrevista amb unes quantes preguntes: T\u2019agraden els llibres d\u2019animals? Quins personatges t\u2019agraden? Prefereixes els llibres de misteri, d\u2019aventures, &#8230;?<\/p>\n<p style=\"text-align: justify;\">A partir de les seves respostes vam\u00a0 anar a la biblioteca a demanar el llibre que \u00a0segur que agradaria als nostres fillols i filloles per llegir conjuntament. Els vam preguntar, i en general els van agradar els llibres que hav\u00edem triat.<\/p>\n<p style=\"text-align: justify;\">A final de curs, com acomiadament, vam elaborar un conte i el vam regalar als fillols i filloles. Aquesta activitat ens ha perm\u00e8s anar coneixent-los i hem pogut veure l\u2019aven\u00e7 en lectura que han fet al llarg de tot el curs.<\/p>\n<p style=\"text-align: justify;\">Ens ha agradat molt poder ajudar els nens i nenes de primer.<\/p>\n<p><embed width=\"288\" height=\"192\" type=\"application\/x-shockwave-flash\" src=\"https:\/\/photos.gstatic.com\/media\/slideshow.swf\" flashvars=\"host=picasaweb.google.com&amp;hl=ca&amp;feat=flashalbum&amp;RGB=0x000000&amp;feed=https%3A%2F%2Fpicasaweb.google.com%2Fdata%2Ffeed%2Fapi%2Fuser%2Finicialalmeda%2Falbumid%2F6077775822276191969%3Falt%3Drss%26kind%3Dphoto%26hl%3Dca\" pluginspage=\"http:\/\/www.macromedia.com\/go\/getflashplayer\"><\/embed><br \/>\n<embed width=\"288\" height=\"192\" type=\"application\/x-shockwave-flash\" src=\"https:\/\/photos.gstatic.com\/media\/slideshow.swf\" flashvars=\"host=picasaweb.google.com&amp;hl=ca&amp;feat=flashalbum&amp;RGB=0x000000&amp;feed=https%3A%2F%2Fpicasaweb.google.com%2Fdata%2Ffeed%2Fapi%2Fuser%2Finicialalmeda%2Falbumid%2F6077784893460437985%3Falt%3Drss%26kind%3Dphoto%26hl%3Dca\" pluginspage=\"http:\/\/www.macromedia.com\/go\/getflashplayer\"><\/embed><br \/>\n<embed width=\"288\" height=\"192\" type=\"application\/x-shockwave-flash\" src=\"https:\/\/photos.gstatic.com\/media\/slideshow.swf\" flashvars=\"host=picasaweb.google.com&amp;hl=ca&amp;feat=flashalbum&amp;RGB=0x000000&amp;feed=https%3A%2F%2Fpicasaweb.google.com%2Fdata%2Ffeed%2Fapi%2Fuser%2Finicialalmeda%2Falbumid%2F6137937896817190145%3Falt%3Drss%26kind%3Dphoto%26hl%3Dca\" pluginspage=\"http:\/\/www.macromedia.com\/go\/getflashplayer\"><\/embed><br \/>\n<embed width=\"288\" height=\"192\" type=\"application\/x-shockwave-flash\" src=\"https:\/\/photos.gstatic.com\/media\/slideshow.swf\" flashvars=\"host=picasaweb.google.com&amp;hl=ca&amp;feat=flashalbum&amp;RGB=0x000000&amp;feed=https%3A%2F%2Fpicasaweb.google.com%2Fdata%2Ffeed%2Fapi%2Fuser%2Finicialalmeda%2Falbumid%2F6137939419026866065%3Falt%3Drss%26kind%3Dphoto%26hl%3Dca\" pluginspage=\"http:\/\/www.macromedia.com\/go\/getflashplayer\"><\/embed><\/p>\n","protected":false},"excerpt":{"rendered":"<p>Nosaltres, els alumnes de sis\u00e8, quan \u00e9rem petits vam tenir uns padrins que ens van ajudar a llegir, per aix\u00f2 [&hellip;]<\/p>\n","protected":false},"author":1,"featured_media":0,"comment_status":"open","ping_status":"open","sticky":false,"template":"","format":"standard","meta":{"_bbp_topic_count":0,"_bbp_reply_count":0,"_bbp_total_topic_count":0,"_bbp_total_reply_count":0,"_bbp_voice_count":0,"_bbp_anonymous_reply_count":0,"_bbp_topic_count_hidden":0,"_bbp_reply_count_hidden":0,"_bbp_forum_subforum_count":0,"site-sidebar-layout":"default","site-content-layout":"","ast-site-content-layout":"","site-content-style":"default","site-sidebar-style":"default","ast-global-header-display":"","ast-banner-title-visibility":"","ast-main-header-display":"","ast-hfb-above-header-display":"","ast-hfb-below-header-display":"","ast-hfb-mobile-header-display":"","site-post-title":"","ast-breadcrumbs-content":"","ast-featured-img":"","footer-sml-layout":"","theme-transparent-header-meta":"","adv-header-id-meta":"","stick-header-meta":"","header-above-stick-meta":"","header-main-stick-meta":"","header-below-stick-meta":"","astra-migrate-meta-layouts":"default","ast-page-background-enabled":"default","ast-page-background-meta":{"desktop":{"background-color":"var(--ast-global-color-4)","background-image":"","background-repeat":"repeat","background-position":"center center","background-size":"auto","background-attachment":"scroll","background-type":"","background-media":"","overlay-type":"","overlay-color":"","overlay-opacity":"","overlay-gradient":""},"tablet":{"background-color":"","background-image":"","background-repeat":"repeat","background-position":"center center","background-size":"auto","background-attachment":"scroll","background-type":"","background-media":"","overlay-type":"","overlay-color":"","overlay-opacity":"","overlay-gradient":""},"mobile":{"background-color":"","background-image":"","background-repeat":"repeat","background-position":"center center","background-size":"auto","background-attachment":"scroll","background-type":"","background-media":"","overlay-type":"","overlay-color":"","overlay-opacity":"","overlay-gradient":""}},"ast-content-background-meta":{"desktop":{"background-color":"var(--ast-global-color-5)","background-image":"","background-repeat":"repeat","background-position":"center center","background-size":"auto","background-attachment":"scroll","background-type":"","background-media":"","overlay-type":"","overlay-color":"","overlay-opacity":"","overlay-gradient":""},"tablet":{"background-color":"var(--ast-global-color-5)","background-image":"","background-repeat":"repeat","background-position":"center center","background-size":"auto","background-attachment":"scroll","background-type":"","background-media":"","overlay-type":"","overlay-color":"","overlay-opacity":"","overlay-gradient":""},"mobile":{"background-color":"var(--ast-global-color-5)","background-image":"","background-repeat":"repeat","background-position":"center center","background-size":"auto","background-attachment":"scroll","background-type":"","background-media":"","overlay-type":"","overlay-color":"","overlay-opacity":"","overlay-gradient":""}},"footnotes":""},"categories":[535],"tags":[287,301,319,371],"class_list":["post-1983","post","type-post","status-publish","format-standard","hentry","category-portada","tag-biblioteca","tag-contes","tag-escola-dolors-almeda","tag-padrins-de-lectura"],"post_mailing_queue_ids":[],"_links":{"self":[{"href":"https:\/\/serveiseducatius.xtec.cat\/baixllobregat5\/wp-json\/wp\/v2\/posts\/1983","targetHints":{"allow":["GET"]}}],"collection":[{"href":"https:\/\/serveiseducatius.xtec.cat\/baixllobregat5\/wp-json\/wp\/v2\/posts"}],"about":[{"href":"https:\/\/serveiseducatius.xtec.cat\/baixllobregat5\/wp-json\/wp\/v2\/types\/post"}],"author":[{"embeddable":true,"href":"https:\/\/serveiseducatius.xtec.cat\/baixllobregat5\/wp-json\/wp\/v2\/users\/1"}],"replies":[{"embeddable":true,"href":"https:\/\/serveiseducatius.xtec.cat\/baixllobregat5\/wp-json\/wp\/v2\/comments?post=1983"}],"version-history":[{"count":1,"href":"https:\/\/serveiseducatius.xtec.cat\/baixllobregat5\/wp-json\/wp\/v2\/posts\/1983\/revisions"}],"predecessor-version":[{"id":9644,"href":"https:\/\/serveiseducatius.xtec.cat\/baixllobregat5\/wp-json\/wp\/v2\/posts\/1983\/revisions\/9644"}],"wp:attachment":[{"href":"https:\/\/serveiseducatius.xtec.cat\/baixllobregat5\/wp-json\/wp\/v2\/media?parent=1983"}],"wp:term":[{"taxonomy":"category","embeddable":true,"href":"https:\/\/serveiseducatius.xtec.cat\/baixllobregat5\/wp-json\/wp\/v2\/categories?post=1983"},{"taxonomy":"post_tag","embeddable":true,"href":"https:\/\/serveiseducatius.xtec.cat\/baixllobregat5\/wp-json\/wp\/v2\/tags?post=1983"}],"curies":[{"name":"wp","href":"https:\/\/api.w.org\/{rel}","templated":true}]}}