{"id":19765,"date":"2021-09-15T09:51:30","date_gmt":"2021-09-15T07:51:30","guid":{"rendered":"https:\/\/serveiseducatius.xtec.cat\/baixllobregat5\/?p=19765"},"modified":"2021-09-15T09:51:30","modified_gmt":"2021-09-15T07:51:30","slug":"2a-jornada-intergrupal","status":"publish","type":"post","link":"https:\/\/serveiseducatius.xtec.cat\/baixllobregat5\/portada\/2a-jornada-intergrupal\/","title":{"rendered":"2a Jornada Intergrupal"},"content":{"rendered":"<p dir=\"ltr\"><img loading=\"lazy\" decoding=\"async\" class=\"size-large aligncenter\" src=\"https:\/\/projectes.xtec.cat\/secrp\/wp-content\/uploads\/usu2432\/2021\/09\/Jornada-intergrupal-1-1024x199.png\" width=\"1024\" height=\"199\" \/><\/p>\n<p dir=\"ltr\" style=\"text-align: justify;\">El Col\u00b7legi Oficial de Psicologia de Catalunya organitza la <strong>2a Jornada Intergrupal- Del vincle a les conductes de risc recuperant l\u2019adolesc\u00e8ncia<\/strong> el 19 de novembre.<\/p>\n<p dir=\"ltr\" style=\"text-align: justify;\">En aquesta segona edici\u00f3, es proposa la tem\u00e0tica de les conductes de risc en l\u2019adolesc\u00e8ncia, etapa vital de transici\u00f3 en qu\u00e8 l\u2019adolescent es q\u00fcestiona les relacions de les etapes anteriors i busca noves experi\u00e8ncies que li obriran portes a relacionar-se amb els altres i amb ells mateixos.<\/p>\n<p dir=\"ltr\" style=\"text-align: justify;\">La jornada compta amb l\u2019\u00e0mplia experi\u00e8ncia professional d\u2019experts d\u2019aquests diversos camps d\u2019actuaci\u00f3 amb la participaci\u00f3 en la taula rodona el S<strong>r. Albert Bayo<\/strong>t. De la m\u00e0 de tres grans referents especialitzats com s\u00f3n: <strong>Blaise Pierrehumbert, Alfredo Oliva i Mark Dangerfield,<\/strong> s\u2019aprofundir\u00e0 en els tres pilars fonamentals sobre els quals es basa la jornada.<\/p>\n<p dir=\"ltr\" style=\"text-align: justify;\">La Jornada no t\u00e9 \u00e0nim de lucre, i el seu preu simb\u00f2lic ser\u00e0 destinat \u00edntegrament a la<strong> ONG &#8220;La Nave Va&#8221;<\/strong><\/p>\n<p dir=\"ltr\" style=\"text-align: justify;\">Les inscripcions estan obertes, trobareu tota la informaci\u00f3 en el <a href=\"https:\/\/www.copc.cat\/seccion\/vincle-Programa\" target=\"_blank\" rel=\"noopener\" data-saferedirecturl=\"https:\/\/www.google.com\/url?q=https:\/\/www.copc.cat\/seccion\/vincle-Programa&amp;source=gmail&amp;ust=1631774703715000&amp;usg=AFQjCNHm0vzTenxdM458vTFzsT7gjkP0dA\">web de la Jornada<\/a>, v\u00eddeos dels ponents, programa i m\u00e9s.<\/p>\n<p dir=\"ltr\" style=\"text-align: justify;\">Al Concurs de P\u00f2sters poden presentar-se treballs de qualsevol camp d&#8217;actuaci\u00f3 relacionat amb l&#8217;\u00e0mbit educatiu, psicoeducatiu, social, salut, jur\u00eddic, etc. dirigit a prevenci\u00f3 i\/o avaluaci\u00f3 dels joves. Din\u00e0miques, iniciatives, programes o projectes aplicats en l&#8217;etapa de l&#8217;adolesc\u00e8ncia. El premi consistir\u00e0 en un ordinador port\u00e0til i una tauleta valorats en 800\u20ac per a l&#8217;\u00fas dels professionals i\/o usuaris del centre de treball.<\/p>\n","protected":false},"excerpt":{"rendered":"<p>El Col\u00b7legi Oficial de Psicologia de Catalunya organitza la 2a Jornada Intergrupal- Del vincle a les conductes de risc recuperant [&hellip;]<\/p>\n","protected":false},"author":1,"featured_media":19766,"comment_status":"open","ping_status":"closed","sticky":false,"template":"","format":"standard","meta":{"_bbp_topic_count":0,"_bbp_reply_count":0,"_bbp_total_topic_count":0,"_bbp_total_reply_count":0,"_bbp_voice_count":0,"_bbp_anonymous_reply_count":0,"_bbp_topic_count_hidden":0,"_bbp_reply_count_hidden":0,"_bbp_forum_subforum_count":0,"site-sidebar-layout":"default","site-content-layout":"","ast-site-content-layout":"","site-content-style":"default","site-sidebar-style":"default","ast-global-header-display":"","ast-banner-title-visibility":"","ast-main-header-display":"","ast-hfb-above-header-display":"","ast-hfb-below-header-display":"","ast-hfb-mobile-header-display":"","site-post-title":"","ast-breadcrumbs-content":"","ast-featured-img":"","footer-sml-layout":"","theme-transparent-header-meta":"","adv-header-id-meta":"","stick-header-meta":"","header-above-stick-meta":"","header-main-stick-meta":"","header-below-stick-meta":"","astra-migrate-meta-layouts":"default","ast-page-background-enabled":"default","ast-page-background-meta":{"desktop":{"background-color":"var(--ast-global-color-4)","background-image":"","background-repeat":"repeat","background-position":"center center","background-size":"auto","background-attachment":"scroll","background-type":"","background-media":"","overlay-type":"","overlay-color":"","overlay-opacity":"","overlay-gradient":""},"tablet":{"background-color":"","background-image":"","background-repeat":"repeat","background-position":"center center","background-size":"auto","background-attachment":"scroll","background-type":"","background-media":"","overlay-type":"","overlay-color":"","overlay-opacity":"","overlay-gradient":""},"mobile":{"background-color":"","background-image":"","background-repeat":"repeat","background-position":"center center","background-size":"auto","background-attachment":"scroll","background-type":"","background-media":"","overlay-type":"","overlay-color":"","overlay-opacity":"","overlay-gradient":""}},"ast-content-background-meta":{"desktop":{"background-color":"var(--ast-global-color-5)","background-image":"","background-repeat":"repeat","background-position":"center center","background-size":"auto","background-attachment":"scroll","background-type":"","background-media":"","overlay-type":"","overlay-color":"","overlay-opacity":"","overlay-gradient":""},"tablet":{"background-color":"var(--ast-global-color-5)","background-image":"","background-repeat":"repeat","background-position":"center center","background-size":"auto","background-attachment":"scroll","background-type":"","background-media":"","overlay-type":"","overlay-color":"","overlay-opacity":"","overlay-gradient":""},"mobile":{"background-color":"var(--ast-global-color-5)","background-image":"","background-repeat":"repeat","background-position":"center center","background-size":"auto","background-attachment":"scroll","background-type":"","background-media":"","overlay-type":"","overlay-color":"","overlay-opacity":"","overlay-gradient":""}},"footnotes":""},"categories":[535],"tags":[1543,1542,226,832],"class_list":["post-19765","post","type-post","status-publish","format-standard","has-post-thumbnail","hentry","category-portada","tag-adolescencia","tag-conductes-risc","tag-formacio","tag-jornada"],"post_mailing_queue_ids":[],"_links":{"self":[{"href":"https:\/\/serveiseducatius.xtec.cat\/baixllobregat5\/wp-json\/wp\/v2\/posts\/19765","targetHints":{"allow":["GET"]}}],"collection":[{"href":"https:\/\/serveiseducatius.xtec.cat\/baixllobregat5\/wp-json\/wp\/v2\/posts"}],"about":[{"href":"https:\/\/serveiseducatius.xtec.cat\/baixllobregat5\/wp-json\/wp\/v2\/types\/post"}],"author":[{"embeddable":true,"href":"https:\/\/serveiseducatius.xtec.cat\/baixllobregat5\/wp-json\/wp\/v2\/users\/1"}],"replies":[{"embeddable":true,"href":"https:\/\/serveiseducatius.xtec.cat\/baixllobregat5\/wp-json\/wp\/v2\/comments?post=19765"}],"version-history":[{"count":1,"href":"https:\/\/serveiseducatius.xtec.cat\/baixllobregat5\/wp-json\/wp\/v2\/posts\/19765\/revisions"}],"predecessor-version":[{"id":19767,"href":"https:\/\/serveiseducatius.xtec.cat\/baixllobregat5\/wp-json\/wp\/v2\/posts\/19765\/revisions\/19767"}],"wp:featuredmedia":[{"embeddable":true,"href":"https:\/\/serveiseducatius.xtec.cat\/baixllobregat5\/wp-json\/wp\/v2\/media\/19766"}],"wp:attachment":[{"href":"https:\/\/serveiseducatius.xtec.cat\/baixllobregat5\/wp-json\/wp\/v2\/media?parent=19765"}],"wp:term":[{"taxonomy":"category","embeddable":true,"href":"https:\/\/serveiseducatius.xtec.cat\/baixllobregat5\/wp-json\/wp\/v2\/categories?post=19765"},{"taxonomy":"post_tag","embeddable":true,"href":"https:\/\/serveiseducatius.xtec.cat\/baixllobregat5\/wp-json\/wp\/v2\/tags?post=19765"}],"curies":[{"name":"wp","href":"https:\/\/api.w.org\/{rel}","templated":true}]}}