{"id":19537,"date":"2021-06-18T14:29:03","date_gmt":"2021-06-18T12:29:03","guid":{"rendered":"http:\/\/serveiseducatius.xtec.cat\/baixllobregat5\/?p=19537"},"modified":"2021-07-07T10:28:23","modified_gmt":"2021-07-07T08:28:23","slug":"la-nova-biblioteca-escolar","status":"publish","type":"post","link":"https:\/\/serveiseducatius.xtec.cat\/baixllobregat5\/crp\/la-nova-biblioteca-escolar\/","title":{"rendered":"La nova biblioteca escolar"},"content":{"rendered":"<p>Al llarg d&#8217;aquest curs, hem transformat la nostra biblioteca d&#8217;escola\u00a0<a href=\"http:\/\/www.escolarosercapdevila.cat\/\">http:\/\/www.escolarosercapdevila.cat\/<\/a> la qual ha quedat amb una gran amplitud en un ambient molt c\u00e0lid.<\/p>\n<p>Est\u00e0 distribuida per llibres de lectura per als diferents cicles i llibres de coneixement. La novetat d&#8217;enguany de la nostra biblioteca \u00e9s que hem posat un teixell identificatiu (pictograma o imatge) el qual est\u00e0 classificat en el seu corresponent prestatge.<\/p>\n<p>Aquesta organitzaci\u00f3 ens ajudar\u00e0 a tenir el llibres m\u00e9s ubicats i fer la recerca d&#8217;una manera m\u00e9s pr\u00e0ctica. Aix\u00ed, nom\u00e9s haurem d&#8217;anar al prestatge que volem i agafar el llibre del que volem gaudir i aprendre.<\/p>\n<p>Ja estem desitjant posar-la en pr\u00e0ctica i llegir els nous llibres!<\/p>\n<p><a href=\"https:\/\/serveiseducatius.xtec.cat\/baixllobregat5\/wp-content\/uploads\/usu1180\/2021\/06\/20210618_133646.jpg\"><img loading=\"lazy\" decoding=\"async\" class=\"alignnone size-large wp-image-19540\" src=\"https:\/\/serveiseducatius.xtec.cat\/baixllobregat5\/wp-content\/uploads\/usu1180\/2021\/06\/20210618_133646-1024x576.jpg\" alt=\"\" width=\"1024\" height=\"576\" srcset=\"https:\/\/serveiseducatius.xtec.cat\/baixllobregat5\/wp-content\/uploads\/usu1180\/2021\/06\/20210618_133646-1024x576.jpg 1024w, https:\/\/serveiseducatius.xtec.cat\/baixllobregat5\/wp-content\/uploads\/usu1180\/2021\/06\/20210618_133646-300x169.jpg 300w, https:\/\/serveiseducatius.xtec.cat\/baixllobregat5\/wp-content\/uploads\/usu1180\/2021\/06\/20210618_133646-768x432.jpg 768w\" sizes=\"auto, (max-width: 1024px) 100vw, 1024px\" \/><\/a><\/p>\n<p>&nbsp;<\/p>\n<p><a href=\"https:\/\/serveiseducatius.xtec.cat\/baixllobregat5\/wp-content\/uploads\/usu1180\/2021\/06\/20210618_133458.jpg\"><img loading=\"lazy\" decoding=\"async\" class=\"alignnone size-large wp-image-19538\" src=\"https:\/\/serveiseducatius.xtec.cat\/baixllobregat5\/wp-content\/uploads\/usu1180\/2021\/06\/20210618_133458-1024x576.jpg\" alt=\"\" width=\"1024\" height=\"576\" srcset=\"https:\/\/serveiseducatius.xtec.cat\/baixllobregat5\/wp-content\/uploads\/usu1180\/2021\/06\/20210618_133458-1024x576.jpg 1024w, https:\/\/serveiseducatius.xtec.cat\/baixllobregat5\/wp-content\/uploads\/usu1180\/2021\/06\/20210618_133458-300x169.jpg 300w, https:\/\/serveiseducatius.xtec.cat\/baixllobregat5\/wp-content\/uploads\/usu1180\/2021\/06\/20210618_133458-768x432.jpg 768w\" sizes=\"auto, (max-width: 1024px) 100vw, 1024px\" \/><\/a> <a href=\"https:\/\/serveiseducatius.xtec.cat\/baixllobregat5\/wp-content\/uploads\/usu1180\/2021\/06\/20210618_133551.jpg\"><img loading=\"lazy\" decoding=\"async\" class=\"alignnone size-large wp-image-19539\" src=\"https:\/\/serveiseducatius.xtec.cat\/baixllobregat5\/wp-content\/uploads\/usu1180\/2021\/06\/20210618_133551-1024x576.jpg\" alt=\"\" width=\"1024\" height=\"576\" srcset=\"https:\/\/serveiseducatius.xtec.cat\/baixllobregat5\/wp-content\/uploads\/usu1180\/2021\/06\/20210618_133551-1024x576.jpg 1024w, https:\/\/serveiseducatius.xtec.cat\/baixllobregat5\/wp-content\/uploads\/usu1180\/2021\/06\/20210618_133551-300x169.jpg 300w, https:\/\/serveiseducatius.xtec.cat\/baixllobregat5\/wp-content\/uploads\/usu1180\/2021\/06\/20210618_133551-768x432.jpg 768w\" sizes=\"auto, (max-width: 1024px) 100vw, 1024px\" \/><\/a><\/p>\n<p>&nbsp;<\/p>\n<p>&nbsp;<\/p>\n","protected":false},"excerpt":{"rendered":"<p>Al llarg d&#8217;aquest curs, hem transformat la nostra biblioteca d&#8217;escola\u00a0http:\/\/www.escolarosercapdevila.cat\/ la qual ha quedat amb una gran amplitud en un [&hellip;]<\/p>\n","protected":false},"author":125,"featured_media":82,"comment_status":"open","ping_status":"closed","sticky":false,"template":"","format":"standard","meta":{"_bbp_topic_count":0,"_bbp_reply_count":0,"_bbp_total_topic_count":0,"_bbp_total_reply_count":0,"_bbp_voice_count":0,"_bbp_anonymous_reply_count":0,"_bbp_topic_count_hidden":0,"_bbp_reply_count_hidden":0,"_bbp_forum_subforum_count":0,"site-sidebar-layout":"default","site-content-layout":"","ast-site-content-layout":"","site-content-style":"default","site-sidebar-style":"default","ast-global-header-display":"","ast-banner-title-visibility":"","ast-main-header-display":"","ast-hfb-above-header-display":"","ast-hfb-below-header-display":"","ast-hfb-mobile-header-display":"","site-post-title":"","ast-breadcrumbs-content":"","ast-featured-img":"","footer-sml-layout":"","theme-transparent-header-meta":"","adv-header-id-meta":"","stick-header-meta":"","header-above-stick-meta":"","header-main-stick-meta":"","header-below-stick-meta":"","astra-migrate-meta-layouts":"default","ast-page-background-enabled":"default","ast-page-background-meta":{"desktop":{"background-color":"var(--ast-global-color-4)","background-image":"","background-repeat":"repeat","background-position":"center center","background-size":"auto","background-attachment":"scroll","background-type":"","background-media":"","overlay-type":"","overlay-color":"","overlay-opacity":"","overlay-gradient":""},"tablet":{"background-color":"","background-image":"","background-repeat":"repeat","background-position":"center center","background-size":"auto","background-attachment":"scroll","background-type":"","background-media":"","overlay-type":"","overlay-color":"","overlay-opacity":"","overlay-gradient":""},"mobile":{"background-color":"","background-image":"","background-repeat":"repeat","background-position":"center center","background-size":"auto","background-attachment":"scroll","background-type":"","background-media":"","overlay-type":"","overlay-color":"","overlay-opacity":"","overlay-gradient":""}},"ast-content-background-meta":{"desktop":{"background-color":"var(--ast-global-color-5)","background-image":"","background-repeat":"repeat","background-position":"center center","background-size":"auto","background-attachment":"scroll","background-type":"","background-media":"","overlay-type":"","overlay-color":"","overlay-opacity":"","overlay-gradient":""},"tablet":{"background-color":"var(--ast-global-color-5)","background-image":"","background-repeat":"repeat","background-position":"center center","background-size":"auto","background-attachment":"scroll","background-type":"","background-media":"","overlay-type":"","overlay-color":"","overlay-opacity":"","overlay-gradient":""},"mobile":{"background-color":"var(--ast-global-color-5)","background-image":"","background-repeat":"repeat","background-position":"center center","background-size":"auto","background-attachment":"scroll","background-type":"","background-media":"","overlay-type":"","overlay-color":"","overlay-opacity":"","overlay-gradient":""}},"footnotes":""},"categories":[65],"tags":[267,268,290,414,100,1519],"class_list":["post-19537","post","type-post","status-publish","format-standard","has-post-thumbnail","hentry","category-crp","tag-bec","tag-bes","tag-biblioteques-escolars","tag-escola-roser-capdevila","tag-lectura","tag-teixell"],"post_mailing_queue_ids":[],"_links":{"self":[{"href":"https:\/\/serveiseducatius.xtec.cat\/baixllobregat5\/wp-json\/wp\/v2\/posts\/19537","targetHints":{"allow":["GET"]}}],"collection":[{"href":"https:\/\/serveiseducatius.xtec.cat\/baixllobregat5\/wp-json\/wp\/v2\/posts"}],"about":[{"href":"https:\/\/serveiseducatius.xtec.cat\/baixllobregat5\/wp-json\/wp\/v2\/types\/post"}],"author":[{"embeddable":true,"href":"https:\/\/serveiseducatius.xtec.cat\/baixllobregat5\/wp-json\/wp\/v2\/users\/125"}],"replies":[{"embeddable":true,"href":"https:\/\/serveiseducatius.xtec.cat\/baixllobregat5\/wp-json\/wp\/v2\/comments?post=19537"}],"version-history":[{"count":1,"href":"https:\/\/serveiseducatius.xtec.cat\/baixllobregat5\/wp-json\/wp\/v2\/posts\/19537\/revisions"}],"predecessor-version":[{"id":19541,"href":"https:\/\/serveiseducatius.xtec.cat\/baixllobregat5\/wp-json\/wp\/v2\/posts\/19537\/revisions\/19541"}],"wp:featuredmedia":[{"embeddable":true,"href":"https:\/\/serveiseducatius.xtec.cat\/baixllobregat5\/wp-json\/wp\/v2\/media\/82"}],"wp:attachment":[{"href":"https:\/\/serveiseducatius.xtec.cat\/baixllobregat5\/wp-json\/wp\/v2\/media?parent=19537"}],"wp:term":[{"taxonomy":"category","embeddable":true,"href":"https:\/\/serveiseducatius.xtec.cat\/baixllobregat5\/wp-json\/wp\/v2\/categories?post=19537"},{"taxonomy":"post_tag","embeddable":true,"href":"https:\/\/serveiseducatius.xtec.cat\/baixllobregat5\/wp-json\/wp\/v2\/tags?post=19537"}],"curies":[{"name":"wp","href":"https:\/\/api.w.org\/{rel}","templated":true}]}}