{"id":19239,"date":"2021-05-31T08:18:16","date_gmt":"2021-05-31T06:18:16","guid":{"rendered":"http:\/\/serveiseducatius.xtec.cat\/baixllobregat5\/?p=19239"},"modified":"2021-05-31T08:23:58","modified_gmt":"2021-05-31T06:23:58","slug":"recomanacions-per-a-familiars-i-per-a-professionals-quan-hi-ha-una-revelacio-de-violencia-sexual-en-nens-nenes-i-adolescents","status":"publish","type":"post","link":"https:\/\/serveiseducatius.xtec.cat\/baixllobregat5\/general\/recomanacions-per-a-familiars-i-per-a-professionals-quan-hi-ha-una-revelacio-de-violencia-sexual-en-nens-nenes-i-adolescents\/","title":{"rendered":"Recomanacions per a familiars i per a professionals quan hi ha una revelaci\u00f3 de viol\u00e8ncia sexual en nens, nenes i adolescents"},"content":{"rendered":"<p><a href=\"http:\/\/cejfe.gencat.cat\/ca\/publicacions\/destacats-recerca\/guies\/\" target=\"_blank\" rel=\"noopener noreferrer\"><img loading=\"lazy\" decoding=\"async\" class=\"alignleft wp-image-19240 size-full\" src=\"https:\/\/serveiseducatius.xtec.cat\/baixllobregat5\/wp-content\/uploads\/usu1180\/2021\/05\/guies1_ed_sex.png\" alt=\"Guies Viol\u00e8ncia Sexual\" width=\"514\" height=\"768\" srcset=\"https:\/\/serveiseducatius.xtec.cat\/baixllobregat5\/wp-content\/uploads\/usu1180\/2021\/05\/guies1_ed_sex.png 514w, https:\/\/serveiseducatius.xtec.cat\/baixllobregat5\/wp-content\/uploads\/usu1180\/2021\/05\/guies1_ed_sex-201x300.png 201w\" sizes=\"auto, (max-width: 514px) 100vw, 514px\" \/><\/a>La Direcci\u00f3 General d\u2019Execuci\u00f3 Penal a la Comunitat i Just\u00edcia Juvenil i el\u00a0 Centre d\u2019Estudis Jur\u00eddics i Formaci\u00f3 Especialitzada, han editat unes guies adre\u00e7ades a familiars i a professionals quan hi ha una revelaci\u00f3 de viol\u00e8ncia sexual en nens i nenes i adolescents.<span id=\"more-21420\"><\/span><\/p>\n<p><strong>Divendres 11 de juny<\/strong> es far\u00e0 una<strong> sessi\u00f3 formativa i cal formalitzar la <a href=\"https:\/\/formacio.cejfe.gencat.cat\/cejfe\/#\/\" target=\"_blank\" rel=\"noopener noreferrer\" data-saferedirecturl=\"https:\/\/www.google.com\/url?q=https:\/\/formacio.cejfe.gencat.cat\/cejfe\/%23\/&amp;source=gmail&amp;ust=1622269455449000&amp;usg=AFQjCNGpcM9Si2JvD_xw8JeHqJYjAmSaQA\">inscripci\u00f3<\/a> abans del 9 de juny,<\/strong> Les persones admeses rebran un enlla\u00e7 per accedir a la plataforma zoom que emetr\u00e0 la sessi\u00f3.<\/p>\n<p>Les recomanacions i orientacions sorgeixen del coneixement\u00a0 sobre com es viu la revelaci\u00f3 de la viol\u00e8ncia sexual pels familiars i persones properes a l\u2019entorn del nen,nena i adolescent (NNA) que n\u2019ha patit. Per aix\u00f2, pretenen servir com a guia inicial en el moment de la revelaci\u00f3 o del descobriment.<br \/>\nCada nen, nena i adolescent t\u00e9 les seves necessitats, personalitat i circumst\u00e0ncies particulars, a m\u00e9s d\u2019una manera pr\u00f2pia de viure la viol\u00e8ncia sexual. Per tant, si tens cap dubte, consulta\u2019l amb especialistes que et puguin ajudar sobre la decisi\u00f3 m\u00e9s beneficiosa per a cada cas<\/p>\n<p><strong>La guia adre\u00e7ada a professionals \u00e9s fruit de l\u2019evid\u00e8ncia pr\u00e0ctica<\/strong> sobre com afecta als nens, nenes i adolescents (NNA) el recorregut de visites i entrevistes per diferents professionals a partir del moment que revelen la viol\u00e8ncia sexual soferta. Aix\u00ed, pret\u00e9n servir com a <strong>material de suport per disposar d\u2019una guia pr\u00e0ctica que destaqui les pautes d\u2019actuaci\u00f3 que han de dominar els equips de professionals per tal de reduir la victimitzaci\u00f3 secund\u00e0ria.<\/strong><br \/>\nConv\u00e9 recordar que cada nen, nena i adolescent (NNA) t\u00e9 les seves necessitats ,personalitat i circumst\u00e0ncies particulars, a m\u00e9s de la viv\u00e8ncia pr\u00f2pia de la viol\u00e8ncia sexual. No s\u2019ha de traslladar les interpretacions personals als NNA, ni a les seves fam\u00edlies.<\/p>\n<p><a href=\"http:\/\/cejfe.gencat.cat\/ca\/publicacions\/destacats-recerca\/guies\/\" target=\"_blank\" rel=\"noopener noreferrer\">Acc\u00e9s a la GUIA<\/a><br \/>\nPrograma 11 de juny:<\/p>\n<p><iframe loading=\"lazy\" src=\"https:\/\/drive.google.com\/file\/d\/1yifOYWZSwSk3ssnacsg9QOR3DQFlmdJd\/preview\" width=\"800\" height=\"1100\" data-mce-fragment=\"1\">&lt;span<br \/>\ndata-mce-type=&#8221;bookmark&#8221; style=&#8221;display: inline-block; width: 0px;<br \/>\noverflow: hidden; line-height: 0;&#8221;<br \/>\nclass=&#8221;mce_SELRES_start&#8221;&gt;\ufeff&lt;\/span&gt;<\/iframe><\/p>\n","protected":false},"excerpt":{"rendered":"<p>La Direcci\u00f3 General d\u2019Execuci\u00f3 Penal a la Comunitat i Just\u00edcia Juvenil i el\u00a0 Centre d\u2019Estudis Jur\u00eddics i Formaci\u00f3 Especialitzada, han [&hellip;]<\/p>\n","protected":false},"author":1,"featured_media":19240,"comment_status":"open","ping_status":"closed","sticky":false,"template":"","format":"standard","meta":{"_bbp_topic_count":0,"_bbp_reply_count":0,"_bbp_total_topic_count":0,"_bbp_total_reply_count":0,"_bbp_voice_count":0,"_bbp_anonymous_reply_count":0,"_bbp_topic_count_hidden":0,"_bbp_reply_count_hidden":0,"_bbp_forum_subforum_count":0,"site-sidebar-layout":"default","site-content-layout":"","ast-site-content-layout":"","site-content-style":"default","site-sidebar-style":"default","ast-global-header-display":"","ast-banner-title-visibility":"","ast-main-header-display":"","ast-hfb-above-header-display":"","ast-hfb-below-header-display":"","ast-hfb-mobile-header-display":"","site-post-title":"","ast-breadcrumbs-content":"","ast-featured-img":"","footer-sml-layout":"","theme-transparent-header-meta":"","adv-header-id-meta":"","stick-header-meta":"","header-above-stick-meta":"","header-main-stick-meta":"","header-below-stick-meta":"","astra-migrate-meta-layouts":"default","ast-page-background-enabled":"default","ast-page-background-meta":{"desktop":{"background-color":"var(--ast-global-color-4)","background-image":"","background-repeat":"repeat","background-position":"center center","background-size":"auto","background-attachment":"scroll","background-type":"","background-media":"","overlay-type":"","overlay-color":"","overlay-opacity":"","overlay-gradient":""},"tablet":{"background-color":"","background-image":"","background-repeat":"repeat","background-position":"center center","background-size":"auto","background-attachment":"scroll","background-type":"","background-media":"","overlay-type":"","overlay-color":"","overlay-opacity":"","overlay-gradient":""},"mobile":{"background-color":"","background-image":"","background-repeat":"repeat","background-position":"center center","background-size":"auto","background-attachment":"scroll","background-type":"","background-media":"","overlay-type":"","overlay-color":"","overlay-opacity":"","overlay-gradient":""}},"ast-content-background-meta":{"desktop":{"background-color":"var(--ast-global-color-5)","background-image":"","background-repeat":"repeat","background-position":"center center","background-size":"auto","background-attachment":"scroll","background-type":"","background-media":"","overlay-type":"","overlay-color":"","overlay-opacity":"","overlay-gradient":""},"tablet":{"background-color":"var(--ast-global-color-5)","background-image":"","background-repeat":"repeat","background-position":"center center","background-size":"auto","background-attachment":"scroll","background-type":"","background-media":"","overlay-type":"","overlay-color":"","overlay-opacity":"","overlay-gradient":""},"mobile":{"background-color":"var(--ast-global-color-5)","background-image":"","background-repeat":"repeat","background-position":"center center","background-size":"auto","background-attachment":"scroll","background-type":"","background-media":"","overlay-type":"","overlay-color":"","overlay-opacity":"","overlay-gradient":""}},"footnotes":""},"categories":[67,1,535],"tags":[750,1488,1486,1489,711,1490],"class_list":["post-19239","post","type-post","status-publish","format-standard","has-post-thumbnail","hentry","category-eap","category-general","category-portada","tag-eap","tag-infancia","tag-portada-adolescencia","tag-psicologia","tag-sexualitat","tag-violencia-de-genere"],"post_mailing_queue_ids":[],"_links":{"self":[{"href":"https:\/\/serveiseducatius.xtec.cat\/baixllobregat5\/wp-json\/wp\/v2\/posts\/19239","targetHints":{"allow":["GET"]}}],"collection":[{"href":"https:\/\/serveiseducatius.xtec.cat\/baixllobregat5\/wp-json\/wp\/v2\/posts"}],"about":[{"href":"https:\/\/serveiseducatius.xtec.cat\/baixllobregat5\/wp-json\/wp\/v2\/types\/post"}],"author":[{"embeddable":true,"href":"https:\/\/serveiseducatius.xtec.cat\/baixllobregat5\/wp-json\/wp\/v2\/users\/1"}],"replies":[{"embeddable":true,"href":"https:\/\/serveiseducatius.xtec.cat\/baixllobregat5\/wp-json\/wp\/v2\/comments?post=19239"}],"version-history":[{"count":1,"href":"https:\/\/serveiseducatius.xtec.cat\/baixllobregat5\/wp-json\/wp\/v2\/posts\/19239\/revisions"}],"predecessor-version":[{"id":19241,"href":"https:\/\/serveiseducatius.xtec.cat\/baixllobregat5\/wp-json\/wp\/v2\/posts\/19239\/revisions\/19241"}],"wp:featuredmedia":[{"embeddable":true,"href":"https:\/\/serveiseducatius.xtec.cat\/baixllobregat5\/wp-json\/wp\/v2\/media\/19240"}],"wp:attachment":[{"href":"https:\/\/serveiseducatius.xtec.cat\/baixllobregat5\/wp-json\/wp\/v2\/media?parent=19239"}],"wp:term":[{"taxonomy":"category","embeddable":true,"href":"https:\/\/serveiseducatius.xtec.cat\/baixllobregat5\/wp-json\/wp\/v2\/categories?post=19239"},{"taxonomy":"post_tag","embeddable":true,"href":"https:\/\/serveiseducatius.xtec.cat\/baixllobregat5\/wp-json\/wp\/v2\/tags?post=19239"}],"curies":[{"name":"wp","href":"https:\/\/api.w.org\/{rel}","templated":true}]}}