{"id":1909,"date":"2015-05-07T09:45:56","date_gmt":"2015-05-07T07:45:56","guid":{"rendered":"http:\/\/blocs.xtec.cat\/sbec\/?p=1909"},"modified":"2016-12-07T10:42:35","modified_gmt":"2016-12-07T09:42:35","slug":"reciclacultura-a-linstitut-francesc-macia","status":"publish","type":"post","link":"https:\/\/serveiseducatius.xtec.cat\/baixllobregat5\/portada\/reciclacultura-a-linstitut-francesc-macia\/","title":{"rendered":"#reciclacultura  a l&#8217;Institut Francesc Maci\u00e0"},"content":{"rendered":"<p style=\"text-align: left;\">Per aquest Sant Jordi 2015, la biblioteca de \u00a0l&#8217;<a title=\"Institut Francesc Maci\u00e0\" href=\"http:\/\/bibliotecamacia.blogspot.com.es\/2015\/04\/recicla-cultura.html\">Institut Francesc Maci\u00e0<\/a> s&#8217;ha afegit al projecte <a title=\"#reciclacultura\" href=\"http:\/\/www.reciclacultura.org\">#reciclacultura<\/a> de la\u00a0<strong>Fundaci\u00f3 Servei Solidari<\/strong>.<\/p>\n<p style=\"text-align: left;\">La nostra col\u00b7laboraci\u00f3 ha consistit en fer un <a title=\"mercat de llibre\" href=\"http:\/\/bibliotecamacia.blogspot.com.es\/2015\/04\/mercat-de-llibres-de-segona-ma-linstitut.html\">mercat de llibres<\/a>\u00a0<em>llegits<\/em>, de segona ma i vendre&#8217;ls a l&#8217;alumnat i al professorat de l&#8217;institut. La recaptaci\u00f3 s&#8217;ha enviat a la fundaci\u00f3 que utilitzar\u00e0 aquestsdiners per fer cursos d&#8217;alfabetitzaci\u00f3.<\/p>\n<p style=\"text-align: left;\">Aquesta activitat va resultar molt engrescadora per a l&#8217;alumnat, ja que comprar llibres a 50 c\u00e8ntims anima a la lectura.<\/p>\n<p>&nbsp;<\/p>\n<p><a href=\"http:\/\/serveiseducatius.xtec.cat\/baixllobregat5\/wp-content\/uploads\/usu1180\/2015\/05\/mercat-de-llibres.png\"><img loading=\"lazy\" decoding=\"async\" class=\"alignnone size-medium wp-image-1910\" src=\"http:\/\/serveiseducatius.xtec.cat\/baixllobregat5\/wp-content\/uploads\/usu1180\/2015\/05\/mercat-de-llibres-300x284.png\" alt=\"mercat de llibres\" width=\"300\" height=\"284\" srcset=\"https:\/\/serveiseducatius.xtec.cat\/baixllobregat5\/wp-content\/uploads\/usu1180\/2015\/05\/mercat-de-llibres-300x284.png 300w, https:\/\/serveiseducatius.xtec.cat\/baixllobregat5\/wp-content\/uploads\/usu1180\/2015\/05\/mercat-de-llibres.png 955w\" sizes=\"auto, (max-width: 300px) 100vw, 300px\" \/><\/a><\/p>\n<p>&nbsp;<\/p>\n","protected":false},"excerpt":{"rendered":"<p>#reciclacultura: mercat de llibre solidari al Francesc Maci\u00e0<\/p>\n","protected":false},"author":1,"featured_media":0,"comment_status":"open","ping_status":"open","sticky":false,"template":"","format":"standard","meta":{"_bbp_topic_count":0,"_bbp_reply_count":0,"_bbp_total_topic_count":0,"_bbp_total_reply_count":0,"_bbp_voice_count":0,"_bbp_anonymous_reply_count":0,"_bbp_topic_count_hidden":0,"_bbp_reply_count_hidden":0,"_bbp_forum_subforum_count":0,"site-sidebar-layout":"default","site-content-layout":"","ast-site-content-layout":"","site-content-style":"default","site-sidebar-style":"default","ast-global-header-display":"","ast-banner-title-visibility":"","ast-main-header-display":"","ast-hfb-above-header-display":"","ast-hfb-below-header-display":"","ast-hfb-mobile-header-display":"","site-post-title":"","ast-breadcrumbs-content":"","ast-featured-img":"","footer-sml-layout":"","theme-transparent-header-meta":"","adv-header-id-meta":"","stick-header-meta":"","header-above-stick-meta":"","header-main-stick-meta":"","header-below-stick-meta":"","astra-migrate-meta-layouts":"default","ast-page-background-enabled":"default","ast-page-background-meta":{"desktop":{"background-color":"var(--ast-global-color-4)","background-image":"","background-repeat":"repeat","background-position":"center center","background-size":"auto","background-attachment":"scroll","background-type":"","background-media":"","overlay-type":"","overlay-color":"","overlay-opacity":"","overlay-gradient":""},"tablet":{"background-color":"","background-image":"","background-repeat":"repeat","background-position":"center center","background-size":"auto","background-attachment":"scroll","background-type":"","background-media":"","overlay-type":"","overlay-color":"","overlay-opacity":"","overlay-gradient":""},"mobile":{"background-color":"","background-image":"","background-repeat":"repeat","background-position":"center center","background-size":"auto","background-attachment":"scroll","background-type":"","background-media":"","overlay-type":"","overlay-color":"","overlay-opacity":"","overlay-gradient":""}},"ast-content-background-meta":{"desktop":{"background-color":"var(--ast-global-color-5)","background-image":"","background-repeat":"repeat","background-position":"center center","background-size":"auto","background-attachment":"scroll","background-type":"","background-media":"","overlay-type":"","overlay-color":"","overlay-opacity":"","overlay-gradient":""},"tablet":{"background-color":"var(--ast-global-color-5)","background-image":"","background-repeat":"repeat","background-position":"center center","background-size":"auto","background-attachment":"scroll","background-type":"","background-media":"","overlay-type":"","overlay-color":"","overlay-opacity":"","overlay-gradient":""},"mobile":{"background-color":"var(--ast-global-color-5)","background-image":"","background-repeat":"repeat","background-position":"center center","background-size":"auto","background-attachment":"scroll","background-type":"","background-media":"","overlay-type":"","overlay-color":"","overlay-opacity":"","overlay-gradient":""}},"footnotes":""},"categories":[535],"tags":[290,173,347,364,38],"class_list":["post-1909","post","type-post","status-publish","format-standard","hentry","category-portada","tag-biblioteques-escolars","tag-gust-per-la-lectura","tag-instituto-francesc-macia","tag-mercat-de-llibres","tag-sant-jordi"],"post_mailing_queue_ids":[],"_links":{"self":[{"href":"https:\/\/serveiseducatius.xtec.cat\/baixllobregat5\/wp-json\/wp\/v2\/posts\/1909","targetHints":{"allow":["GET"]}}],"collection":[{"href":"https:\/\/serveiseducatius.xtec.cat\/baixllobregat5\/wp-json\/wp\/v2\/posts"}],"about":[{"href":"https:\/\/serveiseducatius.xtec.cat\/baixllobregat5\/wp-json\/wp\/v2\/types\/post"}],"author":[{"embeddable":true,"href":"https:\/\/serveiseducatius.xtec.cat\/baixllobregat5\/wp-json\/wp\/v2\/users\/1"}],"replies":[{"embeddable":true,"href":"https:\/\/serveiseducatius.xtec.cat\/baixllobregat5\/wp-json\/wp\/v2\/comments?post=1909"}],"version-history":[{"count":1,"href":"https:\/\/serveiseducatius.xtec.cat\/baixllobregat5\/wp-json\/wp\/v2\/posts\/1909\/revisions"}],"predecessor-version":[{"id":9606,"href":"https:\/\/serveiseducatius.xtec.cat\/baixllobregat5\/wp-json\/wp\/v2\/posts\/1909\/revisions\/9606"}],"wp:attachment":[{"href":"https:\/\/serveiseducatius.xtec.cat\/baixllobregat5\/wp-json\/wp\/v2\/media?parent=1909"}],"wp:term":[{"taxonomy":"category","embeddable":true,"href":"https:\/\/serveiseducatius.xtec.cat\/baixllobregat5\/wp-json\/wp\/v2\/categories?post=1909"},{"taxonomy":"post_tag","embeddable":true,"href":"https:\/\/serveiseducatius.xtec.cat\/baixllobregat5\/wp-json\/wp\/v2\/tags?post=1909"}],"curies":[{"name":"wp","href":"https:\/\/api.w.org\/{rel}","templated":true}]}}