{"id":18937,"date":"2021-04-23T11:47:38","date_gmt":"2021-04-23T09:47:38","guid":{"rendered":"http:\/\/serveiseducatius.xtec.cat\/baixllobregat5\/?p=18937"},"modified":"2021-04-23T11:48:06","modified_gmt":"2021-04-23T09:48:06","slug":"capsula-de-medi-ensenyar-ciencies-socials-per-aprendre-a-pensar-problemes-socials","status":"publish","type":"post","link":"https:\/\/serveiseducatius.xtec.cat\/baixllobregat5\/general\/capsula-de-medi-ensenyar-ciencies-socials-per-aprendre-a-pensar-problemes-socials\/","title":{"rendered":"C\u00e0psula de medi: Ensenyar Ci\u00e8ncies Socials per aprendre a pensar problemes socials?"},"content":{"rendered":"<p style=\"font-weight: 400;\">El proper\u00a0<strong>5 de maig 2021 de 17.30 h a 19.30 h <\/strong>tindr\u00e0 lloc la <span style=\"font-family: inherit; font-size: 1em;\">tercera C\u00e0psula de Medi d&#8217;aquest curs. Aquesta vegada, dedicada a <\/span><strong style=\"font-family: inherit; font-size: 1em;\">Ensenyar Ci\u00e8ncies Socials per aprendre a pensar problemes socials?<\/strong><\/p>\n<p><img loading=\"lazy\" decoding=\"async\" class=\"alignleft size-medium wp-image-18943\" src=\"https:\/\/serveiseducatius.xtec.cat\/baixllobregat5\/wp-content\/uploads\/usu1180\/2021\/04\/image-1-300x134.png\" alt=\"\" width=\"300\" height=\"134\" srcset=\"https:\/\/serveiseducatius.xtec.cat\/baixllobregat5\/wp-content\/uploads\/usu1180\/2021\/04\/image-1-300x134.png 300w, https:\/\/serveiseducatius.xtec.cat\/baixllobregat5\/wp-content\/uploads\/usu1180\/2021\/04\/image-1.png 567w\" sizes=\"auto, (max-width: 300px) 100vw, 300px\" \/><\/p>\n<p>Destinada a Mestres d&#8217;Educaci\u00f3 infantil i prim\u00e0ria.<\/p>\n<p style=\"font-weight: 400;\">La sessi\u00f3 ser\u00e0 retransmesa pel canal de Youtube <span style=\"color: #0000ff;\"><a style=\"color: #0000ff;\" href=\"https:\/\/www.youtube.com\/channel\/UCr1QWhZwVGwll5KzxcFfubQ\" data-saferedirecturl=\"https:\/\/www.google.com\/url?q=https:\/\/www.youtube.com\/channel\/UCr1QWhZwVGwll5KzxcFfubQ&amp;source=gmail&amp;ust=1619250105126000&amp;usg=AFQjCNELd6Pmxt9mN4_KzNOZR_iNjBrQvQ\"><em>\u00c0mbit Cient\u00edfic i\u00a0Medi. CESIRE<\/em><\/a><em>.<\/em><\/span><\/p>\n<p style=\"font-weight: 400;\"><a href=\"https:\/\/aplicacions.gestioeducativa.gencat.cat\/pls\/soloas\/pk_for_mod_ins.p_for_detall_activitat?p_codi=9000200532&amp;p_curs=2020-2021&amp;p_es_inscr=S\" data-saferedirecturl=\"https:\/\/www.google.com\/url?q=https:\/\/aplicacions.gestioeducativa.gencat.cat\/pls\/soloas\/pk_for_mod_ins.p_for_detall_activitat?p_codi%3D9000200532%26p_curs%3D2020-2021%26p_es_inscr%3DS&amp;source=gmail&amp;ust=1619250105126000&amp;usg=AFQjCNF0hROhQBJ1EXNllUyV0r2jYReXtg\"><em>Inscripcions<\/em><\/a><\/p>\n<hr \/>\n<p><a href=\"http:\/\/agora.xtec.cat\/cesire\/\">CESIRE<\/a> &#8211; Centre de Recursos Pedag\u00f2gics Espec\u00edfics de Suport a la Innovaci\u00f3 i la Recerca Educativa<br \/>\nDepartament d&#8217;Educaci\u00f3 | Generalitat de Catalunya<\/p>\n","protected":false},"excerpt":{"rendered":"<p>El proper\u00a05 de maig 2021 de 17.30 h a 19.30 h tindr\u00e0 lloc la tercera C\u00e0psula de Medi d&#8217;aquest curs. [&hellip;]<\/p>\n","protected":false},"author":1,"featured_media":18943,"comment_status":"open","ping_status":"closed","sticky":false,"template":"","format":"standard","meta":{"_bbp_topic_count":0,"_bbp_reply_count":0,"_bbp_total_topic_count":0,"_bbp_total_reply_count":0,"_bbp_voice_count":0,"_bbp_anonymous_reply_count":0,"_bbp_topic_count_hidden":0,"_bbp_reply_count_hidden":0,"_bbp_forum_subforum_count":0,"site-sidebar-layout":"default","site-content-layout":"","ast-site-content-layout":"","site-content-style":"default","site-sidebar-style":"default","ast-global-header-display":"","ast-banner-title-visibility":"","ast-main-header-display":"","ast-hfb-above-header-display":"","ast-hfb-below-header-display":"","ast-hfb-mobile-header-display":"","site-post-title":"","ast-breadcrumbs-content":"","ast-featured-img":"","footer-sml-layout":"","theme-transparent-header-meta":"","adv-header-id-meta":"","stick-header-meta":"","header-above-stick-meta":"","header-main-stick-meta":"","header-below-stick-meta":"","astra-migrate-meta-layouts":"default","ast-page-background-enabled":"default","ast-page-background-meta":{"desktop":{"background-color":"var(--ast-global-color-4)","background-image":"","background-repeat":"repeat","background-position":"center center","background-size":"auto","background-attachment":"scroll","background-type":"","background-media":"","overlay-type":"","overlay-color":"","overlay-opacity":"","overlay-gradient":""},"tablet":{"background-color":"","background-image":"","background-repeat":"repeat","background-position":"center center","background-size":"auto","background-attachment":"scroll","background-type":"","background-media":"","overlay-type":"","overlay-color":"","overlay-opacity":"","overlay-gradient":""},"mobile":{"background-color":"","background-image":"","background-repeat":"repeat","background-position":"center center","background-size":"auto","background-attachment":"scroll","background-type":"","background-media":"","overlay-type":"","overlay-color":"","overlay-opacity":"","overlay-gradient":""}},"ast-content-background-meta":{"desktop":{"background-color":"var(--ast-global-color-5)","background-image":"","background-repeat":"repeat","background-position":"center center","background-size":"auto","background-attachment":"scroll","background-type":"","background-media":"","overlay-type":"","overlay-color":"","overlay-opacity":"","overlay-gradient":""},"tablet":{"background-color":"var(--ast-global-color-5)","background-image":"","background-repeat":"repeat","background-position":"center center","background-size":"auto","background-attachment":"scroll","background-type":"","background-media":"","overlay-type":"","overlay-color":"","overlay-opacity":"","overlay-gradient":""},"mobile":{"background-color":"var(--ast-global-color-5)","background-image":"","background-repeat":"repeat","background-position":"center center","background-size":"auto","background-attachment":"scroll","background-type":"","background-media":"","overlay-type":"","overlay-color":"","overlay-opacity":"","overlay-gradient":""}},"footnotes":""},"categories":[1,535],"tags":[966,343,422,380,1471],"class_list":["post-18937","post","type-post","status-publish","format-standard","has-post-thumbnail","hentry","category-general","category-portada","tag-cesire","tag-infantil","tag-medi","tag-primaria","tag-problemes-socials"],"post_mailing_queue_ids":[],"_links":{"self":[{"href":"https:\/\/serveiseducatius.xtec.cat\/baixllobregat5\/wp-json\/wp\/v2\/posts\/18937","targetHints":{"allow":["GET"]}}],"collection":[{"href":"https:\/\/serveiseducatius.xtec.cat\/baixllobregat5\/wp-json\/wp\/v2\/posts"}],"about":[{"href":"https:\/\/serveiseducatius.xtec.cat\/baixllobregat5\/wp-json\/wp\/v2\/types\/post"}],"author":[{"embeddable":true,"href":"https:\/\/serveiseducatius.xtec.cat\/baixllobregat5\/wp-json\/wp\/v2\/users\/1"}],"replies":[{"embeddable":true,"href":"https:\/\/serveiseducatius.xtec.cat\/baixllobregat5\/wp-json\/wp\/v2\/comments?post=18937"}],"version-history":[{"count":3,"href":"https:\/\/serveiseducatius.xtec.cat\/baixllobregat5\/wp-json\/wp\/v2\/posts\/18937\/revisions"}],"predecessor-version":[{"id":18947,"href":"https:\/\/serveiseducatius.xtec.cat\/baixllobregat5\/wp-json\/wp\/v2\/posts\/18937\/revisions\/18947"}],"wp:featuredmedia":[{"embeddable":true,"href":"https:\/\/serveiseducatius.xtec.cat\/baixllobregat5\/wp-json\/wp\/v2\/media\/18943"}],"wp:attachment":[{"href":"https:\/\/serveiseducatius.xtec.cat\/baixllobregat5\/wp-json\/wp\/v2\/media?parent=18937"}],"wp:term":[{"taxonomy":"category","embeddable":true,"href":"https:\/\/serveiseducatius.xtec.cat\/baixllobregat5\/wp-json\/wp\/v2\/categories?post=18937"},{"taxonomy":"post_tag","embeddable":true,"href":"https:\/\/serveiseducatius.xtec.cat\/baixllobregat5\/wp-json\/wp\/v2\/tags?post=18937"}],"curies":[{"name":"wp","href":"https:\/\/api.w.org\/{rel}","templated":true}]}}