{"id":1884,"date":"2015-03-31T21:55:15","date_gmt":"2015-03-31T19:55:15","guid":{"rendered":"http:\/\/blocs.xtec.cat\/sbec\/?p=1884"},"modified":"2016-12-13T13:40:57","modified_gmt":"2016-12-13T12:40:57","slug":"la-mati-visita-de-nou-al-cs","status":"publish","type":"post","link":"https:\/\/serveiseducatius.xtec.cat\/baixllobregat5\/portada\/la-mati-visita-de-nou-al-cs\/","title":{"rendered":"La Mati visita de nou al CS"},"content":{"rendered":"<p>Despr\u00e9s de la lectura de dos llibres els protagonistes dels quals s\u00f3n dos nens sords (\u201c<em>\u00d3yeme con los ojos<\/em>\u201d i \u201c<em>Palabras de Caramelo<\/em>\u201d), el dilluns 23 de mar\u00e7 ens ha tornat a visitar de nou la <a href=\"http:\/\/enratlletes.escolamarededeudemontserrat.es\/?p=3192\">Mati,<\/a> una noia sorda de naixement, que ja ens va visitar el curs passat i que porta un implant coclear.<br \/>\nAquest any ha vingut amb una companyia molt especial: el seu fill Ra\u00fal que t\u00e9 tres mesos.<br \/>\nEls alumnes de 6\u00e8 que ja la coneixien l\u2019han regalat una carta, uns poemes molt macos i una foto de la seva visita del curs passat. I els de 5\u00e8 han tingut l\u2019oportunitat de con\u00e8ixer-la i preguntar-li tot el que han volgut referent a la seva discapacitat.<br \/>\nLes intervencions dels nostres alumnes ha fet que la noia s\u2019emocion\u00e9s en m\u00e9s d\u2019una ocasi\u00f3.<br \/>\nPensem que aquesta visita \u00e9s molt positiva pels nostres alumnes i els hi d\u00f3na l\u2019oportunitat de con\u00e8ixer de primera m\u00e0 la const\u00e0ncia que han de tenir aquestes persones per seguir endavant i la import\u00e0ncia que t\u00e9 el suport de tota la societat.<\/p>\n<p><strong><a href=\"http:\/\/www.anayainfantilyjuvenil.com\/pdf\/proyectos_lectura\/IJ00073704_1.pdf\" target=\"_blank\">Material\u00a0did\u00e0ctic<\/a> <\/strong>per treballar<strong> <em>\u00d3yeme con los ojos<\/em><\/strong><\/p>\n<p><a href=\"http:\/\/www.anayainfantilyjuvenil.com\/pdf\/proyectos_lectura\/IJ00106701_1.pdf\" target=\"_blank\"><strong>Material did\u00e0ctic<\/strong><\/a>\u00a0per treballar <em>Palabras de caramelo<\/em><\/p>\n<p style=\"text-align: left;\"><a href=\"http:\/\/www.fundacioncnse.org\/lectura\/manos_para_leer_y_signar\/dinamicas_especificas\/oyeme_con_los_ojos.htm\" target=\"_blank\"><img loading=\"lazy\" decoding=\"async\" class=\"alignnone\" src=\"http:\/\/f.tqn.com\/y\/literaturainfantil\/1\/G\/x\/1\/-\/-\/oyemeconlosojos.jpg\" alt=\"\" width=\"151\" height=\"233\" \/><\/a>\u00a0 \u00a0\u00a0<img loading=\"lazy\" decoding=\"async\" class=\"alignleft\" src=\"http:\/\/www.fundacioncnse.org\/lectura\/Imagen\/IMAGEN%20DE%20LIBROS\/palabras%20de%20caramelo.jpg\" alt=\"\" width=\"151\" height=\"230\" \/><\/p>\n","protected":false},"excerpt":{"rendered":"<p>Despr\u00e9s de la lectura de dos llibres els protagonistes dels quals s\u00f3n dos nens sords (\u201c\u00d3yeme con los ojos\u201d i [&hellip;]<\/p>\n","protected":false},"author":1,"featured_media":0,"comment_status":"open","ping_status":"open","sticky":false,"template":"","format":"standard","meta":{"_bbp_topic_count":0,"_bbp_reply_count":0,"_bbp_total_topic_count":0,"_bbp_total_reply_count":0,"_bbp_voice_count":0,"_bbp_anonymous_reply_count":0,"_bbp_topic_count_hidden":0,"_bbp_reply_count_hidden":0,"_bbp_forum_subforum_count":0,"site-sidebar-layout":"default","site-content-layout":"","ast-site-content-layout":"","site-content-style":"default","site-sidebar-style":"default","ast-global-header-display":"","ast-banner-title-visibility":"","ast-main-header-display":"","ast-hfb-above-header-display":"","ast-hfb-below-header-display":"","ast-hfb-mobile-header-display":"","site-post-title":"","ast-breadcrumbs-content":"","ast-featured-img":"","footer-sml-layout":"","theme-transparent-header-meta":"","adv-header-id-meta":"","stick-header-meta":"","header-above-stick-meta":"","header-main-stick-meta":"","header-below-stick-meta":"","astra-migrate-meta-layouts":"default","ast-page-background-enabled":"default","ast-page-background-meta":{"desktop":{"background-color":"var(--ast-global-color-4)","background-image":"","background-repeat":"repeat","background-position":"center center","background-size":"auto","background-attachment":"scroll","background-type":"","background-media":"","overlay-type":"","overlay-color":"","overlay-opacity":"","overlay-gradient":""},"tablet":{"background-color":"","background-image":"","background-repeat":"repeat","background-position":"center center","background-size":"auto","background-attachment":"scroll","background-type":"","background-media":"","overlay-type":"","overlay-color":"","overlay-opacity":"","overlay-gradient":""},"mobile":{"background-color":"","background-image":"","background-repeat":"repeat","background-position":"center center","background-size":"auto","background-attachment":"scroll","background-type":"","background-media":"","overlay-type":"","overlay-color":"","overlay-opacity":"","overlay-gradient":""}},"ast-content-background-meta":{"desktop":{"background-color":"var(--ast-global-color-5)","background-image":"","background-repeat":"repeat","background-position":"center center","background-size":"auto","background-attachment":"scroll","background-type":"","background-media":"","overlay-type":"","overlay-color":"","overlay-opacity":"","overlay-gradient":""},"tablet":{"background-color":"var(--ast-global-color-5)","background-image":"","background-repeat":"repeat","background-position":"center center","background-size":"auto","background-attachment":"scroll","background-type":"","background-media":"","overlay-type":"","overlay-color":"","overlay-opacity":"","overlay-gradient":""},"mobile":{"background-color":"var(--ast-global-color-5)","background-image":"","background-repeat":"repeat","background-position":"center center","background-size":"auto","background-attachment":"scroll","background-type":"","background-media":"","overlay-type":"","overlay-color":"","overlay-opacity":"","overlay-gradient":""}},"footnotes":""},"categories":[535],"tags":[326,342,385],"class_list":["post-1884","post","type-post","status-publish","format-standard","hentry","category-portada","tag-escola-montserrat","tag-impuls-a-la-lectura","tag-recomanacions-de-llibres"],"post_mailing_queue_ids":[],"_links":{"self":[{"href":"https:\/\/serveiseducatius.xtec.cat\/baixllobregat5\/wp-json\/wp\/v2\/posts\/1884","targetHints":{"allow":["GET"]}}],"collection":[{"href":"https:\/\/serveiseducatius.xtec.cat\/baixllobregat5\/wp-json\/wp\/v2\/posts"}],"about":[{"href":"https:\/\/serveiseducatius.xtec.cat\/baixllobregat5\/wp-json\/wp\/v2\/types\/post"}],"author":[{"embeddable":true,"href":"https:\/\/serveiseducatius.xtec.cat\/baixllobregat5\/wp-json\/wp\/v2\/users\/1"}],"replies":[{"embeddable":true,"href":"https:\/\/serveiseducatius.xtec.cat\/baixllobregat5\/wp-json\/wp\/v2\/comments?post=1884"}],"version-history":[{"count":1,"href":"https:\/\/serveiseducatius.xtec.cat\/baixllobregat5\/wp-json\/wp\/v2\/posts\/1884\/revisions"}],"predecessor-version":[{"id":9666,"href":"https:\/\/serveiseducatius.xtec.cat\/baixllobregat5\/wp-json\/wp\/v2\/posts\/1884\/revisions\/9666"}],"wp:attachment":[{"href":"https:\/\/serveiseducatius.xtec.cat\/baixllobregat5\/wp-json\/wp\/v2\/media?parent=1884"}],"wp:term":[{"taxonomy":"category","embeddable":true,"href":"https:\/\/serveiseducatius.xtec.cat\/baixllobregat5\/wp-json\/wp\/v2\/categories?post=1884"},{"taxonomy":"post_tag","embeddable":true,"href":"https:\/\/serveiseducatius.xtec.cat\/baixllobregat5\/wp-json\/wp\/v2\/tags?post=1884"}],"curies":[{"name":"wp","href":"https:\/\/api.w.org\/{rel}","templated":true}]}}