{"id":18839,"date":"2021-04-08T12:09:37","date_gmt":"2021-04-08T10:09:37","guid":{"rendered":"http:\/\/serveiseducatius.xtec.cat\/baixllobregat5\/?p=18839"},"modified":"2021-04-08T12:09:37","modified_gmt":"2021-04-08T10:09:37","slug":"la-ub-divulga-per-a-que-serveix-lestadistica-jornada-adrecada-al-professorat-de-secundaria-i-batxillerat-de-divulgacio-del-mon-de-lestadistica","status":"publish","type":"post","link":"https:\/\/serveiseducatius.xtec.cat\/baixllobregat5\/general\/la-ub-divulga-per-a-que-serveix-lestadistica-jornada-adrecada-al-professorat-de-secundaria-i-batxillerat-de-divulgacio-del-mon-de-lestadistica\/","title":{"rendered":"La UB divulga: Per a qu\u00e8 serveix l&#8217;estad\u00edstica? (Jornada adre\u00e7ada al professorat de secund\u00e0ria i batxillerat de divulgaci\u00f3 del m\u00f3n de l\u2019estad\u00edstica)"},"content":{"rendered":"<p><img loading=\"lazy\" decoding=\"async\" class=\"alignleft wp-image-18840\" src=\"https:\/\/serveiseducatius.xtec.cat\/baixllobregat5\/wp-content\/uploads\/usu1180\/2021\/04\/unnamed-300x114.jpg\" alt=\"\" width=\"492\" height=\"187\" srcset=\"https:\/\/serveiseducatius.xtec.cat\/baixllobregat5\/wp-content\/uploads\/usu1180\/2021\/04\/unnamed-300x114.jpg 300w, https:\/\/serveiseducatius.xtec.cat\/baixllobregat5\/wp-content\/uploads\/usu1180\/2021\/04\/unnamed.jpg 700w\" sizes=\"auto, (max-width: 492px) 100vw, 492px\" \/><\/p>\n<p>&nbsp;<\/p>\n<p style=\"font-weight: 400;\">La Unitat de Cultura Cient\u00edfica i Innovaci\u00f3 de la UB (UCC+I) us convida a participar en una nova acci\u00f3, que tindr\u00e0 lloc la tarda del <strong>18 de maig<\/strong>, per apropar l\u2019<strong>estad\u00edstica a l\u2019alumnat de secund\u00e0ria i batxillerat<\/strong>.<\/p>\n<p>&nbsp;<\/p>\n<p style=\"font-weight: 400;\">El <strong>Grup de Recerca en Bioestad\u00edstica i Bioinform\u00e0tica (GRBIO) de les universitats de Barcelona i Polit\u00e8cnica de Catalunya<\/strong> posa en marxa una iniciativa de divulgaci\u00f3 adre\u00e7ada al professorat de secund\u00e0ria i batxillerat amb l\u2019objectiu d\u2019apropar el m\u00f3n de l\u2019estad\u00edstica al conjunt de la societat. Diverses investigadores del GRBIO oferiran recursos per acostar aquesta disciplina als estudiants d\u2019ESO i batxillerat, i donar a con\u00e8ixer la seva relaci\u00f3 i rellev\u00e0ncia en el nostre dia a dia.<\/p>\n<p><img loading=\"lazy\" decoding=\"async\" class=\"alignleft wp-image-18841\" src=\"https:\/\/serveiseducatius.xtec.cat\/baixllobregat5\/wp-content\/uploads\/usu1180\/2021\/04\/image002-297x300.jpg\" alt=\"\" width=\"213\" height=\"215\" srcset=\"https:\/\/serveiseducatius.xtec.cat\/baixllobregat5\/wp-content\/uploads\/usu1180\/2021\/04\/image002-297x300.jpg 297w, https:\/\/serveiseducatius.xtec.cat\/baixllobregat5\/wp-content\/uploads\/usu1180\/2021\/04\/image002-150x150.jpg 150w, https:\/\/serveiseducatius.xtec.cat\/baixllobregat5\/wp-content\/uploads\/usu1180\/2021\/04\/image002.jpg 380w\" sizes=\"auto, (max-width: 213px) 100vw, 213px\" \/><\/p>\n<p style=\"font-weight: 400;\">Durada aproximada de dues hores. <a href=\"http:\/\/bit.ly\/Estad%C3%ADstica-GRBIO\" data-saferedirecturl=\"https:\/\/www.google.com\/url?q=http:\/\/bit.ly\/Estad%C3%ADstica-GRBIO&amp;source=gmail&amp;ust=1617955670467000&amp;usg=AFQjCNHvX7-EEOhxKwYMxu-IyTvNL09H0g\">Inscripci\u00f3<\/a>\u00a0per participar-hi.<\/p>\n<ul style=\"font-weight: 400;\">\n<li><strong>Places<\/strong>: la capacitat m\u00e0xima \u00e9s de cinquanta persones i es requereix un m\u00ednim de deu participants per fer l\u2019activitat.<\/li>\n<li><strong>Data i horari<\/strong>: dimarts 18 de maig, de 18 a 20 h.<\/li>\n<li><strong>Lloc<\/strong>: en l\u00ednia, amb el Microsoft Teams (enviarem l\u2019enlla\u00e7 als inscrits)<\/li>\n<li><strong>Inscripci\u00f3<\/strong>:\u00a0<a href=\"https:\/\/bit.ly\/Estad%C3%ADstica-GRBIO\" data-saferedirecturl=\"https:\/\/www.google.com\/url?q=https:\/\/bit.ly\/Estad%C3%ADstica-GRBIO&amp;source=gmail&amp;ust=1617955670467000&amp;usg=AFQjCNHJA9L3X7v1xSvk0MVscb0p_HQTmQ\">https:\/\/bit.ly\/Estad\u00edstica-GRBIO\u00a0<\/a><\/li>\n<\/ul>\n<hr \/>\n<p><img loading=\"lazy\" decoding=\"async\" class=\"alignleft size-medium wp-image-18843\" src=\"https:\/\/serveiseducatius.xtec.cat\/baixllobregat5\/wp-content\/uploads\/usu1180\/2021\/04\/Captura-de-pantalla-2021-04-08-120543-300x74.png\" alt=\"\" width=\"300\" height=\"74\" srcset=\"https:\/\/serveiseducatius.xtec.cat\/baixllobregat5\/wp-content\/uploads\/usu1180\/2021\/04\/Captura-de-pantalla-2021-04-08-120543-300x74.png 300w, https:\/\/serveiseducatius.xtec.cat\/baixllobregat5\/wp-content\/uploads\/usu1180\/2021\/04\/Captura-de-pantalla-2021-04-08-120543.png 404w\" sizes=\"auto, (max-width: 300px) 100vw, 300px\" \/><\/p>\n","protected":false},"excerpt":{"rendered":"<p>&nbsp; La Unitat de Cultura Cient\u00edfica i Innovaci\u00f3 de la UB (UCC+I) us convida a participar en una nova acci\u00f3, [&hellip;]<\/p>\n","protected":false},"author":1,"featured_media":18840,"comment_status":"open","ping_status":"closed","sticky":false,"template":"","format":"standard","meta":{"_bbp_topic_count":0,"_bbp_reply_count":0,"_bbp_total_topic_count":0,"_bbp_total_reply_count":0,"_bbp_voice_count":0,"_bbp_anonymous_reply_count":0,"_bbp_topic_count_hidden":0,"_bbp_reply_count_hidden":0,"_bbp_forum_subforum_count":0,"site-sidebar-layout":"default","site-content-layout":"","ast-site-content-layout":"","site-content-style":"default","site-sidebar-style":"default","ast-global-header-display":"","ast-banner-title-visibility":"","ast-main-header-display":"","ast-hfb-above-header-display":"","ast-hfb-below-header-display":"","ast-hfb-mobile-header-display":"","site-post-title":"","ast-breadcrumbs-content":"","ast-featured-img":"","footer-sml-layout":"","theme-transparent-header-meta":"","adv-header-id-meta":"","stick-header-meta":"","header-above-stick-meta":"","header-main-stick-meta":"","header-below-stick-meta":"","astra-migrate-meta-layouts":"default","ast-page-background-enabled":"default","ast-page-background-meta":{"desktop":{"background-color":"var(--ast-global-color-4)","background-image":"","background-repeat":"repeat","background-position":"center center","background-size":"auto","background-attachment":"scroll","background-type":"","background-media":"","overlay-type":"","overlay-color":"","overlay-opacity":"","overlay-gradient":""},"tablet":{"background-color":"","background-image":"","background-repeat":"repeat","background-position":"center center","background-size":"auto","background-attachment":"scroll","background-type":"","background-media":"","overlay-type":"","overlay-color":"","overlay-opacity":"","overlay-gradient":""},"mobile":{"background-color":"","background-image":"","background-repeat":"repeat","background-position":"center center","background-size":"auto","background-attachment":"scroll","background-type":"","background-media":"","overlay-type":"","overlay-color":"","overlay-opacity":"","overlay-gradient":""}},"ast-content-background-meta":{"desktop":{"background-color":"var(--ast-global-color-5)","background-image":"","background-repeat":"repeat","background-position":"center center","background-size":"auto","background-attachment":"scroll","background-type":"","background-media":"","overlay-type":"","overlay-color":"","overlay-opacity":"","overlay-gradient":""},"tablet":{"background-color":"var(--ast-global-color-5)","background-image":"","background-repeat":"repeat","background-position":"center center","background-size":"auto","background-attachment":"scroll","background-type":"","background-media":"","overlay-type":"","overlay-color":"","overlay-opacity":"","overlay-gradient":""},"mobile":{"background-color":"var(--ast-global-color-5)","background-image":"","background-repeat":"repeat","background-position":"center center","background-size":"auto","background-attachment":"scroll","background-type":"","background-media":"","overlay-type":"","overlay-color":"","overlay-opacity":"","overlay-gradient":""}},"footnotes":""},"categories":[65,1,535],"tags":[249,1455,832,41,387,1456,1457],"class_list":["post-18839","post","type-post","status-publish","format-standard","has-post-thumbnail","hentry","category-crp","category-general","category-portada","tag-batxillerat","tag-estadistica","tag-jornada","tag-matematiques","tag-secundaria","tag-ub","tag-upc"],"post_mailing_queue_ids":[],"_links":{"self":[{"href":"https:\/\/serveiseducatius.xtec.cat\/baixllobregat5\/wp-json\/wp\/v2\/posts\/18839","targetHints":{"allow":["GET"]}}],"collection":[{"href":"https:\/\/serveiseducatius.xtec.cat\/baixllobregat5\/wp-json\/wp\/v2\/posts"}],"about":[{"href":"https:\/\/serveiseducatius.xtec.cat\/baixllobregat5\/wp-json\/wp\/v2\/types\/post"}],"author":[{"embeddable":true,"href":"https:\/\/serveiseducatius.xtec.cat\/baixllobregat5\/wp-json\/wp\/v2\/users\/1"}],"replies":[{"embeddable":true,"href":"https:\/\/serveiseducatius.xtec.cat\/baixllobregat5\/wp-json\/wp\/v2\/comments?post=18839"}],"version-history":[{"count":3,"href":"https:\/\/serveiseducatius.xtec.cat\/baixllobregat5\/wp-json\/wp\/v2\/posts\/18839\/revisions"}],"predecessor-version":[{"id":18847,"href":"https:\/\/serveiseducatius.xtec.cat\/baixllobregat5\/wp-json\/wp\/v2\/posts\/18839\/revisions\/18847"}],"wp:featuredmedia":[{"embeddable":true,"href":"https:\/\/serveiseducatius.xtec.cat\/baixllobregat5\/wp-json\/wp\/v2\/media\/18840"}],"wp:attachment":[{"href":"https:\/\/serveiseducatius.xtec.cat\/baixllobregat5\/wp-json\/wp\/v2\/media?parent=18839"}],"wp:term":[{"taxonomy":"category","embeddable":true,"href":"https:\/\/serveiseducatius.xtec.cat\/baixllobregat5\/wp-json\/wp\/v2\/categories?post=18839"},{"taxonomy":"post_tag","embeddable":true,"href":"https:\/\/serveiseducatius.xtec.cat\/baixllobregat5\/wp-json\/wp\/v2\/tags?post=18839"}],"curies":[{"name":"wp","href":"https:\/\/api.w.org\/{rel}","templated":true}]}}