{"id":18325,"date":"2021-02-23T08:38:20","date_gmt":"2021-02-23T07:38:20","guid":{"rendered":"http:\/\/serveiseducatius.xtec.cat\/baixllobregat5\/?p=18325"},"modified":"2021-02-22T22:38:43","modified_gmt":"2021-02-22T21:38:43","slug":"lectura-rima-amb-aventura","status":"publish","type":"post","link":"https:\/\/serveiseducatius.xtec.cat\/baixllobregat5\/crp\/lectura-rima-amb-aventura\/","title":{"rendered":"Lectura Rima amb Aventura"},"content":{"rendered":"<p><img loading=\"lazy\" decoding=\"async\" class=\"alignleft size-medium wp-image-18326\" src=\"https:\/\/serveiseducatius.xtec.cat\/baixllobregat5\/wp-content\/uploads\/usu1180\/2021\/02\/Lectura-Rima-amb-Aventura-300x300.jpg\" alt=\"Lectura Rima amb aventura\" width=\"300\" height=\"300\" srcset=\"https:\/\/serveiseducatius.xtec.cat\/baixllobregat5\/wp-content\/uploads\/usu1180\/2021\/02\/Lectura-Rima-amb-Aventura-300x300.jpg 300w, https:\/\/serveiseducatius.xtec.cat\/baixllobregat5\/wp-content\/uploads\/usu1180\/2021\/02\/Lectura-Rima-amb-Aventura-150x150.jpg 150w, https:\/\/serveiseducatius.xtec.cat\/baixllobregat5\/wp-content\/uploads\/usu1180\/2021\/02\/Lectura-Rima-amb-Aventura-768x768.jpg 768w, https:\/\/serveiseducatius.xtec.cat\/baixllobregat5\/wp-content\/uploads\/usu1180\/2021\/02\/Lectura-Rima-amb-Aventura-1024x1024.jpg 1024w, https:\/\/serveiseducatius.xtec.cat\/baixllobregat5\/wp-content\/uploads\/usu1180\/2021\/02\/Lectura-Rima-amb-Aventura.jpg 1080w\" sizes=\"auto, (max-width: 300px) 100vw, 300px\" \/><strong>Dimarts 23 de febrer a les 17.30<\/strong> ens acompanyar\u00e0 en <strong>Jaume Centelles<\/strong> en una sessi\u00f3 plena de llibres, hsit\u00f2ries, contes que ens inspirar\u00e0 per seguir treballant a les biblioteques escolars i l&#8217;animaci\u00f3 lectora a les aules.<\/p>\n<p>Si encara no coneixeu el seu blog personal<a href=\"https:\/\/jaumecentelles.cat\/\" target=\"_blank\" rel=\"noopener noreferrer\"> <strong>La invitaci\u00f3 a la lectura<\/strong> <\/a>feu-li\u00a0 una ullada; en aquest espai comparteix \u00a0experi\u00e8ncies i pensaments amb molt\u00edssims mestres.<\/p>\n<p>A la nostra mediateca teniu en servei de pr\u00e9stec els seus llibres:<\/p>\n<p class=\"p1\"><b><img loading=\"lazy\" decoding=\"async\" class=\"wp-image-18327 alignnone\" src=\"https:\/\/serveiseducatius.xtec.cat\/baixllobregat5\/wp-content\/uploads\/usu1180\/2021\/02\/99_invitacions-208x300.jpg\" alt=\"99 invitacions\" width=\"139\" height=\"200\" srcset=\"https:\/\/serveiseducatius.xtec.cat\/baixllobregat5\/wp-content\/uploads\/usu1180\/2021\/02\/99_invitacions-208x300.jpg 208w, https:\/\/serveiseducatius.xtec.cat\/baixllobregat5\/wp-content\/uploads\/usu1180\/2021\/02\/99_invitacions.jpg 650w\" sizes=\"auto, (max-width: 139px) 100vw, 139px\" \/><img loading=\"lazy\" decoding=\"async\" class=\"wp-image-18328 alignnone\" src=\"https:\/\/serveiseducatius.xtec.cat\/baixllobregat5\/wp-content\/uploads\/usu1180\/2021\/02\/abrazo_literatura-210x300.jpg\" alt=\"Abrazo de la literatura\" width=\"150\" height=\"214\" srcset=\"https:\/\/serveiseducatius.xtec.cat\/baixllobregat5\/wp-content\/uploads\/usu1180\/2021\/02\/abrazo_literatura-210x300.jpg 210w, https:\/\/serveiseducatius.xtec.cat\/baixllobregat5\/wp-content\/uploads\/usu1180\/2021\/02\/abrazo_literatura.jpg 292w\" sizes=\"auto, (max-width: 150px) 100vw, 150px\" \/><br \/>\n&#8211; 99 invitacions a la lectura. <\/b>Activitats i propostes per crear, compartir i gaudir amb els llibres<br \/>\n<strong><span class=\"tituloDerecha\">&#8211; El a<\/span><\/strong><strong style=\"font-family: inherit; font-size: 1em;\"><span class=\"tituloDerecha\">brazo de la literatura: <\/span><span class=\"subtituloDerecha\">tinerarios lectores para infantil y primaria<\/span><\/strong><\/p>\n<p>&nbsp;<\/p>\n","protected":false},"excerpt":{"rendered":"<p>Dimarts 23 de febrer a les 17.30 ens acompanyar\u00e0 en Jaume Centelles en una sessi\u00f3 plena de llibres, hsit\u00f2ries, contes [&hellip;]<\/p>\n","protected":false},"author":1,"featured_media":18326,"comment_status":"closed","ping_status":"closed","sticky":false,"template":"","format":"standard","meta":{"_bbp_topic_count":0,"_bbp_reply_count":0,"_bbp_total_topic_count":0,"_bbp_total_reply_count":0,"_bbp_voice_count":0,"_bbp_anonymous_reply_count":0,"_bbp_topic_count_hidden":0,"_bbp_reply_count_hidden":0,"_bbp_forum_subforum_count":0,"site-sidebar-layout":"default","site-content-layout":"","ast-site-content-layout":"","site-content-style":"default","site-sidebar-style":"default","ast-global-header-display":"","ast-banner-title-visibility":"","ast-main-header-display":"","ast-hfb-above-header-display":"","ast-hfb-below-header-display":"","ast-hfb-mobile-header-display":"","site-post-title":"","ast-breadcrumbs-content":"","ast-featured-img":"","footer-sml-layout":"","theme-transparent-header-meta":"","adv-header-id-meta":"","stick-header-meta":"","header-above-stick-meta":"","header-main-stick-meta":"","header-below-stick-meta":"","astra-migrate-meta-layouts":"default","ast-page-background-enabled":"default","ast-page-background-meta":{"desktop":{"background-color":"var(--ast-global-color-4)","background-image":"","background-repeat":"repeat","background-position":"center center","background-size":"auto","background-attachment":"scroll","background-type":"","background-media":"","overlay-type":"","overlay-color":"","overlay-opacity":"","overlay-gradient":""},"tablet":{"background-color":"","background-image":"","background-repeat":"repeat","background-position":"center center","background-size":"auto","background-attachment":"scroll","background-type":"","background-media":"","overlay-type":"","overlay-color":"","overlay-opacity":"","overlay-gradient":""},"mobile":{"background-color":"","background-image":"","background-repeat":"repeat","background-position":"center center","background-size":"auto","background-attachment":"scroll","background-type":"","background-media":"","overlay-type":"","overlay-color":"","overlay-opacity":"","overlay-gradient":""}},"ast-content-background-meta":{"desktop":{"background-color":"var(--ast-global-color-5)","background-image":"","background-repeat":"repeat","background-position":"center center","background-size":"auto","background-attachment":"scroll","background-type":"","background-media":"","overlay-type":"","overlay-color":"","overlay-opacity":"","overlay-gradient":""},"tablet":{"background-color":"var(--ast-global-color-5)","background-image":"","background-repeat":"repeat","background-position":"center center","background-size":"auto","background-attachment":"scroll","background-type":"","background-media":"","overlay-type":"","overlay-color":"","overlay-opacity":"","overlay-gradient":""},"mobile":{"background-color":"var(--ast-global-color-5)","background-image":"","background-repeat":"repeat","background-position":"center center","background-size":"auto","background-attachment":"scroll","background-type":"","background-media":"","overlay-type":"","overlay-color":"","overlay-opacity":"","overlay-gradient":""}},"footnotes":""},"categories":[81,65,535],"tags":[287,290,301,1405,1404,174],"class_list":["post-18325","post","type-post","status-publish","format-standard","has-post-thumbnail","hentry","category-biblioteca-escolar","category-crp","category-portada","tag-biblioteca","tag-biblioteques-escolars","tag-contes","tag-itineraris-lectors","tag-literatura","tag-literatura-infantil"],"post_mailing_queue_ids":[],"_links":{"self":[{"href":"https:\/\/serveiseducatius.xtec.cat\/baixllobregat5\/wp-json\/wp\/v2\/posts\/18325","targetHints":{"allow":["GET"]}}],"collection":[{"href":"https:\/\/serveiseducatius.xtec.cat\/baixllobregat5\/wp-json\/wp\/v2\/posts"}],"about":[{"href":"https:\/\/serveiseducatius.xtec.cat\/baixllobregat5\/wp-json\/wp\/v2\/types\/post"}],"author":[{"embeddable":true,"href":"https:\/\/serveiseducatius.xtec.cat\/baixllobregat5\/wp-json\/wp\/v2\/users\/1"}],"replies":[{"embeddable":true,"href":"https:\/\/serveiseducatius.xtec.cat\/baixllobregat5\/wp-json\/wp\/v2\/comments?post=18325"}],"version-history":[{"count":1,"href":"https:\/\/serveiseducatius.xtec.cat\/baixllobregat5\/wp-json\/wp\/v2\/posts\/18325\/revisions"}],"predecessor-version":[{"id":18329,"href":"https:\/\/serveiseducatius.xtec.cat\/baixllobregat5\/wp-json\/wp\/v2\/posts\/18325\/revisions\/18329"}],"wp:featuredmedia":[{"embeddable":true,"href":"https:\/\/serveiseducatius.xtec.cat\/baixllobregat5\/wp-json\/wp\/v2\/media\/18326"}],"wp:attachment":[{"href":"https:\/\/serveiseducatius.xtec.cat\/baixllobregat5\/wp-json\/wp\/v2\/media?parent=18325"}],"wp:term":[{"taxonomy":"category","embeddable":true,"href":"https:\/\/serveiseducatius.xtec.cat\/baixllobregat5\/wp-json\/wp\/v2\/categories?post=18325"},{"taxonomy":"post_tag","embeddable":true,"href":"https:\/\/serveiseducatius.xtec.cat\/baixllobregat5\/wp-json\/wp\/v2\/tags?post=18325"}],"curies":[{"name":"wp","href":"https:\/\/api.w.org\/{rel}","templated":true}]}}