{"id":18309,"date":"2021-02-22T13:14:19","date_gmt":"2021-02-22T12:14:19","guid":{"rendered":"http:\/\/serveiseducatius.xtec.cat\/baixllobregat5\/?p=18309"},"modified":"2021-03-10T09:20:53","modified_gmt":"2021-03-10T08:20:53","slug":"9-marc-presentacio-maleta-matematiques-cicle-inicial","status":"publish","type":"post","link":"https:\/\/serveiseducatius.xtec.cat\/baixllobregat5\/crp\/9-marc-presentacio-maleta-matematiques-cicle-inicial\/","title":{"rendered":"9 mar\u00e7 Presentaci\u00f3 Maleta Matem\u00e0tiques Cicle Inicial"},"content":{"rendered":"<p><img loading=\"lazy\" decoding=\"async\" class=\"size-medium wp-image-18310 alignleft\" src=\"https:\/\/serveiseducatius.xtec.cat\/baixllobregat5\/wp-content\/uploads\/usu1180\/2021\/02\/presentacio_CI_mmaca-300x300.jpg\" alt=\"Presentaci\u00f3 Maleta Cicle Inicial MMACA\" width=\"300\" height=\"300\" srcset=\"https:\/\/serveiseducatius.xtec.cat\/baixllobregat5\/wp-content\/uploads\/usu1180\/2021\/02\/presentacio_CI_mmaca-300x300.jpg 300w, https:\/\/serveiseducatius.xtec.cat\/baixllobregat5\/wp-content\/uploads\/usu1180\/2021\/02\/presentacio_CI_mmaca-150x150.jpg 150w, https:\/\/serveiseducatius.xtec.cat\/baixllobregat5\/wp-content\/uploads\/usu1180\/2021\/02\/presentacio_CI_mmaca-768x768.jpg 768w, https:\/\/serveiseducatius.xtec.cat\/baixllobregat5\/wp-content\/uploads\/usu1180\/2021\/02\/presentacio_CI_mmaca-1024x1024.jpg 1024w, https:\/\/serveiseducatius.xtec.cat\/baixllobregat5\/wp-content\/uploads\/usu1180\/2021\/02\/presentacio_CI_mmaca.jpg 1080w\" sizes=\"auto, (max-width: 300px) 100vw, 300px\" \/>Dimarts <strong>9 de mar\u00e7 a les 17:15<\/strong> tindr\u00e0 lloc, en format virtual, la <strong>presentaci\u00f3<\/strong> de les maletes pedag\u00f2giques de <strong>matem\u00e0tiques per a\u00a0 cicle inicial<\/strong> elaborades pel <strong><a href=\"https:\/\/mmaca.cat\/\" target=\"_blank\" rel=\"noopener noreferrer\">Museu de la Matem\u00e0tica de Catalunya<\/a>.<\/strong> Durant la sessi\u00f3 descobrirem <strong>activitats, propostes i recursos<\/strong> a c\u00e0rrec de la <strong>Pura Fornals<\/strong><\/p>\n<p>Aquesta maleta est\u00e0 en servei de pr\u00e9stec\u00a0gr\u00e0cies a la col\u00b7laboraci\u00f3 del\u00a0<strong><a href=\"https:\/\/mmaca.cat\/\" target=\"_blank\" rel=\"noopener noreferrer\">MMACA<\/a>\u00a0i l\u2019Ajuntament de Cornell\u00e0 de Llobregat.<\/strong><\/p>\n<h3><a href=\"https:\/\/docs.google.com\/forms\/d\/e\/1FAIpQLSfaNcq0ddYbtC-SJ6c0BObzEV3vpW2yLQd1XV_Zq9NQXjzGLg\/viewform\" target=\"_blank\" rel=\"noopener noreferrer\">Inscripcions fins el 5 de mar\u00e7.<\/a><\/h3>\n","protected":false},"excerpt":{"rendered":"<p>Dimarts 9 de mar\u00e7 a les 17:15 tindr\u00e0 lloc, en format virtual, la presentaci\u00f3 de les maletes pedag\u00f2giques de matem\u00e0tiques [&hellip;]<\/p>\n","protected":false},"author":1,"featured_media":18310,"comment_status":"closed","ping_status":"closed","sticky":false,"template":"","format":"standard","meta":{"_bbp_topic_count":0,"_bbp_reply_count":0,"_bbp_total_topic_count":0,"_bbp_total_reply_count":0,"_bbp_voice_count":0,"_bbp_anonymous_reply_count":0,"_bbp_topic_count_hidden":0,"_bbp_reply_count_hidden":0,"_bbp_forum_subforum_count":0,"site-sidebar-layout":"default","site-content-layout":"","ast-site-content-layout":"","site-content-style":"default","site-sidebar-style":"default","ast-global-header-display":"","ast-banner-title-visibility":"","ast-main-header-display":"","ast-hfb-above-header-display":"","ast-hfb-below-header-display":"","ast-hfb-mobile-header-display":"","site-post-title":"","ast-breadcrumbs-content":"","ast-featured-img":"","footer-sml-layout":"","theme-transparent-header-meta":"","adv-header-id-meta":"","stick-header-meta":"","header-above-stick-meta":"","header-main-stick-meta":"","header-below-stick-meta":"","astra-migrate-meta-layouts":"default","ast-page-background-enabled":"default","ast-page-background-meta":{"desktop":{"background-color":"var(--ast-global-color-4)","background-image":"","background-repeat":"repeat","background-position":"center center","background-size":"auto","background-attachment":"scroll","background-type":"","background-media":"","overlay-type":"","overlay-color":"","overlay-opacity":"","overlay-gradient":""},"tablet":{"background-color":"","background-image":"","background-repeat":"repeat","background-position":"center center","background-size":"auto","background-attachment":"scroll","background-type":"","background-media":"","overlay-type":"","overlay-color":"","overlay-opacity":"","overlay-gradient":""},"mobile":{"background-color":"","background-image":"","background-repeat":"repeat","background-position":"center center","background-size":"auto","background-attachment":"scroll","background-type":"","background-media":"","overlay-type":"","overlay-color":"","overlay-opacity":"","overlay-gradient":""}},"ast-content-background-meta":{"desktop":{"background-color":"var(--ast-global-color-5)","background-image":"","background-repeat":"repeat","background-position":"center center","background-size":"auto","background-attachment":"scroll","background-type":"","background-media":"","overlay-type":"","overlay-color":"","overlay-opacity":"","overlay-gradient":""},"tablet":{"background-color":"var(--ast-global-color-5)","background-image":"","background-repeat":"repeat","background-position":"center center","background-size":"auto","background-attachment":"scroll","background-type":"","background-media":"","overlay-type":"","overlay-color":"","overlay-opacity":"","overlay-gradient":""},"mobile":{"background-color":"var(--ast-global-color-5)","background-image":"","background-repeat":"repeat","background-position":"center center","background-size":"auto","background-attachment":"scroll","background-type":"","background-media":"","overlay-type":"","overlay-color":"","overlay-opacity":"","overlay-gradient":""}},"footnotes":""},"categories":[65,709,535],"tags":[161,1309,1014,947,1401],"class_list":["post-18309","post","type-post","status-publish","format-standard","has-post-thumbnail","hentry","category-crp","category-maletes-de-matematiques","category-portada","tag-cicle-inicial","tag-curs-20-21","tag-maleta-matematiques","tag-mmaca","tag-presentacio"],"post_mailing_queue_ids":[],"_links":{"self":[{"href":"https:\/\/serveiseducatius.xtec.cat\/baixllobregat5\/wp-json\/wp\/v2\/posts\/18309","targetHints":{"allow":["GET"]}}],"collection":[{"href":"https:\/\/serveiseducatius.xtec.cat\/baixllobregat5\/wp-json\/wp\/v2\/posts"}],"about":[{"href":"https:\/\/serveiseducatius.xtec.cat\/baixllobregat5\/wp-json\/wp\/v2\/types\/post"}],"author":[{"embeddable":true,"href":"https:\/\/serveiseducatius.xtec.cat\/baixllobregat5\/wp-json\/wp\/v2\/users\/1"}],"replies":[{"embeddable":true,"href":"https:\/\/serveiseducatius.xtec.cat\/baixllobregat5\/wp-json\/wp\/v2\/comments?post=18309"}],"version-history":[{"count":1,"href":"https:\/\/serveiseducatius.xtec.cat\/baixllobregat5\/wp-json\/wp\/v2\/posts\/18309\/revisions"}],"predecessor-version":[{"id":18311,"href":"https:\/\/serveiseducatius.xtec.cat\/baixllobregat5\/wp-json\/wp\/v2\/posts\/18309\/revisions\/18311"}],"wp:featuredmedia":[{"embeddable":true,"href":"https:\/\/serveiseducatius.xtec.cat\/baixllobregat5\/wp-json\/wp\/v2\/media\/18310"}],"wp:attachment":[{"href":"https:\/\/serveiseducatius.xtec.cat\/baixllobregat5\/wp-json\/wp\/v2\/media?parent=18309"}],"wp:term":[{"taxonomy":"category","embeddable":true,"href":"https:\/\/serveiseducatius.xtec.cat\/baixllobregat5\/wp-json\/wp\/v2\/categories?post=18309"},{"taxonomy":"post_tag","embeddable":true,"href":"https:\/\/serveiseducatius.xtec.cat\/baixllobregat5\/wp-json\/wp\/v2\/tags?post=18309"}],"curies":[{"name":"wp","href":"https:\/\/api.w.org\/{rel}","templated":true}]}}