{"id":17856,"date":"2020-11-29T21:31:01","date_gmt":"2020-11-29T20:31:01","guid":{"rendered":"http:\/\/serveiseducatius.xtec.cat\/baixllobregat5\/?p=17856"},"modified":"2020-11-29T21:35:57","modified_gmt":"2020-11-29T20:35:57","slug":"treballar-mafalda-a-cornella-la-ciutat-del-comic","status":"publish","type":"post","link":"https:\/\/serveiseducatius.xtec.cat\/baixllobregat5\/general\/treballar-mafalda-a-cornella-la-ciutat-del-comic\/","title":{"rendered":"Treballar Mafalda a Cornell\u00e0: la ciutat del c\u00f2mic"},"content":{"rendered":"<p>A l\u2019<a href=\"http:\/\/www.ceip-santmiquel-cornella.cat\/\" target=\"_blank\" rel=\"noopener noreferrer\">escola Sant Miquel<\/a> treballem per ambients. Un d\u2019aquests ambients gira al voltant de l\u2019univers Mafalda, per\u00f2\u2026 posem-nos en situaci\u00f3. Cornell\u00e0 de Llobregat \u00e9s una ciutat de c\u00f2mic, per qu\u00e8? Doncs perqu\u00e8 des de fa 36 anys se cel.lebra la Mostra del c\u00f2mic reconeguda arreu del territori. Aquesta mostra t\u00e9 activitats variades, entre aquestes activitats hi ha \u00a0activitats per als infants. Ja ens trobem amb un punt de partida interessant per treballar el c\u00f2mic a l\u2019escola i <strong><em>connectar l\u2019infant amb el seu entorn<\/em><\/strong>, <strong><em>amb la cultura de la seva ciutat<\/em><\/strong> com a medi per enriquir el seu proc\u00e9s d\u2019aprenentatge.<\/p>\n<p>Doncs b\u00e9, el c\u00f2mic per la seva indiosincr\u00e0sia resulta molt atractiu a l\u2019infant\u2026i per qu\u00e8 no aprofitar aquesta oportunitat qu\u00e8 Cornell\u00e0 ofereix?<\/p>\n<p>A l\u2019ambient de llengua que es fa a cicle mitj\u00e0\u00a0 es realitza un treball global de la llengua, incidint en <strong><em>el gust per la lectura i l\u2019expressi\u00f3 escrita<\/em><\/strong>. Per\u00f2, tamb\u00e9 es treballen una s\u00e8rie de <strong><em>valors <\/em><\/strong>que permeten les \u00a0tires c\u00f2miques de Mafalda .<\/p>\n<p>Comencem per la <strong><em>competencia ling\u00fc\u00edstica<\/em><\/strong>. Diu Emili Teixidor \u201cContagiar el desig de llegir \u00e9s com contagiar qualsevol altra convicci\u00f3 profunda: nom\u00e9s es pot aconseguir, o millor intentar, sense imposicions, per simple contacte, imitaci\u00f3 o seducci\u00f3\u201d.<\/p>\n<p>La col.lecci\u00f3 de tires c\u00f2miques de Mafalda triades per a l\u2019ambient de llengua resulten motivadores per als infants: unes per les il\u00b7lustracions, altres per la facilitat de lectura, altres pel missatge&#8230;per\u00f2 \u00e9s important qu\u00e8 el mestre llegeixi amb l&#8217;alumnat, comenti la tira&#8230;o simplement sigui un <strong>model lector<\/strong> en l\u2019estona d\u2019ambients. Seure amb els infants i llegir. L\u2019estona de lectura ha de ser una estona de connexi\u00f3 de l\u2019infant amb la mestra, els companys o amb el seu jo. Doncs b\u00e9, un del objectius de treballar el gust per la lectura, \u00e9s qu\u00e8 l\u2019alumnat tingui un <strong><em>h\u00e0bit lector lligat a una experi\u00e8ncia positiva<\/em><\/strong>, com\u00a0 pot ser jugar al pati, anar al parc o estar amb la fam\u00edlia&#8230;\u00c9s important qu\u00e8 l\u2019infant llegeixi com una part m\u00e9s del seu temps d\u2019oci i qu\u00e8 el mestre esdevingui un pont per arribar des d\u2019una activitat escolar proposada a classe a un h\u00e0bit qu\u00e8 durar\u00e0 tota la vida i qu\u00e8 t\u00e9 m\u00faltiples beneficis. Veiem doncs qu\u00e8 els llibres de Mafalda s\u00f3n una bona excusa per treballar l\u2019h\u00e0bit lector, i el gust per tocar, llegir, compartir una estona de lectura amb els companys, amb la mestra o amb la fam\u00edlia.<\/p>\n<p>Si llegeixes molt, escrius millor. Si tens un bon model textual, pots fer un bon text; lectura i escriptura estan \u00edntimament lligades&#8230;totes aquestes afirmacions ens sonen a tots els qu\u00e8 ens dediquem a la doc\u00e8ncia&#8230;doncs b\u00e9&#8230;a partir de les tires c\u00f2miques de Mafalda,\u00a0 es pot <strong><em>treballar una tipologia textual<\/em><\/strong> qu\u00e8 sembla molt senzilla per\u00f2 qu\u00e8 no ho \u00e9s pas: <strong><em>el c\u00f2mic i\/o la tira c\u00f2mica<\/em><\/strong>.<br \/>\nEs proposa als infants que amb un a bastida proposada per la mestra puguin, si aix\u00ed ho volen, primer imitar la tira que Quino ha popularitzat o b\u00e9 fer la seva pr\u00f2pia. Ja sabem que els infants aprenen molts cops per imitaci\u00f3, per\u00f2 sempre hi ha alumnes que tenen una creativitat desbordant i amb aquest tipus de text la poden desenvolupar la m\u00e0xim.<\/p>\n<p>Les tires c\u00f2miques de Mafalda desprenen una s\u00e8rie de valors (es <strong><em>treballa l\u2019\u00e0rea d\u2019Educaci\u00f3 en valors<\/em><\/strong> a partir de la lectura de les tires) que cal tenir molt present. Nosaltres les hem comen\u00e7at a treballar\u00a0 al primer trimestre i es pot aprofitar per commemorar el dia internacional per l\u2019eliminaci\u00f3 de la viol\u00e8ncia envers les dones el 25 de novembre, a partir de les tires c\u00f2miques de Quino que traspuen igualtat de g\u00e8nere, feminisme o per treballar els valors democr\u00e0tics en el marc de la celebraci\u00f3 del dia mundial dels drets humans qu\u00e8 se celebra el 10 de desembre. Cadascuna de les tires c\u00f2miques \u00e9s un bon punt de partida per a fer reflexionar a l\u2019infant i <strong><em>encetar un bon debat a classe.<\/em><\/strong><\/p>\n<p>Despr\u00e9s de l\u2019experi\u00e8ncia en l\u2019ambient de llengua\u00a0 partir de les tires c\u00f2miques de Mafalda,\u00a0 fer-ho en el moment que la ciutat celebra la Mostra del c\u00f2mic de Cornell\u00e0, mentre\u00a0 la biblioteca del centre en horari extraescolar permet mirar, llegir i agafar en pr\u00e9stec els volums de Mafalda (gr\u00e0cies a la complicitat de l\u2019AMPA)&#8230;i veure les reaccions i treballs fets pels alumnes \u00e9s sens dubte un bon punt de partida per treballar, llengua, valors&#8230;<strong><em>CULTURA<\/em><\/strong> amb la implicaci\u00f3 del diferents agents educatius i culturals qu\u00e8 envolten a l\u2019infant.<\/p>\n<p><a href=\"https:\/\/serveiseducatius.xtec.cat\/baixllobregat5\/wp-content\/uploads\/usu1180\/2020\/11\/thumbnail_20201117_152435.jpg\"><img loading=\"lazy\" decoding=\"async\" class=\"size-large wp-image-17858 aligncenter\" src=\"https:\/\/serveiseducatius.xtec.cat\/baixllobregat5\/wp-content\/uploads\/usu1180\/2020\/11\/thumbnail_20201117_152435-768x1024.jpg\" alt=\"\" width=\"768\" height=\"1024\" srcset=\"https:\/\/serveiseducatius.xtec.cat\/baixllobregat5\/wp-content\/uploads\/usu1180\/2020\/11\/thumbnail_20201117_152435-768x1024.jpg 768w, https:\/\/serveiseducatius.xtec.cat\/baixllobregat5\/wp-content\/uploads\/usu1180\/2020\/11\/thumbnail_20201117_152435-225x300.jpg 225w, https:\/\/serveiseducatius.xtec.cat\/baixllobregat5\/wp-content\/uploads\/usu1180\/2020\/11\/thumbnail_20201117_152435.jpg 960w\" sizes=\"auto, (max-width: 768px) 100vw, 768px\" \/><\/a><\/p>\n<p>Bibliografia , col\u00b7lecci\u00f3 de tires c\u00f2miques de Mafalda:<\/p>\n<p><u>Mafalda. Todas las tiras (edici\u00f3n limitada) <\/u><\/p>\n<p><strong>(Lumen Gr\u00e1fica) 2011<\/strong><\/p>\n<p><a href=\"https:\/\/serveiseducatius.xtec.cat\/baixllobregat5\/wp-content\/uploads\/usu1180\/2020\/11\/thumbnail_20201120_095113.jpg\"><img loading=\"lazy\" decoding=\"async\" class=\"wp-image-17857 aligncenter\" src=\"https:\/\/serveiseducatius.xtec.cat\/baixllobregat5\/wp-content\/uploads\/usu1180\/2020\/11\/thumbnail_20201120_095113-e1606414551401-878x1024.jpg\" alt=\"\" width=\"452\" height=\"527\" srcset=\"https:\/\/serveiseducatius.xtec.cat\/baixllobregat5\/wp-content\/uploads\/usu1180\/2020\/11\/thumbnail_20201120_095113-e1606414551401-878x1024.jpg 878w, https:\/\/serveiseducatius.xtec.cat\/baixllobregat5\/wp-content\/uploads\/usu1180\/2020\/11\/thumbnail_20201120_095113-e1606414551401-257x300.jpg 257w, https:\/\/serveiseducatius.xtec.cat\/baixllobregat5\/wp-content\/uploads\/usu1180\/2020\/11\/thumbnail_20201120_095113-e1606414551401-768x896.jpg 768w, https:\/\/serveiseducatius.xtec.cat\/baixllobregat5\/wp-content\/uploads\/usu1180\/2020\/11\/thumbnail_20201120_095113-e1606414551401.jpg 960w\" sizes=\"auto, (max-width: 452px) 100vw, 452px\" \/><\/a><\/p>\n<p>&nbsp;<\/p>\n<p>Montserrat Orozco Cees<\/p>\n<p>Mestra de l\u2019ambient de llengua a Cicle mitj\u00e0<\/p>\n<p>Escola Sant Miquel<\/p>\n","protected":false},"excerpt":{"rendered":"<p>A l\u2019escola Sant Miquel treballem per ambients. Un d\u2019aquests ambients gira al voltant de l\u2019univers Mafalda, per\u00f2\u2026 posem-nos en situaci\u00f3. [&hellip;]<\/p>\n","protected":false},"author":12,"featured_media":17870,"comment_status":"closed","ping_status":"closed","sticky":false,"template":"","format":"standard","meta":{"_bbp_topic_count":0,"_bbp_reply_count":0,"_bbp_total_topic_count":0,"_bbp_total_reply_count":0,"_bbp_voice_count":0,"_bbp_anonymous_reply_count":0,"_bbp_topic_count_hidden":0,"_bbp_reply_count_hidden":0,"_bbp_forum_subforum_count":0,"site-sidebar-layout":"default","site-content-layout":"","ast-site-content-layout":"","site-content-style":"default","site-sidebar-style":"default","ast-global-header-display":"","ast-banner-title-visibility":"","ast-main-header-display":"","ast-hfb-above-header-display":"","ast-hfb-below-header-display":"","ast-hfb-mobile-header-display":"","site-post-title":"","ast-breadcrumbs-content":"","ast-featured-img":"","footer-sml-layout":"","theme-transparent-header-meta":"","adv-header-id-meta":"","stick-header-meta":"","header-above-stick-meta":"","header-main-stick-meta":"","header-below-stick-meta":"","astra-migrate-meta-layouts":"default","ast-page-background-enabled":"default","ast-page-background-meta":{"desktop":{"background-color":"var(--ast-global-color-4)","background-image":"","background-repeat":"repeat","background-position":"center center","background-size":"auto","background-attachment":"scroll","background-type":"","background-media":"","overlay-type":"","overlay-color":"","overlay-opacity":"","overlay-gradient":""},"tablet":{"background-color":"","background-image":"","background-repeat":"repeat","background-position":"center center","background-size":"auto","background-attachment":"scroll","background-type":"","background-media":"","overlay-type":"","overlay-color":"","overlay-opacity":"","overlay-gradient":""},"mobile":{"background-color":"","background-image":"","background-repeat":"repeat","background-position":"center center","background-size":"auto","background-attachment":"scroll","background-type":"","background-media":"","overlay-type":"","overlay-color":"","overlay-opacity":"","overlay-gradient":""}},"ast-content-background-meta":{"desktop":{"background-color":"var(--ast-global-color-5)","background-image":"","background-repeat":"repeat","background-position":"center center","background-size":"auto","background-attachment":"scroll","background-type":"","background-media":"","overlay-type":"","overlay-color":"","overlay-opacity":"","overlay-gradient":""},"tablet":{"background-color":"var(--ast-global-color-5)","background-image":"","background-repeat":"repeat","background-position":"center center","background-size":"auto","background-attachment":"scroll","background-type":"","background-media":"","overlay-type":"","overlay-color":"","overlay-opacity":"","overlay-gradient":""},"mobile":{"background-color":"var(--ast-global-color-5)","background-image":"","background-repeat":"repeat","background-position":"center center","background-size":"auto","background-attachment":"scroll","background-type":"","background-media":"","overlay-type":"","overlay-color":"","overlay-opacity":"","overlay-gradient":""}},"footnotes":""},"categories":[65,1],"tags":[267,166,1309,328],"class_list":["post-17856","post","type-post","status-publish","format-standard","has-post-thumbnail","hentry","category-crp","category-general","tag-bec","tag-biblioteca-escolar","tag-curs-20-21","tag-escola-sant-miquel"],"post_mailing_queue_ids":[],"_links":{"self":[{"href":"https:\/\/serveiseducatius.xtec.cat\/baixllobregat5\/wp-json\/wp\/v2\/posts\/17856","targetHints":{"allow":["GET"]}}],"collection":[{"href":"https:\/\/serveiseducatius.xtec.cat\/baixllobregat5\/wp-json\/wp\/v2\/posts"}],"about":[{"href":"https:\/\/serveiseducatius.xtec.cat\/baixllobregat5\/wp-json\/wp\/v2\/types\/post"}],"author":[{"embeddable":true,"href":"https:\/\/serveiseducatius.xtec.cat\/baixllobregat5\/wp-json\/wp\/v2\/users\/12"}],"replies":[{"embeddable":true,"href":"https:\/\/serveiseducatius.xtec.cat\/baixllobregat5\/wp-json\/wp\/v2\/comments?post=17856"}],"version-history":[{"count":3,"href":"https:\/\/serveiseducatius.xtec.cat\/baixllobregat5\/wp-json\/wp\/v2\/posts\/17856\/revisions"}],"predecessor-version":[{"id":17869,"href":"https:\/\/serveiseducatius.xtec.cat\/baixllobregat5\/wp-json\/wp\/v2\/posts\/17856\/revisions\/17869"}],"wp:featuredmedia":[{"embeddable":true,"href":"https:\/\/serveiseducatius.xtec.cat\/baixllobregat5\/wp-json\/wp\/v2\/media\/17870"}],"wp:attachment":[{"href":"https:\/\/serveiseducatius.xtec.cat\/baixllobregat5\/wp-json\/wp\/v2\/media?parent=17856"}],"wp:term":[{"taxonomy":"category","embeddable":true,"href":"https:\/\/serveiseducatius.xtec.cat\/baixllobregat5\/wp-json\/wp\/v2\/categories?post=17856"},{"taxonomy":"post_tag","embeddable":true,"href":"https:\/\/serveiseducatius.xtec.cat\/baixllobregat5\/wp-json\/wp\/v2\/tags?post=17856"}],"curies":[{"name":"wp","href":"https:\/\/api.w.org\/{rel}","templated":true}]}}