{"id":17626,"date":"2020-10-24T11:58:48","date_gmt":"2020-10-24T09:58:48","guid":{"rendered":"http:\/\/serveiseducatius.xtec.cat\/baixllobregat5\/?p=17626"},"modified":"2020-11-02T00:21:12","modified_gmt":"2020-11-01T23:21:12","slug":"jornada-online-de-proteccio-de-dades-per-als-centres-educatius","status":"publish","type":"post","link":"https:\/\/serveiseducatius.xtec.cat\/baixllobregat5\/crp\/jornada-online-de-proteccio-de-dades-per-als-centres-educatius\/","title":{"rendered":"Jornada online de protecci\u00f3 de dades per als centres educatius"},"content":{"rendered":"<p><img loading=\"lazy\" decoding=\"async\" class=\"size-full wp-image-17627 alignleft\" src=\"https:\/\/serveiseducatius.xtec.cat\/baixllobregat5\/wp-content\/uploads\/usu1180\/2020\/10\/apd_2021.jpg\" alt=\"Jornada APD 20-21\" width=\"300\" height=\"201\" \/>Aquesta jornada est\u00e0 adre\u00e7ada a la comunitat educativa, amb l\u2019objectiu de difondre eines que els recolzaran davant els entorns digitals en qu\u00e8 es mouen els alumnes i la normativa de protecci\u00f3 de dades que han de tenir present.<\/p>\n<p>Al llarg de l\u2019acte es presentar\u00e0 el nou curs Online per al professorat i el personal de l\u2019\u00e0mbit educatiu sobre protecci\u00f3 de dades i tamb\u00e9 es donar\u00e0 a con\u00e8ixer la guia sobre preguntes freq\u00fcents relatives a les pautes de protecci\u00f3 de dades per als centres educatius. Finalment s\u2019exposaran recomanacions als centres sobre la publicaci\u00f3 d\u2019imatges i altres dades personals dels alumnes a Internet.<\/p>\n<div class=\"col-xs-12 col-sm-3\">Dia: Dimecres, 28 d\u2019octubre<\/div>\n<div class=\"col-xs-12 col-sm-3\">\n<div class=\"data_info\">\n<p>Horari: De 17.30 a 18.50 hores<br \/>\nInscripci\u00f3: L\u2019assist\u00e8ncia \u00e9s lliure, per\u00f2 es requereix inscripci\u00f3 pr\u00e8via al seg\u00fcent correu electr\u00f2nic\u00a0<a href=\"mailto:jornades.apdcat@gencat.cat\">jornades.apdcat@gencat.cat<\/a><br \/>\n<a href=\"http:\/\/xtec.gencat.cat\/web\/.content\/portadesseccions\/02-centres\/activitatsagenda\/pdf\/Jornada-Educacio-28-octubre-2020.pdf\" target=\"_blank\" rel=\"noopener noreferrer\"><strong>Programa de la Jornada<\/strong><\/a><\/p>\n<\/div>\n<\/div>\n","protected":false},"excerpt":{"rendered":"<p>Aquesta jornada est\u00e0 adre\u00e7ada a la comunitat educativa, amb l\u2019objectiu de difondre eines que els recolzaran davant els entorns digitals [&hellip;]<\/p>\n","protected":false},"author":1,"featured_media":17627,"comment_status":"open","ping_status":"closed","sticky":false,"template":"","format":"standard","meta":{"_bbp_topic_count":0,"_bbp_reply_count":0,"_bbp_total_topic_count":0,"_bbp_total_reply_count":0,"_bbp_voice_count":0,"_bbp_anonymous_reply_count":0,"_bbp_topic_count_hidden":0,"_bbp_reply_count_hidden":0,"_bbp_forum_subforum_count":0,"site-sidebar-layout":"default","site-content-layout":"","ast-site-content-layout":"","site-content-style":"default","site-sidebar-style":"default","ast-global-header-display":"","ast-banner-title-visibility":"","ast-main-header-display":"","ast-hfb-above-header-display":"","ast-hfb-below-header-display":"","ast-hfb-mobile-header-display":"","site-post-title":"","ast-breadcrumbs-content":"","ast-featured-img":"","footer-sml-layout":"","theme-transparent-header-meta":"","adv-header-id-meta":"","stick-header-meta":"","header-above-stick-meta":"","header-main-stick-meta":"","header-below-stick-meta":"","astra-migrate-meta-layouts":"default","ast-page-background-enabled":"default","ast-page-background-meta":{"desktop":{"background-color":"var(--ast-global-color-4)","background-image":"","background-repeat":"repeat","background-position":"center center","background-size":"auto","background-attachment":"scroll","background-type":"","background-media":"","overlay-type":"","overlay-color":"","overlay-opacity":"","overlay-gradient":""},"tablet":{"background-color":"","background-image":"","background-repeat":"repeat","background-position":"center center","background-size":"auto","background-attachment":"scroll","background-type":"","background-media":"","overlay-type":"","overlay-color":"","overlay-opacity":"","overlay-gradient":""},"mobile":{"background-color":"","background-image":"","background-repeat":"repeat","background-position":"center center","background-size":"auto","background-attachment":"scroll","background-type":"","background-media":"","overlay-type":"","overlay-color":"","overlay-opacity":"","overlay-gradient":""}},"ast-content-background-meta":{"desktop":{"background-color":"var(--ast-global-color-5)","background-image":"","background-repeat":"repeat","background-position":"center center","background-size":"auto","background-attachment":"scroll","background-type":"","background-media":"","overlay-type":"","overlay-color":"","overlay-opacity":"","overlay-gradient":""},"tablet":{"background-color":"var(--ast-global-color-5)","background-image":"","background-repeat":"repeat","background-position":"center center","background-size":"auto","background-attachment":"scroll","background-type":"","background-media":"","overlay-type":"","overlay-color":"","overlay-opacity":"","overlay-gradient":""},"mobile":{"background-color":"var(--ast-global-color-5)","background-image":"","background-repeat":"repeat","background-position":"center center","background-size":"auto","background-attachment":"scroll","background-type":"","background-media":"","overlay-type":"","overlay-color":"","overlay-opacity":"","overlay-gradient":""}},"footnotes":""},"categories":[65,535],"tags":[1309,832,1127,1182,522],"class_list":["post-17626","post","type-post","status-publish","format-standard","has-post-thumbnail","hentry","category-crp","category-portada","tag-curs-20-21","tag-jornada","tag-portada","tag-proteccio-de-dades","tag-tac"],"post_mailing_queue_ids":[],"_links":{"self":[{"href":"https:\/\/serveiseducatius.xtec.cat\/baixllobregat5\/wp-json\/wp\/v2\/posts\/17626","targetHints":{"allow":["GET"]}}],"collection":[{"href":"https:\/\/serveiseducatius.xtec.cat\/baixllobregat5\/wp-json\/wp\/v2\/posts"}],"about":[{"href":"https:\/\/serveiseducatius.xtec.cat\/baixllobregat5\/wp-json\/wp\/v2\/types\/post"}],"author":[{"embeddable":true,"href":"https:\/\/serveiseducatius.xtec.cat\/baixllobregat5\/wp-json\/wp\/v2\/users\/1"}],"replies":[{"embeddable":true,"href":"https:\/\/serveiseducatius.xtec.cat\/baixllobregat5\/wp-json\/wp\/v2\/comments?post=17626"}],"version-history":[{"count":1,"href":"https:\/\/serveiseducatius.xtec.cat\/baixllobregat5\/wp-json\/wp\/v2\/posts\/17626\/revisions"}],"predecessor-version":[{"id":17628,"href":"https:\/\/serveiseducatius.xtec.cat\/baixllobregat5\/wp-json\/wp\/v2\/posts\/17626\/revisions\/17628"}],"wp:featuredmedia":[{"embeddable":true,"href":"https:\/\/serveiseducatius.xtec.cat\/baixllobregat5\/wp-json\/wp\/v2\/media\/17627"}],"wp:attachment":[{"href":"https:\/\/serveiseducatius.xtec.cat\/baixllobregat5\/wp-json\/wp\/v2\/media?parent=17626"}],"wp:term":[{"taxonomy":"category","embeddable":true,"href":"https:\/\/serveiseducatius.xtec.cat\/baixllobregat5\/wp-json\/wp\/v2\/categories?post=17626"},{"taxonomy":"post_tag","embeddable":true,"href":"https:\/\/serveiseducatius.xtec.cat\/baixllobregat5\/wp-json\/wp\/v2\/tags?post=17626"}],"curies":[{"name":"wp","href":"https:\/\/api.w.org\/{rel}","templated":true}]}}