{"id":17380,"date":"2020-10-08T09:34:20","date_gmt":"2020-10-08T07:34:20","guid":{"rendered":"http:\/\/serveiseducatius.xtec.cat\/baixllobregat5\/?p=17380"},"modified":"2020-10-08T20:39:15","modified_gmt":"2020-10-08T18:39:15","slug":"25a-setmana-de-la-ciencia-activitat-adrecada-a-lalumnat-de-3r-i-4t-deso","status":"publish","type":"post","link":"https:\/\/serveiseducatius.xtec.cat\/baixllobregat5\/crp\/25a-setmana-de-la-ciencia-activitat-adrecada-a-lalumnat-de-3r-i-4t-deso\/","title":{"rendered":"Fins el 14 d&#8217;octubre Inscripcions obertes 25a Setmana de la Ci\u00e8ncia . Activitat adre\u00e7ada a l&#8217;alumnat de 3r i 4t d&#8217;ESO"},"content":{"rendered":"<p><img loading=\"lazy\" decoding=\"async\" class=\"aligncenter size-large\" src=\"https:\/\/setmanaciencia.fundaciorecerca.cat\/frontend\/img\/logo-sc-right.png\" alt=\"25a Setmana de la Ci\u00e8ncia\" width=\"482\" height=\"93\" \/><\/p>\n<p class=\"MsoNormal\" style=\"margin-bottom: .0001pt; text-align: justify; line-height: normal; background: white;\"><span style=\"font-size: 12.0pt; font-family: 'Arial','sans-serif'; mso-fareast-font-family: 'Times New Roman'; color: black; mso-fareast-language: CA;\">La Fundaci\u00f3 Catalana per a la Recerca i la Innovaci\u00f3 (FCRI), amb el suport de la Generalitat de Catalunya, organitza la <b>25a edici\u00f3 de la\u00a0Setmana\u00a0de la\u00a0Ci\u00e8ncia<\/b>, que se celebrar\u00e0 del 14 al 29 de novembre, arreu de Catalunya.\u00a0<\/span><\/p>\n<p class=\"MsoNormal\" style=\"margin-bottom: .0001pt; text-align: justify; line-height: normal; background: white;\"><span style=\"font-size: 12.0pt; font-family: 'Times New Roman','serif'; mso-fareast-font-family: 'Times New Roman'; color: #222222; mso-fareast-language: CA;\">\u00a0<\/span><\/p>\n<p class=\"MsoNormal\" style=\"margin-bottom: .0001pt; text-align: justify; line-height: normal; background: white;\"><span style=\"font-size: 12.0pt; font-family: 'Arial','sans-serif'; mso-fareast-font-family: 'Times New Roman'; color: black; mso-fareast-language: CA;\">L&#8217;activitat &#8220;<b>La\u00a0ci\u00e8ncia\u00a0en primera persona<\/b>&#8221; que es celebrar\u00e0 el dia\u00a0<b>18 de novembre<\/b>\u00a0al mat\u00ed s&#8217;emmarca en la\u00a0Setmana\u00a0de la\u00a0Ci\u00e8ncia,\u00a0 amb la finalitat del foment de les vocacions cient\u00edfiques i tecnol\u00f2giques entre l&#8217;alumnat del nostre pa\u00eds, pretenent apropar els i les cient\u00edfiques als instituts.\u00a0<\/span><\/p>\n<p class=\"MsoNormal\" style=\"margin-bottom: .0001pt; text-align: justify; line-height: normal; background: white;\"><span style=\"font-size: 12.0pt; font-family: 'Times New Roman','serif'; mso-fareast-font-family: 'Times New Roman'; color: #222222; mso-fareast-language: CA;\">\u00a0<\/span><\/p>\n<p class=\"MsoNormal\" style=\"margin-bottom: .0001pt; text-align: justify; line-height: normal; background: white;\"><span style=\"font-size: 12.0pt; font-family: 'Arial','sans-serif'; mso-fareast-font-family: 'Times New Roman'; color: black; mso-fareast-language: CA;\">La situaci\u00f3 excepcional viscuda amb motiu de la pand\u00e8mia de la COVID-19, fa que, aquest cop la modalitat sigui virtual. Per aquest motiu es proposa fer un canvi. Aquest any es substitueixen les 100 xerrades als centres pel format seg\u00fcent:\u00a0<\/span><\/p>\n<p class=\"MsoNormal\" style=\"margin-bottom: .0001pt; text-align: justify; line-height: normal; background: white;\"><span style=\"font-size: 12.0pt; font-family: 'Times New Roman','serif'; mso-fareast-font-family: 'Times New Roman'; color: #222222; mso-fareast-language: CA;\">\u00a0<\/span><\/p>\n<p class=\"MsoNormal\" style=\"margin-bottom: .0001pt; line-height: normal; background: white;\"><span style=\"font-size: 12.0pt; font-family: 'Arial','sans-serif'; mso-fareast-font-family: 'Times New Roman'; color: black; mso-fareast-language: CA;\">L\u2019activitat es fonamenta en tres parts:\u00a0<\/span><\/p>\n<p class=\"MsoNormal\" style=\"margin-bottom: .0001pt; line-height: normal; background: white;\"><span style=\"font-size: 12.0pt; font-family: 'Times New Roman','serif'; mso-fareast-font-family: 'Times New Roman'; color: #222222; mso-fareast-language: CA;\">\u00a0<\/span><\/p>\n<p class=\"MsoNormal\" style=\"mso-margin-top-alt: auto; margin-bottom: .0001pt; margin-left: 36.0pt; text-align: justify; line-height: normal; background: white; vertical-align: baseline;\"><span style=\"font-size: 12.0pt; font-family: 'Arial','sans-serif'; mso-fareast-font-family: 'Times New Roman'; color: black; mso-fareast-language: CA;\">1.<\/span><span style=\"font-size: 12.0pt; font-family: 'Times New Roman','serif'; mso-fareast-font-family: 'Times New Roman'; color: black; mso-fareast-language: CA;\">\u00a0\u00a0\u00a0\u00a0<\/span><span style=\"font-size: 12.0pt; font-family: 'Arial','sans-serif'; mso-fareast-font-family: 'Times New Roman'; color: black; mso-fareast-language: CA;\">Edici\u00f3 d\u2019un v\u00eddeo, d\u2019una durada d\u2019uns 5-10 minuts on es llen\u00e7a tamb\u00e9 una proposta o un repte.<\/span><\/p>\n<p class=\"MsoNormal\" style=\"mso-margin-top-alt: auto; margin-bottom: .0001pt; margin-left: 36.0pt; text-align: justify; line-height: normal; background: white; vertical-align: baseline;\"><span style=\"font-size: 12.0pt; font-family: 'Arial','sans-serif'; mso-fareast-font-family: 'Times New Roman'; color: black; mso-fareast-language: CA;\">2.<\/span><span style=\"font-size: 12.0pt; font-family: 'Times New Roman','serif'; mso-fareast-font-family: 'Times New Roman'; color: black; mso-fareast-language: CA;\"> \u00a0 <\/span><span style=\"font-size: 12.0pt; font-family: 'Arial','sans-serif'; mso-fareast-font-family: 'Times New Roman'; color: black; mso-fareast-language: CA;\">Aquest v\u00eddeo el visualitzar\u00e0 l\u2019alumnat en hores lectives juntament amb els seus professors\/es. L\u2019alumnat ens faran arribar imatge del repte aconseguit (foto o v\u00eddeo) aix\u00ed com les preguntes que volen formular als\/a les cient\u00edfics\/ques.\u00a0<\/span><\/p>\n<p class=\"MsoNormal\" style=\"mso-margin-top-alt: auto; margin-bottom: .0001pt; margin-left: 36.0pt; text-align: justify; line-height: normal; background: white; vertical-align: baseline;\"><span style=\"font-size: 12.0pt; font-family: 'Arial','sans-serif'; mso-fareast-font-family: 'Times New Roman'; color: black; mso-fareast-language: CA;\">3.<\/span><span style=\"font-size: 12.0pt; font-family: 'Times New Roman','serif'; mso-fareast-font-family: 'Times New Roman'; color: black; mso-fareast-language: CA;\">\u00a0\u00a0\u00a0\u00a0<\/span><span style=\"font-size: 12.0pt; font-family: 'Arial','sans-serif'; mso-fareast-font-family: 'Times New Roman'; color: black; mso-fareast-language: CA;\">El dia 18 de novembre al mat\u00ed, connexi\u00f3 en l\u00ednia amb cadascun dels\/de les 4 cient\u00edfics\/ques.<\/span><\/p>\n<p class=\"MsoNormal\" style=\"margin-bottom: .0001pt; line-height: normal; background: white;\"><span style=\"font-size: 12.0pt; font-family: 'Times New Roman','serif'; mso-fareast-font-family: 'Times New Roman'; color: #500050; mso-fareast-language: CA;\">\u00a0<\/span><\/p>\n<p class=\"MsoNormal\" style=\"margin-bottom: .0001pt; text-align: justify; line-height: normal; background: white;\"><span style=\"font-size: 12.0pt; font-family: 'Arial','sans-serif'; mso-fareast-font-family: 'Times New Roman'; color: black; mso-fareast-language: CA;\">L\u2019<b>activitat adre\u00e7ada a l\u2019alumnat de 3r i 4t d\u2019ESO\u00a0<\/b>va a c\u00e0rrec de cient\u00edfics que es dediquen a la investigaci\u00f3 i que expliquen la seva tasca, tant des del vessant cient\u00edfic com del vessant hum\u00e0.\u00a0<\/span><\/p>\n<p class=\"MsoNormal\" style=\"margin-bottom: .0001pt; line-height: normal; background: white;\"><span style=\"font-size: 12.0pt; font-family: 'Times New Roman','serif'; mso-fareast-font-family: 'Times New Roman'; color: #500050; mso-fareast-language: CA;\">\u00a0<\/span><\/p>\n<p class=\"MsoNormal\" style=\"margin-bottom: .0001pt; text-align: justify; line-height: normal; background: white;\"><span style=\"font-size: 12.0pt; font-family: 'Arial','sans-serif'; mso-fareast-font-family: 'Times New Roman'; color: black; mso-fareast-language: CA;\">Es proposen 4 grans temes per a tractar amb els seg\u00fcents ponents:\u00a0<\/span><\/p>\n<p class=\"MsoNormal\" style=\"mso-margin-top-alt: auto; margin-bottom: .0001pt; margin-left: 36.0pt; text-align: justify; line-height: normal; background: white; vertical-align: baseline;\"><span style=\"font-size: 12.0pt; font-family: Symbol; mso-fareast-font-family: 'Times New Roman'; mso-bidi-font-family: 'Times New Roman'; color: black; mso-fareast-language: CA;\">\u00b7<\/span><span style=\"font-size: 12.0pt; font-family: 'Times New Roman','serif'; mso-fareast-font-family: 'Times New Roman'; color: black; mso-fareast-language: CA;\">\u00a0\u00a0\u00a0\u00a0\u00a0\u00a0\u00a0\u00a0\u00a0<\/span><span style=\"font-size: 12.0pt; font-family: 'Arial','sans-serif'; mso-fareast-font-family: 'Times New Roman'; color: black; mso-fareast-language: CA;\">Intel\u00b7lig\u00e8ncia Artificial: <b>Armand Vilalta<\/b>\u00a0(BSC)<\/span><\/p>\n<p class=\"MsoNormal\" style=\"mso-margin-top-alt: auto; margin-bottom: .0001pt; margin-left: 36.0pt; text-align: justify; line-height: normal; background: white; vertical-align: baseline;\"><span style=\"font-size: 12.0pt; font-family: Symbol; mso-fareast-font-family: 'Times New Roman'; mso-bidi-font-family: 'Times New Roman'; color: black; mso-fareast-language: CA;\">\u00b7<\/span><span style=\"font-size: 12.0pt; font-family: 'Times New Roman','serif'; mso-fareast-font-family: 'Times New Roman'; color: black; mso-fareast-language: CA;\">\u00a0\u00a0\u00a0\u00a0\u00a0\u00a0\u00a0\u00a0\u00a0<\/span><span style=\"font-size: 12.0pt; font-family: 'Arial','sans-serif'; mso-fareast-font-family: 'Times New Roman'; color: black; mso-fareast-language: CA;\">Epidemiologia: <b>pendent<\/b><\/span><\/p>\n<p class=\"MsoNormal\" style=\"mso-margin-top-alt: auto; margin-bottom: .0001pt; margin-left: 36.0pt; text-align: justify; line-height: normal; background: white; vertical-align: baseline;\"><span style=\"font-size: 12.0pt; font-family: Symbol; mso-fareast-font-family: 'Times New Roman'; mso-bidi-font-family: 'Times New Roman'; color: black; mso-fareast-language: CA;\">\u00b7<\/span><span style=\"font-size: 12.0pt; font-family: 'Times New Roman','serif'; mso-fareast-font-family: 'Times New Roman'; color: black; mso-fareast-language: CA;\">\u00a0\u00a0\u00a0\u00a0\u00a0\u00a0\u00a0\u00a0\u00a0<\/span><span style=\"font-size: 12.0pt; font-family: 'Arial','sans-serif'; mso-fareast-font-family: 'Times New Roman'; color: black; mso-fareast-language: CA;\">Gen\u00e8tica:\u00a0<b>Gemma Marfany<\/b>\u00a0(UB)\u00a0<\/span><\/p>\n<p class=\"MsoNormal\" style=\"mso-margin-top-alt: auto; margin-bottom: .0001pt; margin-left: 36.0pt; text-align: justify; line-height: normal; background: white; vertical-align: baseline;\"><span style=\"font-size: 12.0pt; font-family: Symbol; mso-fareast-font-family: 'Times New Roman'; mso-bidi-font-family: 'Times New Roman'; color: black; mso-fareast-language: CA;\">\u00b7<\/span><span style=\"font-size: 12.0pt; font-family: 'Times New Roman','serif'; mso-fareast-font-family: 'Times New Roman'; color: black; mso-fareast-language: CA;\">\u00a0\u00a0\u00a0\u00a0\u00a0\u00a0\u00a0\u00a0\u00a0<\/span><span style=\"font-size: 12.0pt; font-family: 'Arial','sans-serif'; mso-fareast-font-family: 'Times New Roman'; color: black; mso-fareast-language: CA;\">Sostenibilitat:\u00a0<b>S\u00edlvia Lacorte<\/b>\u00a0(IDAEA CSIC)\u00a0<\/span><\/p>\n<p class=\"MsoNormal\" style=\"margin-bottom: .0001pt; line-height: normal; background: white;\"><span style=\"font-size: 12.0pt; font-family: 'Times New Roman','serif'; mso-fareast-font-family: 'Times New Roman'; color: #500050; mso-fareast-language: CA;\">\u00a0<\/span><\/p>\n<p class=\"MsoNormal\" style=\"margin-bottom: .0001pt; text-align: justify; line-height: normal; background: white;\"><b><span style=\"font-size: 12.0pt; font-family: 'Arial','sans-serif'; mso-fareast-font-family: 'Times New Roman'; color: black; mso-fareast-language: CA;\">Abans del 14 d\u2019octubre <\/span><\/b><span style=\"font-size: 12.0pt; font-family: 'Arial','sans-serif'; mso-fareast-font-family: 'Times New Roman'; color: black; mso-fareast-language: CA; mso-bidi-font-weight: bold;\">els centres educatius interessats a participar han d\u2019omplir la inscripci\u00f3 al seg\u00fcent enlla\u00e7.<\/span><\/p>\n<p class=\"MsoNormal\" style=\"margin-bottom: .0001pt; text-align: justify; line-height: normal; background: white;\"><span style=\"font-size: 12.0pt; font-family: 'Times New Roman','serif'; mso-fareast-font-family: 'Times New Roman'; color: #500050; mso-fareast-language: CA;\">\u00a0<\/span><\/p>\n<p class=\"MsoNormal\" style=\"margin-bottom: .0001pt; text-align: center; line-height: normal; background: white;\" align=\"center\"><span style=\"font-size: 12.0pt; font-family: 'Times New Roman','serif'; mso-fareast-font-family: 'Times New Roman'; color: #500050; mso-fareast-language: CA;\"><a href=\"https:\/\/forms.gle\/o3mReQBZJ4gFn2oS7\" target=\"_blank\" rel=\"noopener noreferrer\"><span style=\"font-family: 'Arial','sans-serif'; color: #1155cc;\">Formulari d\u2019inscripci\u00f3 dels centres<\/span><\/a><\/span><\/p>\n<p class=\"MsoNormal\" style=\"margin-bottom: .0001pt; line-height: normal; background: white;\"><span style=\"font-size: 12.0pt; font-family: 'Times New Roman','serif'; mso-fareast-font-family: 'Times New Roman'; color: #500050; mso-fareast-language: CA;\">\u00a0<\/span><\/p>\n<p class=\"MsoNormal\" style=\"margin-bottom: .0001pt; line-height: normal; background: white;\"><span style=\"font-size: 12.0pt; font-family: 'Arial','sans-serif'; mso-fareast-font-family: 'Times New Roman'; color: black; mso-fareast-language: CA;\">M\u00e9s informaci\u00f3 detallada a<b>\u00a0<\/b><\/span><span style=\"font-size: 12.0pt; font-family: 'Times New Roman','serif'; mso-fareast-font-family: 'Times New Roman'; color: #500050; mso-fareast-language: CA;\"><a href=\"http:\/\/www.setmanaciencia.cat\/\" target=\"_blank\" rel=\"noopener noreferrer\"><b><span style=\"font-family: 'Arial','sans-serif'; color: #1155cc;\">www.setmanaciencia.cat<\/span><\/b><\/a><\/span><\/p>\n<p class=\"MsoNormal\" style=\"margin-bottom: .0001pt; line-height: normal; background: white;\"><span style=\"font-size: 12.0pt; font-family: 'Times New Roman','serif'; mso-fareast-font-family: 'Times New Roman'; color: #500050; mso-fareast-language: CA;\">\u00a0<\/span><\/p>\n<p>&nbsp;<\/p>\n<p>&nbsp;<\/p>\n","protected":false},"excerpt":{"rendered":"<p>La Fundaci\u00f3 Catalana per a la Recerca i la Innovaci\u00f3 (FCRI), amb el suport de la Generalitat de Catalunya, organitza [&hellip;]<\/p>\n","protected":false},"author":1,"featured_media":17382,"comment_status":"open","ping_status":"closed","sticky":false,"template":"","format":"standard","meta":{"_bbp_topic_count":0,"_bbp_reply_count":0,"_bbp_total_topic_count":0,"_bbp_total_reply_count":0,"_bbp_voice_count":0,"_bbp_anonymous_reply_count":0,"_bbp_topic_count_hidden":0,"_bbp_reply_count_hidden":0,"_bbp_forum_subforum_count":0,"site-sidebar-layout":"default","site-content-layout":"","ast-site-content-layout":"","site-content-style":"default","site-sidebar-style":"default","ast-global-header-display":"","ast-banner-title-visibility":"","ast-main-header-display":"","ast-hfb-above-header-display":"","ast-hfb-below-header-display":"","ast-hfb-mobile-header-display":"","site-post-title":"","ast-breadcrumbs-content":"","ast-featured-img":"","footer-sml-layout":"","theme-transparent-header-meta":"","adv-header-id-meta":"","stick-header-meta":"","header-above-stick-meta":"","header-main-stick-meta":"","header-below-stick-meta":"","astra-migrate-meta-layouts":"default","ast-page-background-enabled":"default","ast-page-background-meta":{"desktop":{"background-color":"var(--ast-global-color-4)","background-image":"","background-repeat":"repeat","background-position":"center center","background-size":"auto","background-attachment":"scroll","background-type":"","background-media":"","overlay-type":"","overlay-color":"","overlay-opacity":"","overlay-gradient":""},"tablet":{"background-color":"","background-image":"","background-repeat":"repeat","background-position":"center center","background-size":"auto","background-attachment":"scroll","background-type":"","background-media":"","overlay-type":"","overlay-color":"","overlay-opacity":"","overlay-gradient":""},"mobile":{"background-color":"","background-image":"","background-repeat":"repeat","background-position":"center center","background-size":"auto","background-attachment":"scroll","background-type":"","background-media":"","overlay-type":"","overlay-color":"","overlay-opacity":"","overlay-gradient":""}},"ast-content-background-meta":{"desktop":{"background-color":"var(--ast-global-color-5)","background-image":"","background-repeat":"repeat","background-position":"center center","background-size":"auto","background-attachment":"scroll","background-type":"","background-media":"","overlay-type":"","overlay-color":"","overlay-opacity":"","overlay-gradient":""},"tablet":{"background-color":"var(--ast-global-color-5)","background-image":"","background-repeat":"repeat","background-position":"center center","background-size":"auto","background-attachment":"scroll","background-type":"","background-media":"","overlay-type":"","overlay-color":"","overlay-opacity":"","overlay-gradient":""},"mobile":{"background-color":"var(--ast-global-color-5)","background-image":"","background-repeat":"repeat","background-position":"center center","background-size":"auto","background-attachment":"scroll","background-type":"","background-media":"","overlay-type":"","overlay-color":"","overlay-opacity":"","overlay-gradient":""}},"footnotes":""},"categories":[65,66,535],"tags":[554],"class_list":["post-17380","post","type-post","status-publish","format-standard","has-post-thumbnail","hentry","category-crp","category-dinamitzacio","category-portada","tag-setmana-de-la-ciencia"],"post_mailing_queue_ids":[],"_links":{"self":[{"href":"https:\/\/serveiseducatius.xtec.cat\/baixllobregat5\/wp-json\/wp\/v2\/posts\/17380","targetHints":{"allow":["GET"]}}],"collection":[{"href":"https:\/\/serveiseducatius.xtec.cat\/baixllobregat5\/wp-json\/wp\/v2\/posts"}],"about":[{"href":"https:\/\/serveiseducatius.xtec.cat\/baixllobregat5\/wp-json\/wp\/v2\/types\/post"}],"author":[{"embeddable":true,"href":"https:\/\/serveiseducatius.xtec.cat\/baixllobregat5\/wp-json\/wp\/v2\/users\/1"}],"replies":[{"embeddable":true,"href":"https:\/\/serveiseducatius.xtec.cat\/baixllobregat5\/wp-json\/wp\/v2\/comments?post=17380"}],"version-history":[{"count":3,"href":"https:\/\/serveiseducatius.xtec.cat\/baixllobregat5\/wp-json\/wp\/v2\/posts\/17380\/revisions"}],"predecessor-version":[{"id":17537,"href":"https:\/\/serveiseducatius.xtec.cat\/baixllobregat5\/wp-json\/wp\/v2\/posts\/17380\/revisions\/17537"}],"wp:featuredmedia":[{"embeddable":true,"href":"https:\/\/serveiseducatius.xtec.cat\/baixllobregat5\/wp-json\/wp\/v2\/media\/17382"}],"wp:attachment":[{"href":"https:\/\/serveiseducatius.xtec.cat\/baixllobregat5\/wp-json\/wp\/v2\/media?parent=17380"}],"wp:term":[{"taxonomy":"category","embeddable":true,"href":"https:\/\/serveiseducatius.xtec.cat\/baixllobregat5\/wp-json\/wp\/v2\/categories?post=17380"},{"taxonomy":"post_tag","embeddable":true,"href":"https:\/\/serveiseducatius.xtec.cat\/baixllobregat5\/wp-json\/wp\/v2\/tags?post=17380"}],"curies":[{"name":"wp","href":"https:\/\/api.w.org\/{rel}","templated":true}]}}