{"id":16895,"date":"2020-05-21T07:30:22","date_gmt":"2020-05-21T05:30:22","guid":{"rendered":"http:\/\/serveiseducatius.xtec.cat\/baixllobregat5\/?p=16895"},"modified":"2020-05-21T07:31:06","modified_gmt":"2020-05-21T05:31:06","slug":"raco-de-lectura-a-cicle-inicial-una-oportunitat-per-fomentar-la-lectura-entre-els-infants","status":"publish","type":"post","link":"https:\/\/serveiseducatius.xtec.cat\/baixllobregat5\/general\/raco-de-lectura-a-cicle-inicial-una-oportunitat-per-fomentar-la-lectura-entre-els-infants\/","title":{"rendered":"Rac\u00f3 de lectura a Cicle Inicial: una oportunitat per fomentar la lectura entre els infants"},"content":{"rendered":"<p><img loading=\"lazy\" decoding=\"async\" class=\"aligncenter size-medium wp-image-16896\" src=\"https:\/\/serveiseducatius.xtec.cat\/baixllobregat5\/wp-content\/uploads\/usu1180\/2020\/05\/logocapsalera-300x140.jpg\" alt=\"Rac\u00f3 de lectura\" width=\"300\" height=\"140\" srcset=\"https:\/\/serveiseducatius.xtec.cat\/baixllobregat5\/wp-content\/uploads\/usu1180\/2020\/05\/logocapsalera-300x140.jpg 300w, https:\/\/serveiseducatius.xtec.cat\/baixllobregat5\/wp-content\/uploads\/usu1180\/2020\/05\/logocapsalera.jpg 660w\" sizes=\"auto, (max-width: 300px) 100vw, 300px\" \/>A Cicle Inicial de l&#8217;<a href=\"http:\/\/www.ceip-santmiquel-cornella.cat\/\" target=\"_blank\" rel=\"noopener noreferrer\">escola Sant Miquel de Cornell\u00e0\u00a0<\/a> fem \u00fas del rac\u00f3 de la lectura a l\u2019aula, un espai pensat per fomentar la lectura i la investigaci\u00f3 dels temes que es treballen als projectes.<\/p>\n<p>A m\u00e9s del llibres de lectura, que es van renovant peri\u00f2dicament, per a cada projecte es fa un recull de llibres relacionats amb la tem\u00e0tica que s\u2019est\u00e0 investigant a cada projecte i que han de servir per ampliar informaci\u00f3. Aquest recull queda a disposici\u00f3 de l\u2019alumnat.<\/p>\n<p>Quan iniciem un projecte nou, presentem a l\u2019alumnat una s\u00e8rie de llibres relacionats amb ell. Portem llibres del propi cicle, de la biblioteca de l\u2019escola, de les biblioteques municipals&#8230; i de vegades hi ha alumnes que porten llibres de casa. En aquest \u00faltim cas, s\u00f3n els propis alumnes els encarregats de presentar els seus llibres.<\/p>\n<p>Parlem de la tipologia d\u2019aquest llibres, del seu contingut, de com estan identificats i recordem tamb\u00e9 les normes d\u2019\u00fas de la biblioteca d\u2019aula.<\/p>\n<p>Aquest rac\u00f3 de lectura tamb\u00e9 \u00e9s l\u2019excusa perfecta per que els nostres nens i nenes presentin llibres propis que els hagin agradat i que vulguin compartir amb la resta de companys i companyes.<\/p>\n<p><em><strong>Com funcionen aquestes presentacions?<\/strong><\/em><\/p>\n<p>L\u2019alumnat porta el llibre espont\u00e0niament i pacta amb la tutora un moment adient per fer la presentaci\u00f3 del llibre.<\/p>\n<p>Quan el llibre \u00e9s un conte, la mestra ajuda a explicar-lo si \u00e9s necessari. Quan \u00e9s un llibre d\u2019informaci\u00f3, es fa una revisi\u00f3 de les p\u00e0gines que m\u00e9s han agradat al\/la alumne\/a que el presenta.<\/p>\n<p>Aquests llibres es queden a un espai de la biblioteca d\u2019aula una setmana per tal que la resta de companys\/es el pugui mirar o llegir.<\/p>\n<p><em>Beatriz Ojeda<\/em><\/p>\n<p><em>\u00a0<\/em><\/p>\n<p>&nbsp;<\/p>\n<p>&nbsp;<\/p>\n<p>&nbsp;<\/p>\n","protected":false},"excerpt":{"rendered":"<p>A Cicle Inicial de l&#8217;escola Sant Miquel de Cornell\u00e0\u00a0 fem \u00fas del rac\u00f3 de la lectura a l\u2019aula, un espai [&hellip;]<\/p>\n","protected":false},"author":12,"featured_media":16896,"comment_status":"closed","ping_status":"closed","sticky":false,"template":"","format":"standard","meta":{"_bbp_topic_count":0,"_bbp_reply_count":0,"_bbp_total_topic_count":0,"_bbp_total_reply_count":0,"_bbp_voice_count":0,"_bbp_anonymous_reply_count":0,"_bbp_topic_count_hidden":0,"_bbp_reply_count_hidden":0,"_bbp_forum_subforum_count":0,"site-sidebar-layout":"default","site-content-layout":"","ast-site-content-layout":"","site-content-style":"default","site-sidebar-style":"default","ast-global-header-display":"","ast-banner-title-visibility":"","ast-main-header-display":"","ast-hfb-above-header-display":"","ast-hfb-below-header-display":"","ast-hfb-mobile-header-display":"","site-post-title":"","ast-breadcrumbs-content":"","ast-featured-img":"","footer-sml-layout":"","theme-transparent-header-meta":"","adv-header-id-meta":"","stick-header-meta":"","header-above-stick-meta":"","header-main-stick-meta":"","header-below-stick-meta":"","astra-migrate-meta-layouts":"default","ast-page-background-enabled":"default","ast-page-background-meta":{"desktop":{"background-color":"var(--ast-global-color-4)","background-image":"","background-repeat":"repeat","background-position":"center center","background-size":"auto","background-attachment":"scroll","background-type":"","background-media":"","overlay-type":"","overlay-color":"","overlay-opacity":"","overlay-gradient":""},"tablet":{"background-color":"","background-image":"","background-repeat":"repeat","background-position":"center center","background-size":"auto","background-attachment":"scroll","background-type":"","background-media":"","overlay-type":"","overlay-color":"","overlay-opacity":"","overlay-gradient":""},"mobile":{"background-color":"","background-image":"","background-repeat":"repeat","background-position":"center center","background-size":"auto","background-attachment":"scroll","background-type":"","background-media":"","overlay-type":"","overlay-color":"","overlay-opacity":"","overlay-gradient":""}},"ast-content-background-meta":{"desktop":{"background-color":"var(--ast-global-color-5)","background-image":"","background-repeat":"repeat","background-position":"center center","background-size":"auto","background-attachment":"scroll","background-type":"","background-media":"","overlay-type":"","overlay-color":"","overlay-opacity":"","overlay-gradient":""},"tablet":{"background-color":"var(--ast-global-color-5)","background-image":"","background-repeat":"repeat","background-position":"center center","background-size":"auto","background-attachment":"scroll","background-type":"","background-media":"","overlay-type":"","overlay-color":"","overlay-opacity":"","overlay-gradient":""},"mobile":{"background-color":"var(--ast-global-color-5)","background-image":"","background-repeat":"repeat","background-position":"center center","background-size":"auto","background-attachment":"scroll","background-type":"","background-media":"","overlay-type":"","overlay-color":"","overlay-opacity":"","overlay-gradient":""}},"footnotes":""},"categories":[1],"tags":[282,267,166,1139,328,1120],"class_list":["post-16895","post","type-post","status-publish","format-standard","has-post-thumbnail","hentry","category-general","tag-animacio-lectora","tag-bec","tag-biblioteca-escolar","tag-curs-2019-20","tag-escola-sant-miquel","tag-foment-lectura"],"post_mailing_queue_ids":[],"_links":{"self":[{"href":"https:\/\/serveiseducatius.xtec.cat\/baixllobregat5\/wp-json\/wp\/v2\/posts\/16895","targetHints":{"allow":["GET"]}}],"collection":[{"href":"https:\/\/serveiseducatius.xtec.cat\/baixllobregat5\/wp-json\/wp\/v2\/posts"}],"about":[{"href":"https:\/\/serveiseducatius.xtec.cat\/baixllobregat5\/wp-json\/wp\/v2\/types\/post"}],"author":[{"embeddable":true,"href":"https:\/\/serveiseducatius.xtec.cat\/baixllobregat5\/wp-json\/wp\/v2\/users\/12"}],"replies":[{"embeddable":true,"href":"https:\/\/serveiseducatius.xtec.cat\/baixllobregat5\/wp-json\/wp\/v2\/comments?post=16895"}],"version-history":[{"count":2,"href":"https:\/\/serveiseducatius.xtec.cat\/baixllobregat5\/wp-json\/wp\/v2\/posts\/16895\/revisions"}],"predecessor-version":[{"id":16898,"href":"https:\/\/serveiseducatius.xtec.cat\/baixllobregat5\/wp-json\/wp\/v2\/posts\/16895\/revisions\/16898"}],"wp:featuredmedia":[{"embeddable":true,"href":"https:\/\/serveiseducatius.xtec.cat\/baixllobregat5\/wp-json\/wp\/v2\/media\/16896"}],"wp:attachment":[{"href":"https:\/\/serveiseducatius.xtec.cat\/baixllobregat5\/wp-json\/wp\/v2\/media?parent=16895"}],"wp:term":[{"taxonomy":"category","embeddable":true,"href":"https:\/\/serveiseducatius.xtec.cat\/baixllobregat5\/wp-json\/wp\/v2\/categories?post=16895"},{"taxonomy":"post_tag","embeddable":true,"href":"https:\/\/serveiseducatius.xtec.cat\/baixllobregat5\/wp-json\/wp\/v2\/tags?post=16895"}],"curies":[{"name":"wp","href":"https:\/\/api.w.org\/{rel}","templated":true}]}}