{"id":16540,"date":"2020-05-05T00:59:21","date_gmt":"2020-05-04T22:59:21","guid":{"rendered":"http:\/\/serveiseducatius.xtec.cat\/baixllobregat5\/?p=16540"},"modified":"2020-05-05T13:38:08","modified_gmt":"2020-05-05T11:38:08","slug":"pla-parcial-de-desconfinament-i-obertura-dels-centres-educatius-per-a-la-realitzacio-dels-procediments-de-preinscripcio-i-matricula-escolar-i-per-a-la-realitzacio-de-proves-dacces","status":"publish","type":"post","link":"https:\/\/serveiseducatius.xtec.cat\/baixllobregat5\/general\/pla-parcial-de-desconfinament-i-obertura-dels-centres-educatius-per-a-la-realitzacio-dels-procediments-de-preinscripcio-i-matricula-escolar-i-per-a-la-realitzacio-de-proves-dacces\/","title":{"rendered":"Pla parcial de desconfinament i obertura dels centres educatius"},"content":{"rendered":"<p><a href=\"https:\/\/drive.google.com\/file\/d\/1tTYNs_8f-oE3LM_Wdq4pJed5tyNjAHrl\/view?usp=sharing\" target=\"_blank\" rel=\"noopener noreferrer\"><img loading=\"lazy\" decoding=\"async\" class=\"wp-image-16541 size-full aligncenter\" src=\"https:\/\/serveiseducatius.xtec.cat\/baixllobregat5\/wp-content\/uploads\/usu1180\/2020\/05\/Screenshot-2020-05-05-at-00.50.45.png\" alt=\"\" width=\"721\" height=\"233\" srcset=\"https:\/\/serveiseducatius.xtec.cat\/baixllobregat5\/wp-content\/uploads\/usu1180\/2020\/05\/Screenshot-2020-05-05-at-00.50.45.png 721w, https:\/\/serveiseducatius.xtec.cat\/baixllobregat5\/wp-content\/uploads\/usu1180\/2020\/05\/Screenshot-2020-05-05-at-00.50.45-300x97.png 300w\" sizes=\"auto, (max-width: 721px) 100vw, 721px\" \/><\/a><\/p>\n<p>Pla parcial de desconfinament i obertura dels centres educatius per a la realitzaci\u00f3 dels procediments de preinscripci\u00f3 i matr\u00edcula escolar i per a la realitzaci\u00f3 de proves d&#8217;acc\u00e9s i d&#8217;obtenci\u00f3 de t\u00edtols adre\u00e7ades a la ciutadania.<\/p>\n<p style=\"text-align: left;\">| <a href=\"https:\/\/drive.google.com\/file\/d\/1tTYNs_8f-oE3LM_Wdq4pJed5tyNjAHrl\/view?usp=sharing\" target=\"_blank\" rel=\"noopener noreferrer\">ACC\u00c9S AL DOCUMENT<\/a> |<\/p>\n","protected":false},"excerpt":{"rendered":"<p>Pla parcial de desconfinament i obertura dels centres educatius per a la realitzaci\u00f3 dels procediments de preinscripci\u00f3 i matr\u00edcula escolar [&hellip;]<\/p>\n","protected":false},"author":1,"featured_media":16541,"comment_status":"closed","ping_status":"closed","sticky":false,"template":"","format":"standard","meta":{"_bbp_topic_count":0,"_bbp_reply_count":0,"_bbp_total_topic_count":0,"_bbp_total_reply_count":0,"_bbp_voice_count":0,"_bbp_anonymous_reply_count":0,"_bbp_topic_count_hidden":0,"_bbp_reply_count_hidden":0,"_bbp_forum_subforum_count":0,"site-sidebar-layout":"default","site-content-layout":"","ast-site-content-layout":"","site-content-style":"default","site-sidebar-style":"default","ast-global-header-display":"","ast-banner-title-visibility":"","ast-main-header-display":"","ast-hfb-above-header-display":"","ast-hfb-below-header-display":"","ast-hfb-mobile-header-display":"","site-post-title":"","ast-breadcrumbs-content":"","ast-featured-img":"","footer-sml-layout":"","theme-transparent-header-meta":"","adv-header-id-meta":"","stick-header-meta":"","header-above-stick-meta":"","header-main-stick-meta":"","header-below-stick-meta":"","astra-migrate-meta-layouts":"default","ast-page-background-enabled":"default","ast-page-background-meta":{"desktop":{"background-color":"var(--ast-global-color-4)","background-image":"","background-repeat":"repeat","background-position":"center center","background-size":"auto","background-attachment":"scroll","background-type":"","background-media":"","overlay-type":"","overlay-color":"","overlay-opacity":"","overlay-gradient":""},"tablet":{"background-color":"","background-image":"","background-repeat":"repeat","background-position":"center center","background-size":"auto","background-attachment":"scroll","background-type":"","background-media":"","overlay-type":"","overlay-color":"","overlay-opacity":"","overlay-gradient":""},"mobile":{"background-color":"","background-image":"","background-repeat":"repeat","background-position":"center center","background-size":"auto","background-attachment":"scroll","background-type":"","background-media":"","overlay-type":"","overlay-color":"","overlay-opacity":"","overlay-gradient":""}},"ast-content-background-meta":{"desktop":{"background-color":"var(--ast-global-color-5)","background-image":"","background-repeat":"repeat","background-position":"center center","background-size":"auto","background-attachment":"scroll","background-type":"","background-media":"","overlay-type":"","overlay-color":"","overlay-opacity":"","overlay-gradient":""},"tablet":{"background-color":"var(--ast-global-color-5)","background-image":"","background-repeat":"repeat","background-position":"center center","background-size":"auto","background-attachment":"scroll","background-type":"","background-media":"","overlay-type":"","overlay-color":"","overlay-opacity":"","overlay-gradient":""},"mobile":{"background-color":"var(--ast-global-color-5)","background-image":"","background-repeat":"repeat","background-position":"center center","background-size":"auto","background-attachment":"scroll","background-type":"","background-media":"","overlay-type":"","overlay-color":"","overlay-opacity":"","overlay-gradient":""}},"footnotes":""},"categories":[1,535],"tags":[1128,1148,1208,1167,453,1151,1210,1168,1209,1211],"class_list":["post-16540","post","type-post","status-publish","format-standard","has-post-thumbnail","hentry","category-general","category-portada","tag-centres-educatius-en-linia","tag-confinament","tag-covid19","tag-departament-deducacio","tag-document","tag-joemquedoacasa","tag-matricula","tag-normativa","tag-preinscripcio","tag-proves-acces"],"post_mailing_queue_ids":[],"_links":{"self":[{"href":"https:\/\/serveiseducatius.xtec.cat\/baixllobregat5\/wp-json\/wp\/v2\/posts\/16540","targetHints":{"allow":["GET"]}}],"collection":[{"href":"https:\/\/serveiseducatius.xtec.cat\/baixllobregat5\/wp-json\/wp\/v2\/posts"}],"about":[{"href":"https:\/\/serveiseducatius.xtec.cat\/baixllobregat5\/wp-json\/wp\/v2\/types\/post"}],"author":[{"embeddable":true,"href":"https:\/\/serveiseducatius.xtec.cat\/baixllobregat5\/wp-json\/wp\/v2\/users\/1"}],"replies":[{"embeddable":true,"href":"https:\/\/serveiseducatius.xtec.cat\/baixllobregat5\/wp-json\/wp\/v2\/comments?post=16540"}],"version-history":[{"count":2,"href":"https:\/\/serveiseducatius.xtec.cat\/baixllobregat5\/wp-json\/wp\/v2\/posts\/16540\/revisions"}],"predecessor-version":[{"id":16544,"href":"https:\/\/serveiseducatius.xtec.cat\/baixllobregat5\/wp-json\/wp\/v2\/posts\/16540\/revisions\/16544"}],"wp:featuredmedia":[{"embeddable":true,"href":"https:\/\/serveiseducatius.xtec.cat\/baixllobregat5\/wp-json\/wp\/v2\/media\/16541"}],"wp:attachment":[{"href":"https:\/\/serveiseducatius.xtec.cat\/baixllobregat5\/wp-json\/wp\/v2\/media?parent=16540"}],"wp:term":[{"taxonomy":"category","embeddable":true,"href":"https:\/\/serveiseducatius.xtec.cat\/baixllobregat5\/wp-json\/wp\/v2\/categories?post=16540"},{"taxonomy":"post_tag","embeddable":true,"href":"https:\/\/serveiseducatius.xtec.cat\/baixllobregat5\/wp-json\/wp\/v2\/tags?post=16540"}],"curies":[{"name":"wp","href":"https:\/\/api.w.org\/{rel}","templated":true}]}}