{"id":16256,"date":"2020-04-27T21:40:25","date_gmt":"2020-04-27T19:40:25","guid":{"rendered":"http:\/\/serveiseducatius.xtec.cat\/baixllobregat5\/?p=16256"},"modified":"2020-04-27T22:41:38","modified_gmt":"2020-04-27T20:41:38","slug":"checklist-per-un-us-responsable-dinternet","status":"publish","type":"post","link":"https:\/\/serveiseducatius.xtec.cat\/baixllobregat5\/general\/checklist-per-un-us-responsable-dinternet\/","title":{"rendered":"Checklist per un \u00fas responsable d\u2019Internet"},"content":{"rendered":"<p><a href=\"https:\/\/documents.espai.educacio.gencat.cat\/RecursosTIC\/Tips-seguretat-centres.pdf\" target=\"_blank\" rel=\"noopener noreferrer\"><img loading=\"lazy\" decoding=\"async\" class=\"aligncenter wp-image-16257 size-full\" src=\"https:\/\/serveiseducatius.xtec.cat\/baixllobregat5\/wp-content\/uploads\/usu1180\/2020\/04\/Screenshot-2020-04-27-at-21.29.19.png\" alt=\"\" width=\"443\" height=\"693\" \/><\/a><\/p>\n<p>La Direcci\u00f3 General d&#8217;Innovaci\u00f3, Recerca i Cultura Digital ha actualitzat la documentaci\u00f3 del <a href=\"http:\/\/xtec.gencat.cat\/ca\/centres\/centres-educatius-en-linia\/\" target=\"_blank\" rel=\"noopener noreferrer\"><strong>Pla d&#8217;acci\u00f3 Centres educatius en l\u00ednia<\/strong><\/a> incorporant dos documents relacionats amb la <strong>seguretat a internet<\/strong> i la <strong>protecci\u00f3 de dades personals<\/strong>.<\/p>\n<ul>\n<li><a href=\"https:\/\/documents.espai.educacio.gencat.cat\/RecursosTIC\/L5-Us-Responsable-Internet.pdf\" target=\"_blank\" rel=\"noopener noreferrer\">Pla d&#8217;acci\u00f3: Centres educatius en l\u00ednia \/L5 \u00das responsable d&#8217;Internet. Recull d\u2019orientacions als centres<\/a> (27\/4\/20)<\/li>\n<li><a href=\"https:\/\/documents.espai.educacio.gencat.cat\/RecursosTIC\/Tips-seguretat-centres.pdf\" target=\"_blank\" rel=\"noopener noreferrer\">Checklist per un \u00fas responsable d&#8217;internet<\/a><\/li>\n<\/ul>\n<p>&nbsp;<\/p>\n","protected":false},"excerpt":{"rendered":"<p>La Direcci\u00f3 General d&#8217;Innovaci\u00f3, Recerca i Cultura Digital ha actualitzat la documentaci\u00f3 del Pla d&#8217;acci\u00f3 Centres educatius en l\u00ednia incorporant [&hellip;]<\/p>\n","protected":false},"author":1,"featured_media":16257,"comment_status":"closed","ping_status":"closed","sticky":false,"template":"","format":"standard","meta":{"_bbp_topic_count":0,"_bbp_reply_count":0,"_bbp_total_topic_count":0,"_bbp_total_reply_count":0,"_bbp_voice_count":0,"_bbp_anonymous_reply_count":0,"_bbp_topic_count_hidden":0,"_bbp_reply_count_hidden":0,"_bbp_forum_subforum_count":0,"site-sidebar-layout":"default","site-content-layout":"","ast-site-content-layout":"","site-content-style":"default","site-sidebar-style":"default","ast-global-header-display":"","ast-banner-title-visibility":"","ast-main-header-display":"","ast-hfb-above-header-display":"","ast-hfb-below-header-display":"","ast-hfb-mobile-header-display":"","site-post-title":"","ast-breadcrumbs-content":"","ast-featured-img":"","footer-sml-layout":"","theme-transparent-header-meta":"","adv-header-id-meta":"","stick-header-meta":"","header-above-stick-meta":"","header-main-stick-meta":"","header-below-stick-meta":"","astra-migrate-meta-layouts":"default","ast-page-background-enabled":"default","ast-page-background-meta":{"desktop":{"background-color":"var(--ast-global-color-4)","background-image":"","background-repeat":"repeat","background-position":"center center","background-size":"auto","background-attachment":"scroll","background-type":"","background-media":"","overlay-type":"","overlay-color":"","overlay-opacity":"","overlay-gradient":""},"tablet":{"background-color":"","background-image":"","background-repeat":"repeat","background-position":"center center","background-size":"auto","background-attachment":"scroll","background-type":"","background-media":"","overlay-type":"","overlay-color":"","overlay-opacity":"","overlay-gradient":""},"mobile":{"background-color":"","background-image":"","background-repeat":"repeat","background-position":"center center","background-size":"auto","background-attachment":"scroll","background-type":"","background-media":"","overlay-type":"","overlay-color":"","overlay-opacity":"","overlay-gradient":""}},"ast-content-background-meta":{"desktop":{"background-color":"var(--ast-global-color-5)","background-image":"","background-repeat":"repeat","background-position":"center center","background-size":"auto","background-attachment":"scroll","background-type":"","background-media":"","overlay-type":"","overlay-color":"","overlay-opacity":"","overlay-gradient":""},"tablet":{"background-color":"var(--ast-global-color-5)","background-image":"","background-repeat":"repeat","background-position":"center center","background-size":"auto","background-attachment":"scroll","background-type":"","background-media":"","overlay-type":"","overlay-color":"","overlay-opacity":"","overlay-gradient":""},"mobile":{"background-color":"var(--ast-global-color-5)","background-image":"","background-repeat":"repeat","background-position":"center center","background-size":"auto","background-attachment":"scroll","background-type":"","background-media":"","overlay-type":"","overlay-color":"","overlay-opacity":"","overlay-gradient":""}},"footnotes":""},"categories":[65,1,535],"tags":[1128,453,1181,1182,522],"class_list":["post-16256","post","type-post","status-publish","format-standard","has-post-thumbnail","hentry","category-crp","category-general","category-portada","tag-centres-educatius-en-linia","tag-document","tag-internet-segura","tag-proteccio-de-dades","tag-tac"],"post_mailing_queue_ids":[],"_links":{"self":[{"href":"https:\/\/serveiseducatius.xtec.cat\/baixllobregat5\/wp-json\/wp\/v2\/posts\/16256","targetHints":{"allow":["GET"]}}],"collection":[{"href":"https:\/\/serveiseducatius.xtec.cat\/baixllobregat5\/wp-json\/wp\/v2\/posts"}],"about":[{"href":"https:\/\/serveiseducatius.xtec.cat\/baixllobregat5\/wp-json\/wp\/v2\/types\/post"}],"author":[{"embeddable":true,"href":"https:\/\/serveiseducatius.xtec.cat\/baixllobregat5\/wp-json\/wp\/v2\/users\/1"}],"replies":[{"embeddable":true,"href":"https:\/\/serveiseducatius.xtec.cat\/baixllobregat5\/wp-json\/wp\/v2\/comments?post=16256"}],"version-history":[{"count":1,"href":"https:\/\/serveiseducatius.xtec.cat\/baixllobregat5\/wp-json\/wp\/v2\/posts\/16256\/revisions"}],"predecessor-version":[{"id":16258,"href":"https:\/\/serveiseducatius.xtec.cat\/baixllobregat5\/wp-json\/wp\/v2\/posts\/16256\/revisions\/16258"}],"wp:featuredmedia":[{"embeddable":true,"href":"https:\/\/serveiseducatius.xtec.cat\/baixllobregat5\/wp-json\/wp\/v2\/media\/16257"}],"wp:attachment":[{"href":"https:\/\/serveiseducatius.xtec.cat\/baixllobregat5\/wp-json\/wp\/v2\/media?parent=16256"}],"wp:term":[{"taxonomy":"category","embeddable":true,"href":"https:\/\/serveiseducatius.xtec.cat\/baixllobregat5\/wp-json\/wp\/v2\/categories?post=16256"},{"taxonomy":"post_tag","embeddable":true,"href":"https:\/\/serveiseducatius.xtec.cat\/baixllobregat5\/wp-json\/wp\/v2\/tags?post=16256"}],"curies":[{"name":"wp","href":"https:\/\/api.w.org\/{rel}","templated":true}]}}