{"id":16031,"date":"2020-04-17T16:56:24","date_gmt":"2020-04-17T14:56:24","guid":{"rendered":"http:\/\/serveiseducatius.xtec.cat\/baixllobregat5\/?p=16031"},"modified":"2020-04-19T14:39:09","modified_gmt":"2020-04-19T12:39:09","slug":"afrontament-del-dol-en-la-infancia-i-ladolescencia-en-el-context-de-pandemia-per-sars-cov-2-pautes-per-a-les-families","status":"publish","type":"post","link":"https:\/\/serveiseducatius.xtec.cat\/baixllobregat5\/general\/afrontament-del-dol-en-la-infancia-i-ladolescencia-en-el-context-de-pandemia-per-sars-cov-2-pautes-per-a-les-families\/","title":{"rendered":"Afrontament del dol en la inf\u00e0ncia i l&#8217;adolesc\u00e8ncia en el context de pand\u00e8mia per SARS-CoV-2. Pautes per a les fam\u00edlies"},"content":{"rendered":"<p><img loading=\"lazy\" decoding=\"async\" class=\"aligncenter size-medium wp-image-16032\" src=\"https:\/\/serveiseducatius.xtec.cat\/baixllobregat5\/wp-content\/uploads\/usu1180\/2020\/04\/madre-nino-duelo-hospital-sant-joan-deu-barcelona-200x300.jpg\" alt=\"\" width=\"200\" height=\"300\" srcset=\"https:\/\/serveiseducatius.xtec.cat\/baixllobregat5\/wp-content\/uploads\/usu1180\/2020\/04\/madre-nino-duelo-hospital-sant-joan-deu-barcelona-200x300.jpg 200w, https:\/\/serveiseducatius.xtec.cat\/baixllobregat5\/wp-content\/uploads\/usu1180\/2020\/04\/madre-nino-duelo-hospital-sant-joan-deu-barcelona.jpg 350w\" sizes=\"auto, (max-width: 200px) 100vw, 200px\" \/><\/p>\n<p>Donada la situaci\u00f3 d\u2019emerg\u00e8ncia sanit\u00e0ria actual, en els propers dies i setmanes,\u00a0<strong>moltes fam\u00edlies, infants i adolescents es trobaran amb la situaci\u00f3 de p\u00e8rdues de persones significatives<\/strong>, de manera inesperada i sobtada.<\/p>\n<p><a href=\"https:\/\/faros.hsjdbcn.org\/ca\/articulo\/afrontament-dol-infancia-ladolescencia-context-pandemia-sars-cov-2-pautes-families\" target=\"_blank\" rel=\"noopener noreferrer\">Aquest article<\/a> publicat al lloc web <a href=\"https:\/\/faros.hsjdbcn.org\/ca\" target=\"_blank\" rel=\"noopener noreferrer\">Faros<\/a> (Sant Joan de D\u00e9u) t\u00e9 com a objectius<strong>\u00a0facilitar informaci\u00f3 respecte al dol en la inf\u00e0ncia i l\u2019adolesc\u00e8ncia<\/strong>, destacar els aspectes rellevants o diferencials de les p\u00e8rdues en la situaci\u00f3 actual i oferir pautes generals respecte a com comunicar la mort d\u2019alg\u00fa estimat, aix\u00ed com acompanyar els infants i adolescents en aquest proc\u00e9s.<\/p>\n<p>| <a href=\"https:\/\/faros.hsjdbcn.org\/ca\/articulo\/afrontament-dol-infancia-ladolescencia-context-pandemia-sars-cov-2-pautes-families\" target=\"_blank\" rel=\"noopener noreferrer\">LLEGIU L&#8217;ARTICLE<\/a> |<\/p>\n","protected":false},"excerpt":{"rendered":"<p>Donada la situaci\u00f3 d\u2019emerg\u00e8ncia sanit\u00e0ria actual, en els propers dies i setmanes,\u00a0moltes fam\u00edlies, infants i adolescents es trobaran amb la [&hellip;]<\/p>\n","protected":false},"author":1,"featured_media":16032,"comment_status":"closed","ping_status":"closed","sticky":false,"template":"","format":"standard","meta":{"_bbp_topic_count":0,"_bbp_reply_count":0,"_bbp_total_topic_count":0,"_bbp_total_reply_count":0,"_bbp_voice_count":0,"_bbp_anonymous_reply_count":0,"_bbp_topic_count_hidden":0,"_bbp_reply_count_hidden":0,"_bbp_forum_subforum_count":0,"site-sidebar-layout":"default","site-content-layout":"","ast-site-content-layout":"","site-content-style":"default","site-sidebar-style":"default","ast-global-header-display":"","ast-banner-title-visibility":"","ast-main-header-display":"","ast-hfb-above-header-display":"","ast-hfb-below-header-display":"","ast-hfb-mobile-header-display":"","site-post-title":"","ast-breadcrumbs-content":"","ast-featured-img":"","footer-sml-layout":"","theme-transparent-header-meta":"","adv-header-id-meta":"","stick-header-meta":"","header-above-stick-meta":"","header-main-stick-meta":"","header-below-stick-meta":"","astra-migrate-meta-layouts":"default","ast-page-background-enabled":"default","ast-page-background-meta":{"desktop":{"background-color":"var(--ast-global-color-4)","background-image":"","background-repeat":"repeat","background-position":"center center","background-size":"auto","background-attachment":"scroll","background-type":"","background-media":"","overlay-type":"","overlay-color":"","overlay-opacity":"","overlay-gradient":""},"tablet":{"background-color":"","background-image":"","background-repeat":"repeat","background-position":"center center","background-size":"auto","background-attachment":"scroll","background-type":"","background-media":"","overlay-type":"","overlay-color":"","overlay-opacity":"","overlay-gradient":""},"mobile":{"background-color":"","background-image":"","background-repeat":"repeat","background-position":"center center","background-size":"auto","background-attachment":"scroll","background-type":"","background-media":"","overlay-type":"","overlay-color":"","overlay-opacity":"","overlay-gradient":""}},"ast-content-background-meta":{"desktop":{"background-color":"var(--ast-global-color-5)","background-image":"","background-repeat":"repeat","background-position":"center center","background-size":"auto","background-attachment":"scroll","background-type":"","background-media":"","overlay-type":"","overlay-color":"","overlay-opacity":"","overlay-gradient":""},"tablet":{"background-color":"var(--ast-global-color-5)","background-image":"","background-repeat":"repeat","background-position":"center center","background-size":"auto","background-attachment":"scroll","background-type":"","background-media":"","overlay-type":"","overlay-color":"","overlay-opacity":"","overlay-gradient":""},"mobile":{"background-color":"var(--ast-global-color-5)","background-image":"","background-repeat":"repeat","background-position":"center center","background-size":"auto","background-attachment":"scroll","background-type":"","background-media":"","overlay-type":"","overlay-color":"","overlay-opacity":"","overlay-gradient":""}},"footnotes":""},"categories":[67,1161,1,535],"tags":[506,750,472,1151],"class_list":["post-16031","post","type-post","status-publish","format-standard","has-post-thumbnail","hentry","category-eap","category-educacio-emocional","category-general","category-portada","tag-dol","tag-eap","tag-educacio-emocional","tag-joemquedoacasa"],"post_mailing_queue_ids":[],"_links":{"self":[{"href":"https:\/\/serveiseducatius.xtec.cat\/baixllobregat5\/wp-json\/wp\/v2\/posts\/16031","targetHints":{"allow":["GET"]}}],"collection":[{"href":"https:\/\/serveiseducatius.xtec.cat\/baixllobregat5\/wp-json\/wp\/v2\/posts"}],"about":[{"href":"https:\/\/serveiseducatius.xtec.cat\/baixllobregat5\/wp-json\/wp\/v2\/types\/post"}],"author":[{"embeddable":true,"href":"https:\/\/serveiseducatius.xtec.cat\/baixllobregat5\/wp-json\/wp\/v2\/users\/1"}],"replies":[{"embeddable":true,"href":"https:\/\/serveiseducatius.xtec.cat\/baixllobregat5\/wp-json\/wp\/v2\/comments?post=16031"}],"version-history":[{"count":1,"href":"https:\/\/serveiseducatius.xtec.cat\/baixllobregat5\/wp-json\/wp\/v2\/posts\/16031\/revisions"}],"predecessor-version":[{"id":16033,"href":"https:\/\/serveiseducatius.xtec.cat\/baixllobregat5\/wp-json\/wp\/v2\/posts\/16031\/revisions\/16033"}],"wp:featuredmedia":[{"embeddable":true,"href":"https:\/\/serveiseducatius.xtec.cat\/baixllobregat5\/wp-json\/wp\/v2\/media\/16032"}],"wp:attachment":[{"href":"https:\/\/serveiseducatius.xtec.cat\/baixllobregat5\/wp-json\/wp\/v2\/media?parent=16031"}],"wp:term":[{"taxonomy":"category","embeddable":true,"href":"https:\/\/serveiseducatius.xtec.cat\/baixllobregat5\/wp-json\/wp\/v2\/categories?post=16031"},{"taxonomy":"post_tag","embeddable":true,"href":"https:\/\/serveiseducatius.xtec.cat\/baixllobregat5\/wp-json\/wp\/v2\/tags?post=16031"}],"curies":[{"name":"wp","href":"https:\/\/api.w.org\/{rel}","templated":true}]}}