{"id":15747,"date":"2020-03-15T17:45:05","date_gmt":"2020-03-15T16:45:05","guid":{"rendered":"http:\/\/serveiseducatius.xtec.cat\/baixllobregat5\/?p=15747"},"modified":"2020-03-17T17:49:39","modified_gmt":"2020-03-17T16:49:39","slug":"etwinning-treball-en-collaboracio-entre-profesorat-i-alumnat","status":"publish","type":"post","link":"https:\/\/serveiseducatius.xtec.cat\/baixllobregat5\/crp\/etwinning-treball-en-collaboracio-entre-profesorat-i-alumnat\/","title":{"rendered":"eTwinning \u2013 Treball en col\u00b7laboraci\u00f3 entre profesorat i alumnat"},"content":{"rendered":"<p><a href=\"https:\/\/serveiseducatius.xtec.cat\/baixllobregat5\/wp-content\/uploads\/usu1180\/2020\/03\/etwinning.jpg\"><img loading=\"lazy\" decoding=\"async\" class=\"size-full wp-image-15748 alignleft\" src=\"https:\/\/serveiseducatius.xtec.cat\/baixllobregat5\/wp-content\/uploads\/usu1180\/2020\/03\/etwinning.jpg\" alt=\"eTwinning\" width=\"266\" height=\"190\" \/><\/a>La\u00a0<a href=\"http:\/\/etwinning.es\/ca\/\" target=\"_blank\" rel=\"noopener noreferrer\">plataforma eTwinning<\/a>\u00a0forma part d\u2019Erasmus+, el programa de la Uni\u00f3 Europea en mat\u00e8ria d\u2019educaci\u00f3, formaci\u00f3, joventut i esport que t\u00e9 com a objectiu promoure i facilitar el contacte, l\u2019intercanvi d\u2019idees i el treball en col\u00b7laboraci\u00f3 entre professorat i alumnat dels pa\u00efsos que participen a eTwinning, a trav\u00e9s de les TIC.<\/p>\n<p><em>eTwinning<\/em>\u00a0permet als equips educatius (professors, directors, bibliotecaris, etc.) europeus comunicar-se, col\u00b7laborar, desenvolupar projectes o el que \u00e9s el mateix, sentir-se i formar part de la comunitat educativa m\u00e9s \u00e0mplia d\u2019Europa.<\/p>\n<p>El\u00a0<a href=\"https:\/\/www.etwinning.net\/es\/pub\/index.htm\" target=\"_blank\" rel=\"noopener noreferrer\">portal eTwinning<\/a>\u00a0\u00e9s un punt de trobada i un lloc com\u00fa de treball. Est\u00e0 tradu\u00eft a vint-i-cinc idiomes i proporciona eines en l\u00ednia perqu\u00e8 els docents trobin socis, engeguin projectes, comparteixin idees, intercanvi\u00efn pr\u00e0ctiques interessants i comencin a treballar junts, servint-se de diferents eines personalitzades disponibles a la plataforma eTwinning.<\/p>\n<p><img loading=\"lazy\" decoding=\"async\" class=\"size-large wp-image-18349 alignleft\" src=\"https:\/\/serveiseducatius.xtec.cat\/baixllobregat6\/wp-content\/uploads\/usu778\/2020\/03\/Unknown1.jpg\" alt=\"\" width=\"300\" height=\"168\" \/><\/p>\n<p><strong>SI NO CONEIXO ETWINNING:<\/strong><\/p>\n<ul>\n<li><em>Registre a la plataforma:\u00a0<a href=\"https:\/\/www.etwinning.net\/es\/pub\/preregister.cfm\" data-saferedirecturl=\"https:\/\/www.google.com\/url?q=https:\/\/www.etwinning.net\/es\/pub\/preregister.cfm&amp;source=gmail&amp;ust=1584434998085000&amp;usg=AFQjCNGeL0np4ylKhXnPsWFmn3qEYCYQbA\">https:\/\/www.etwinning.net\/es\/pub\/preregister.cfm<\/a>.<\/em><\/li>\n<li><em>Grup\u00a0<a href=\"https:\/\/groups.etwinning.net\/56171\/home\" data-saferedirecturl=\"https:\/\/www.google.com\/url?q=https:\/\/groups.etwinning.net\/56171\/home&amp;source=gmail&amp;ust=1584434998085000&amp;usg=AFQjCNEWIOYh7mMgRZYCHZ8nyWi72A7ZGA\">asesores de formaci\u00f3n: conectados con eTwinning<\/a>: espai de trobada per a formadors, on compartir bones pr\u00e0ctiques, assistir a webinars, traballar col.laborativament, resoldre dubtes, etc.\u00a0<\/em><\/li>\n<\/ul>\n<p>&nbsp;<\/p>\n<p><strong>SI JA CONEIXO ETWINNING:<\/strong><\/p>\n<ul>\n<li><em>Crear o afegir-se a projectes de col.laboraci\u00f3 (exemple:\u00a0<a href=\"https:\/\/live.etwinning.net\/projects\/project\/216066\" data-saferedirecturl=\"https:\/\/www.google.com\/url?q=https:\/\/live.etwinning.net\/projects\/project\/216066&amp;source=gmail&amp;ust=1584434998085000&amp;usg=AFQjCNHceu9ooKYNJg9NL0TYUcZkES1ZCw\">eTwinneando los ODS<\/a>).<\/em><\/li>\n<li><em>Difondre bones pr\u00e0ctiques entre els docents de la vostra zona.<\/em><\/li>\n<li><em>Assessorar sobre eTwinning.<\/em><\/li>\n<li><em>Seguir-se formant\u00a0a\/en eTwinning: descobreix\u00a0tota l\u2019oferta formativa disponible a eTwinning\u00a0<a href=\"https:\/\/groups.etwinning.net\/56171\/pages\/page\/338946\" data-saferedirecturl=\"https:\/\/www.google.com\/url?q=https:\/\/groups.etwinning.net\/56171\/pages\/page\/338946&amp;source=gmail&amp;ust=1584434998085000&amp;usg=AFQjCNFVLL-Rx_CwHKRSjzivMPPWulIFGA\">aqu\u00ed<\/a>. Al grup d\u2019assessors, estar\u00e0s sempre actualitzat.<\/em><\/li>\n<\/ul>\n","protected":false},"excerpt":{"rendered":"<p>La\u00a0plataforma eTwinning\u00a0forma part d\u2019Erasmus+, el programa de la Uni\u00f3 Europea en mat\u00e8ria d\u2019educaci\u00f3, formaci\u00f3, joventut i esport que t\u00e9 com [&hellip;]<\/p>\n","protected":false},"author":1,"featured_media":15748,"comment_status":"closed","ping_status":"closed","sticky":false,"template":"","format":"standard","meta":{"_bbp_topic_count":0,"_bbp_reply_count":0,"_bbp_total_topic_count":0,"_bbp_total_reply_count":0,"_bbp_voice_count":0,"_bbp_anonymous_reply_count":0,"_bbp_topic_count_hidden":0,"_bbp_reply_count_hidden":0,"_bbp_forum_subforum_count":0,"site-sidebar-layout":"default","site-content-layout":"","ast-site-content-layout":"","site-content-style":"default","site-sidebar-style":"default","ast-global-header-display":"","ast-banner-title-visibility":"","ast-main-header-display":"","ast-hfb-above-header-display":"","ast-hfb-below-header-display":"","ast-hfb-mobile-header-display":"","site-post-title":"","ast-breadcrumbs-content":"","ast-featured-img":"","footer-sml-layout":"","theme-transparent-header-meta":"","adv-header-id-meta":"","stick-header-meta":"","header-above-stick-meta":"","header-main-stick-meta":"","header-below-stick-meta":"","astra-migrate-meta-layouts":"default","ast-page-background-enabled":"default","ast-page-background-meta":{"desktop":{"background-color":"var(--ast-global-color-4)","background-image":"","background-repeat":"repeat","background-position":"center center","background-size":"auto","background-attachment":"scroll","background-type":"","background-media":"","overlay-type":"","overlay-color":"","overlay-opacity":"","overlay-gradient":""},"tablet":{"background-color":"","background-image":"","background-repeat":"repeat","background-position":"center center","background-size":"auto","background-attachment":"scroll","background-type":"","background-media":"","overlay-type":"","overlay-color":"","overlay-opacity":"","overlay-gradient":""},"mobile":{"background-color":"","background-image":"","background-repeat":"repeat","background-position":"center center","background-size":"auto","background-attachment":"scroll","background-type":"","background-media":"","overlay-type":"","overlay-color":"","overlay-opacity":"","overlay-gradient":""}},"ast-content-background-meta":{"desktop":{"background-color":"var(--ast-global-color-5)","background-image":"","background-repeat":"repeat","background-position":"center center","background-size":"auto","background-attachment":"scroll","background-type":"","background-media":"","overlay-type":"","overlay-color":"","overlay-opacity":"","overlay-gradient":""},"tablet":{"background-color":"var(--ast-global-color-5)","background-image":"","background-repeat":"repeat","background-position":"center center","background-size":"auto","background-attachment":"scroll","background-type":"","background-media":"","overlay-type":"","overlay-color":"","overlay-opacity":"","overlay-gradient":""},"mobile":{"background-color":"var(--ast-global-color-5)","background-image":"","background-repeat":"repeat","background-position":"center center","background-size":"auto","background-attachment":"scroll","background-type":"","background-media":"","overlay-type":"","overlay-color":"","overlay-opacity":"","overlay-gradient":""}},"footnotes":""},"categories":[65,535],"tags":[280,1114,1082,1020,1115,1116],"class_list":["post-15747","post","type-post","status-publish","format-standard","has-post-thumbnail","hentry","category-crp","category-portada","tag-alumnat","tag-competencia-linguistica","tag-erasmus","tag-etwinning","tag-llengues","tag-metodologia"],"post_mailing_queue_ids":[],"_links":{"self":[{"href":"https:\/\/serveiseducatius.xtec.cat\/baixllobregat5\/wp-json\/wp\/v2\/posts\/15747","targetHints":{"allow":["GET"]}}],"collection":[{"href":"https:\/\/serveiseducatius.xtec.cat\/baixllobregat5\/wp-json\/wp\/v2\/posts"}],"about":[{"href":"https:\/\/serveiseducatius.xtec.cat\/baixllobregat5\/wp-json\/wp\/v2\/types\/post"}],"author":[{"embeddable":true,"href":"https:\/\/serveiseducatius.xtec.cat\/baixllobregat5\/wp-json\/wp\/v2\/users\/1"}],"replies":[{"embeddable":true,"href":"https:\/\/serveiseducatius.xtec.cat\/baixllobregat5\/wp-json\/wp\/v2\/comments?post=15747"}],"version-history":[{"count":1,"href":"https:\/\/serveiseducatius.xtec.cat\/baixllobregat5\/wp-json\/wp\/v2\/posts\/15747\/revisions"}],"predecessor-version":[{"id":15749,"href":"https:\/\/serveiseducatius.xtec.cat\/baixllobregat5\/wp-json\/wp\/v2\/posts\/15747\/revisions\/15749"}],"wp:featuredmedia":[{"embeddable":true,"href":"https:\/\/serveiseducatius.xtec.cat\/baixllobregat5\/wp-json\/wp\/v2\/media\/15748"}],"wp:attachment":[{"href":"https:\/\/serveiseducatius.xtec.cat\/baixllobregat5\/wp-json\/wp\/v2\/media?parent=15747"}],"wp:term":[{"taxonomy":"category","embeddable":true,"href":"https:\/\/serveiseducatius.xtec.cat\/baixllobregat5\/wp-json\/wp\/v2\/categories?post=15747"},{"taxonomy":"post_tag","embeddable":true,"href":"https:\/\/serveiseducatius.xtec.cat\/baixllobregat5\/wp-json\/wp\/v2\/tags?post=15747"}],"curies":[{"name":"wp","href":"https:\/\/api.w.org\/{rel}","templated":true}]}}