{"id":15728,"date":"2020-03-02T18:17:40","date_gmt":"2020-03-02T17:17:40","guid":{"rendered":"http:\/\/serveiseducatius.xtec.cat\/baixllobregat5\/?p=15728"},"modified":"2020-03-02T18:36:48","modified_gmt":"2020-03-02T17:36:48","slug":"participa-en-el-concurs-de-la-unesco-the-water-we-want-lluita-contra-el-canvi-climatic","status":"publish","type":"post","link":"https:\/\/serveiseducatius.xtec.cat\/baixllobregat5\/general\/participa-en-el-concurs-de-la-unesco-the-water-we-want-lluita-contra-el-canvi-climatic\/","title":{"rendered":"Concurs de la UNESCO &#8220;The Water We Want&#8221;"},"content":{"rendered":"<p><a href=\"https:\/\/serveiseducatius.xtec.cat\/baixllobregat5\/wp-content\/uploads\/usu1180\/2020\/03\/07_toolkit_LOGO-1.png\"><img loading=\"lazy\" decoding=\"async\" class=\"aligncenter size-full wp-image-15729\" src=\"https:\/\/serveiseducatius.xtec.cat\/baixllobregat5\/wp-content\/uploads\/usu1180\/2020\/03\/07_toolkit_LOGO-1.png\" alt=\"\" width=\"749\" height=\"258\" srcset=\"https:\/\/serveiseducatius.xtec.cat\/baixllobregat5\/wp-content\/uploads\/usu1180\/2020\/03\/07_toolkit_LOGO-1.png 749w, https:\/\/serveiseducatius.xtec.cat\/baixllobregat5\/wp-content\/uploads\/usu1180\/2020\/03\/07_toolkit_LOGO-1-300x103.png 300w\" sizes=\"auto, (max-width: 749px) 100vw, 749px\" \/><\/a><\/p>\n<p>The water we want (L&#8217;aigua que volem) \u00e9s el nom del Concurs de Premis Juvenils que per primera vegada convoca la Xarxa Global de Museus de l&#8217;Aigua (WAMU-NET), organitzaci\u00f3 sense \u00e0nim de lucre avalada per la UNESCO. El <a href=\"https:\/\/www.fundacioagbar.org\/ca\/museu\/activitats\" target=\"_blank\" rel=\"noopener noreferrer\">Museu de les Aig\u00fces<\/a> forma part d&#8217;aquesta xarxa i s&#8217;encarrega de promoure la participaci\u00f3 dels estudiants en aquest concurs.<\/p>\n<p>La primera edici\u00f3 del certamen, oberta fins al <strong>15 de mar\u00e7 del 2020<\/strong>, t\u00e9 per t\u00edtol \u201c<strong>Aigua i canvi clim\u00e0tic<\/strong>\u201d, i t\u00e9 com a objectiu recollir treballs que reflecteixin la import\u00e0ncia del nostre patrimoni l\u00edquid i la seva relaci\u00f3 amb el canvi clim\u00e0tic, tem\u00e0tica del Dia Mundial de l\u2019Aigua de 2020.<\/p>\n<p style=\"font-weight: 400;\">Els participants han de mostrar amb una <strong>fotografia, v\u00eddeo o dibuix<\/strong> les seves inquietuds entorn del canvi clim\u00e0tic i la seva relaci\u00f3 amb l\u2019aigua. A l\u2019hora de pensar el projecte amb el qual concursaran, es poden fer preguntes com ara: quina hist\u00f2ria vull transmetre al m\u00f3n sobre el canvi clim\u00e0tic? Quin patrimoni de l\u2019aigua vull donar a con\u00e8ixer? Quin petit gest, diari i al mateix temps revolucionari, pot contribuir a la protecci\u00f3 de l\u2019aigua i a la millora de la seva gesti\u00f3? Com puc il\u00b7lustrar els reptes de l\u2019agenda 2030 i la implementaci\u00f3 dels Objectius de Desenvolupament Sostenible (ODS)? Com puc canviar les narracions negatives sobre el canvi clim\u00e0tic per solucions propositives i que puguin fer front a la crisi global de l\u2019aigua?<\/p>\n<p><b><strong><em>A qui va dirigit\u00a0<\/em><\/strong><\/b><\/p>\n<p>La WAMU-NET fa una crida a la participaci\u00f3 del p\u00fablic jove de tot el m\u00f3n, convidant-lo a explorar creativament la import\u00e0ncia de l\u2019aigua i el canvi clim\u00e0tic. Per aix\u00f2, s\u2019adre\u00e7a especialment als centres educatius per tal que els alumnes, amb la col\u00b7laboraci\u00f3 del professorat, pensin les seves propostes, les cre\u00efn i les envi\u00efn al concurs.<\/p>\n<p>Hi ha dues categories: educaci\u00f3 prim\u00e0ria i educaci\u00f3 secund\u00e0ria. I tenen tres possibles suports a presentar: una fotografia, un dibuix o un v\u00eddeo (no superior a 1 minut de durada). Cal triar un t\u00edtol per a l\u2019obra presentada i escriure una breu descripci\u00f3 (m\u00e0xim 200 paraules). Els textos s\u2019han d\u2019enviar en angl\u00e8s (o amb traducci\u00f3 a aquest idioma), i pel que fa al v\u00eddeo, cal incloure subt\u00edtols en angl\u00e8s si inclou di\u00e0legs.<\/p>\n<p>S\u2019hi pot participar de manera individual, per\u00f2 nom\u00e9s els participants en grup podran optar als premis en met\u00e0l\u00b7lic.<\/p>\n<p>A m\u00e9s a m\u00e9s d\u2019enviar les obres, cal omplir i enviar els formularis d&#8217;inscripci\u00f3\u00a0i consentiment que es troben al final d&#8217;aquesta p\u00e0gina.<\/p>\n<p>L\u2019adre\u00e7a de correu electr\u00f2nic on fer arribar les propostes \u00e9s <a href=\"mailto:museudelesaigues@agbar.es\" target=\"_blank\" rel=\"noopener noreferrer\">museudelesaigues@agbar.es<\/a>. Tamb\u00e9 es poden enviar per correu postal al Museu de les Aig\u00fces.<\/p>\n<p><b><strong><em>Premis<\/em><\/strong><\/b><\/p>\n<p>Un jurat designat per WAMU-NET seleccionar\u00e0 els guanyadors per a cada grup d\u2019edat i per a cada tipus de treballs (dibuixos, fotos, v\u00eddeos). Els sis guanyadors finals rebran premis simb\u00f2lics en met\u00e0l\u00b7lic per un fons total de 2.000 \u20ac.<\/p>\n<p>D\u2019altra banda, cada museu participant seleccionar\u00e0 un m\u00e0xim de sis finalistes tenint en compte els dos grups a concurs \u2014prim\u00e0ria i secund\u00e0ria \u2014 i els tres formats \u2014dibuix, fotografia i v\u00eddeo\u2014, i les obres finalistes de tot el m\u00f3n es mostraran a l\u2019abril del 2020 en l\u2019exposici\u00f3 en l\u00ednia The Water We Want. Aquests projectes finalistes tamb\u00e9 podran ser utilitzats com a futurs materials de comunicaci\u00f3 per part de la Xarxa Global i la UNESCO.<\/p>\n<p>DESCARREGA TOTS ELS DOCUMENTS:<\/p>\n<p>&#8211;\u00a0<a href=\"https:\/\/www.fundacioagbar.org\/ca\/file\/221\/27c31a1f\/CONVOCATORIA_PROPOSTES.pdf\">Bases del concurs<\/a><\/p>\n<p>&#8211;\u00a0<a href=\"https:\/\/www.fundacioagbar.org\/ca\/file\/222\/a23189c8\/FORMULARI_INSCRIPCIONS.pdf\">Formulari d&#8217;inscripci\u00f3<\/a><\/p>\n<p>&#8211;\u00a0<a href=\"https:\/\/www.fundacioagbar.org\/ca\/file\/223\/baf3c66a\/FORMULARI_CONSENTIMENT_US_MITJANS.pdf\">Formulari consentiment \u00fas UNESCO<\/a><\/p>\n<p>&#8211;\u00a0<a href=\"https:\/\/www.fundacioagbar.org\/ca\/file\/224\/ab4f8c3b\/POLITICA_PROTECCI%C3%93_MENORS.pdf\">Pol\u00edtica protecci\u00f3 menors<\/a><\/p>\n","protected":false},"excerpt":{"rendered":"<p>The water we want (L&#8217;aigua que volem) \u00e9s el nom del Concurs de Premis Juvenils que per primera vegada convoca [&hellip;]<\/p>\n","protected":false},"author":1,"featured_media":15729,"comment_status":"closed","ping_status":"closed","sticky":false,"template":"","format":"standard","meta":{"_bbp_topic_count":0,"_bbp_reply_count":0,"_bbp_total_topic_count":0,"_bbp_total_reply_count":0,"_bbp_voice_count":0,"_bbp_anonymous_reply_count":0,"_bbp_topic_count_hidden":0,"_bbp_reply_count_hidden":0,"_bbp_forum_subforum_count":0,"site-sidebar-layout":"default","site-content-layout":"","ast-site-content-layout":"","site-content-style":"default","site-sidebar-style":"default","ast-global-header-display":"","ast-banner-title-visibility":"","ast-main-header-display":"","ast-hfb-above-header-display":"","ast-hfb-below-header-display":"","ast-hfb-mobile-header-display":"","site-post-title":"","ast-breadcrumbs-content":"","ast-featured-img":"","footer-sml-layout":"","theme-transparent-header-meta":"","adv-header-id-meta":"","stick-header-meta":"","header-above-stick-meta":"","header-main-stick-meta":"","header-below-stick-meta":"","astra-migrate-meta-layouts":"default","ast-page-background-enabled":"default","ast-page-background-meta":{"desktop":{"background-color":"var(--ast-global-color-4)","background-image":"","background-repeat":"repeat","background-position":"center center","background-size":"auto","background-attachment":"scroll","background-type":"","background-media":"","overlay-type":"","overlay-color":"","overlay-opacity":"","overlay-gradient":""},"tablet":{"background-color":"","background-image":"","background-repeat":"repeat","background-position":"center center","background-size":"auto","background-attachment":"scroll","background-type":"","background-media":"","overlay-type":"","overlay-color":"","overlay-opacity":"","overlay-gradient":""},"mobile":{"background-color":"","background-image":"","background-repeat":"repeat","background-position":"center center","background-size":"auto","background-attachment":"scroll","background-type":"","background-media":"","overlay-type":"","overlay-color":"","overlay-opacity":"","overlay-gradient":""}},"ast-content-background-meta":{"desktop":{"background-color":"var(--ast-global-color-5)","background-image":"","background-repeat":"repeat","background-position":"center center","background-size":"auto","background-attachment":"scroll","background-type":"","background-media":"","overlay-type":"","overlay-color":"","overlay-opacity":"","overlay-gradient":""},"tablet":{"background-color":"var(--ast-global-color-5)","background-image":"","background-repeat":"repeat","background-position":"center center","background-size":"auto","background-attachment":"scroll","background-type":"","background-media":"","overlay-type":"","overlay-color":"","overlay-opacity":"","overlay-gradient":""},"mobile":{"background-color":"var(--ast-global-color-5)","background-image":"","background-repeat":"repeat","background-position":"center center","background-size":"auto","background-attachment":"scroll","background-type":"","background-media":"","overlay-type":"","overlay-color":"","overlay-opacity":"","overlay-gradient":""}},"footnotes":""},"categories":[1,535],"tags":[],"class_list":["post-15728","post","type-post","status-publish","format-standard","has-post-thumbnail","hentry","category-general","category-portada"],"post_mailing_queue_ids":[],"_links":{"self":[{"href":"https:\/\/serveiseducatius.xtec.cat\/baixllobregat5\/wp-json\/wp\/v2\/posts\/15728","targetHints":{"allow":["GET"]}}],"collection":[{"href":"https:\/\/serveiseducatius.xtec.cat\/baixllobregat5\/wp-json\/wp\/v2\/posts"}],"about":[{"href":"https:\/\/serveiseducatius.xtec.cat\/baixllobregat5\/wp-json\/wp\/v2\/types\/post"}],"author":[{"embeddable":true,"href":"https:\/\/serveiseducatius.xtec.cat\/baixllobregat5\/wp-json\/wp\/v2\/users\/1"}],"replies":[{"embeddable":true,"href":"https:\/\/serveiseducatius.xtec.cat\/baixllobregat5\/wp-json\/wp\/v2\/comments?post=15728"}],"version-history":[{"count":2,"href":"https:\/\/serveiseducatius.xtec.cat\/baixllobregat5\/wp-json\/wp\/v2\/posts\/15728\/revisions"}],"predecessor-version":[{"id":15731,"href":"https:\/\/serveiseducatius.xtec.cat\/baixllobregat5\/wp-json\/wp\/v2\/posts\/15728\/revisions\/15731"}],"wp:featuredmedia":[{"embeddable":true,"href":"https:\/\/serveiseducatius.xtec.cat\/baixllobregat5\/wp-json\/wp\/v2\/media\/15729"}],"wp:attachment":[{"href":"https:\/\/serveiseducatius.xtec.cat\/baixllobregat5\/wp-json\/wp\/v2\/media?parent=15728"}],"wp:term":[{"taxonomy":"category","embeddable":true,"href":"https:\/\/serveiseducatius.xtec.cat\/baixllobregat5\/wp-json\/wp\/v2\/categories?post=15728"},{"taxonomy":"post_tag","embeddable":true,"href":"https:\/\/serveiseducatius.xtec.cat\/baixllobregat5\/wp-json\/wp\/v2\/tags?post=15728"}],"curies":[{"name":"wp","href":"https:\/\/api.w.org\/{rel}","templated":true}]}}