{"id":15409,"date":"2019-11-21T09:25:28","date_gmt":"2019-11-21T08:25:28","guid":{"rendered":"http:\/\/serveiseducatius.xtec.cat\/baixllobregat5\/?p=15409"},"modified":"2020-05-18T18:33:48","modified_gmt":"2020-05-18T16:33:48","slug":"erasmus-a-lins-francesc-macia","status":"publish","type":"post","link":"https:\/\/serveiseducatius.xtec.cat\/baixllobregat5\/general\/erasmus-a-lins-francesc-macia\/","title":{"rendered":"Erasmus+ a l\u2019INS Francesc Maci\u00e0"},"content":{"rendered":"<p><a href=\"https:\/\/serveiseducatius.xtec.cat\/baixllobregat5\/wp-content\/uploads\/usu1180\/2019\/11\/erasmus.png\"><img loading=\"lazy\" decoding=\"async\" class=\"size-full wp-image-15412 alignright\" src=\"https:\/\/serveiseducatius.xtec.cat\/baixllobregat5\/wp-content\/uploads\/usu1180\/2019\/11\/erasmus.png\" alt=\"Erasmus\" width=\"208\" height=\"206\" srcset=\"https:\/\/serveiseducatius.xtec.cat\/baixllobregat5\/wp-content\/uploads\/usu1180\/2019\/11\/erasmus.png 208w, https:\/\/serveiseducatius.xtec.cat\/baixllobregat5\/wp-content\/uploads\/usu1180\/2019\/11\/erasmus-150x150.png 150w\" sizes=\"auto, (max-width: 208px) 100vw, 208px\" \/><\/a>L<a href=\"https:\/\/agora.xtec.cat\/iesfrancescmacia\/\" target=\"_blank\" rel=\"noopener noreferrer\">\u2019institut Francesc Maci\u00e0<\/a> de Cornell\u00e0 des del curs 2015 participa al programa <a href=\"https:\/\/ec.europa.eu\/programmes\/erasmus-plus\/about_es\" target=\"_blank\" rel=\"noopener noreferrer\">Erasmus+<\/a>. Aquests projectes ofereixen l&#8217;oportunitat perqu\u00e8 l&#8217;alumnat pugui estudiar, formar-se, adquirir experi\u00e8ncia laboral i dur a terme projectes de voluntariat en llengua anglesa amb altres centres europeus.<\/p>\n<p>Els projectes finalitzats durant aquests cursos han estat:<\/p>\n<p>&#8211; <a href=\"https:\/\/eplusinsfm.blogspot.com\/?m=1\" target=\"_blank\" rel=\"noopener noreferrer\">Com millorar la compet\u00e8ncia ling\u00fc\u00edstica mitjan\u00e7ant la metodologia CLIL<\/a><br \/>\n&#8211; <a href=\"https:\/\/walkingtheline-ka2.weebly.com\/\" target=\"_blank\" rel=\"noopener noreferrer\">Walking the line<\/a><br \/>\n&#8211; <a href=\"https:\/\/erasmushealthytown.wixsite.com\/monsite\" target=\"_blank\" rel=\"noopener noreferrer\">Helthy Town<\/a><br \/>\nL\u2019experi\u00e8ncia sempre \u00e9s molt positiva i ajuda en l\u2019aprenentatge de l\u2019alumnat, tanmateix que permet observar altres maneres de fer i noves mirades en el m\u00f3n educatiu. Tamb\u00e9 s\u2019ajuda al desenvolupament del potencial del personal del centre, i fa que l&#8217;institut continu\u00ef participant en aquests programes , dissenyant i portant a terme nous projectes com:<\/p>\n<p>&#8211; <a href=\"https:\/\/anotherhikeanother.wixsite.com\/erasmus\" target=\"_blank\" rel=\"noopener noreferrer\">Another hike, another history (AHAH)<\/a><br \/>\n&#8211; <a href=\"https:\/\/sites.google.com\/view\/healthy-mind-healthy-learners\/\" target=\"_blank\" rel=\"noopener noreferrer\">Healthy mind, healthy learners (HMHL)<\/a><br \/>\n&#8211; 21st century active citizenship<br \/>\n&#8211; <a href=\"http:\/\/erasmusk1fm.mystrikingly.com\/\" target=\"_blank\" rel=\"noopener noreferrer\">Millora de la compet\u00e8ncia ling\u00fc\u00edstica a trav\u00e9s d&#8217;activitat a la natura<\/a><\/p>\n<p><strong><a href=\"\u00e0 \"><img loading=\"lazy\" decoding=\"async\" class=\"wp-image-16793 alignleft\" src=\"https:\/\/serveiseducatius.xtec.cat\/baixllobregat5\/wp-content\/uploads\/usu1180\/2019\/11\/01_Erasmus_Parlament2.png\" alt=\"Erasmus Maci\u00e0 Parlament\" width=\"404\" height=\"333\" srcset=\"https:\/\/serveiseducatius.xtec.cat\/baixllobregat5\/wp-content\/uploads\/usu1180\/2019\/11\/01_Erasmus_Parlament2.png 800w, https:\/\/serveiseducatius.xtec.cat\/baixllobregat5\/wp-content\/uploads\/usu1180\/2019\/11\/01_Erasmus_Parlament2-300x248.png 300w, https:\/\/serveiseducatius.xtec.cat\/baixllobregat5\/wp-content\/uploads\/usu1180\/2019\/11\/01_Erasmus_Parlament2-768x634.png 768w\" sizes=\"auto, (max-width: 404px) 100vw, 404px\" \/><\/a>Entrevista amb els responsables de l&#8217;Erasmus<\/strong> (Leandre Mondri\u00e0 , director i Vicen\u00e7 Roman , coordinador)<\/p>\n<p><a href=\"https:\/\/drive.google.com\/open?id=1rP6QhzqsPs0DNCwkBYnvGlAlzvf-n6b0\" target=\"_blank\" rel=\"noopener noreferrer\">Escolta l&#8217;entrevista<\/a><br \/>\n<a href=\"https:\/\/drive.google.com\/file\/d\/18sMRjRgLREnzvn1GbVEA_IJdwozDlr7B\/view?usp=sharing\" target=\"_blank\" rel=\"noopener noreferrer\">Resum de l&#8217;entrevista<\/a><\/p>\n<p>&nbsp;<\/p>\n","protected":false},"excerpt":{"rendered":"<p>L\u2019institut Francesc Maci\u00e0 de Cornell\u00e0 des del curs 2015 participa al programa Erasmus+. Aquests projectes ofereixen l&#8217;oportunitat perqu\u00e8 l&#8217;alumnat pugui [&hellip;]<\/p>\n","protected":false},"author":1,"featured_media":15412,"comment_status":"closed","ping_status":"closed","sticky":false,"template":"","format":"standard","meta":{"_bbp_topic_count":0,"_bbp_reply_count":0,"_bbp_total_topic_count":0,"_bbp_total_reply_count":0,"_bbp_voice_count":0,"_bbp_anonymous_reply_count":0,"_bbp_topic_count_hidden":0,"_bbp_reply_count_hidden":0,"_bbp_forum_subforum_count":0,"site-sidebar-layout":"default","site-content-layout":"","ast-site-content-layout":"","site-content-style":"default","site-sidebar-style":"default","ast-global-header-display":"","ast-banner-title-visibility":"","ast-main-header-display":"","ast-hfb-above-header-display":"","ast-hfb-below-header-display":"","ast-hfb-mobile-header-display":"","site-post-title":"","ast-breadcrumbs-content":"","ast-featured-img":"","footer-sml-layout":"","theme-transparent-header-meta":"","adv-header-id-meta":"","stick-header-meta":"","header-above-stick-meta":"","header-main-stick-meta":"","header-below-stick-meta":"","astra-migrate-meta-layouts":"default","ast-page-background-enabled":"default","ast-page-background-meta":{"desktop":{"background-color":"var(--ast-global-color-4)","background-image":"","background-repeat":"repeat","background-position":"center center","background-size":"auto","background-attachment":"scroll","background-type":"","background-media":"","overlay-type":"","overlay-color":"","overlay-opacity":"","overlay-gradient":""},"tablet":{"background-color":"","background-image":"","background-repeat":"repeat","background-position":"center center","background-size":"auto","background-attachment":"scroll","background-type":"","background-media":"","overlay-type":"","overlay-color":"","overlay-opacity":"","overlay-gradient":""},"mobile":{"background-color":"","background-image":"","background-repeat":"repeat","background-position":"center center","background-size":"auto","background-attachment":"scroll","background-type":"","background-media":"","overlay-type":"","overlay-color":"","overlay-opacity":"","overlay-gradient":""}},"ast-content-background-meta":{"desktop":{"background-color":"var(--ast-global-color-5)","background-image":"","background-repeat":"repeat","background-position":"center center","background-size":"auto","background-attachment":"scroll","background-type":"","background-media":"","overlay-type":"","overlay-color":"","overlay-opacity":"","overlay-gradient":""},"tablet":{"background-color":"var(--ast-global-color-5)","background-image":"","background-repeat":"repeat","background-position":"center center","background-size":"auto","background-attachment":"scroll","background-type":"","background-media":"","overlay-type":"","overlay-color":"","overlay-opacity":"","overlay-gradient":""},"mobile":{"background-color":"var(--ast-global-color-5)","background-image":"","background-repeat":"repeat","background-position":"center center","background-size":"auto","background-attachment":"scroll","background-type":"","background-media":"","overlay-type":"","overlay-color":"","overlay-opacity":"","overlay-gradient":""}},"footnotes":""},"categories":[1,535],"tags":[1082,621,1021],"class_list":["post-15409","post","type-post","status-publish","format-standard","has-post-thumbnail","hentry","category-general","category-portada","tag-erasmus","tag-llengues-estrangeres","tag-projectes-europeus"],"post_mailing_queue_ids":[],"_links":{"self":[{"href":"https:\/\/serveiseducatius.xtec.cat\/baixllobregat5\/wp-json\/wp\/v2\/posts\/15409","targetHints":{"allow":["GET"]}}],"collection":[{"href":"https:\/\/serveiseducatius.xtec.cat\/baixllobregat5\/wp-json\/wp\/v2\/posts"}],"about":[{"href":"https:\/\/serveiseducatius.xtec.cat\/baixllobregat5\/wp-json\/wp\/v2\/types\/post"}],"author":[{"embeddable":true,"href":"https:\/\/serveiseducatius.xtec.cat\/baixllobregat5\/wp-json\/wp\/v2\/users\/1"}],"replies":[{"embeddable":true,"href":"https:\/\/serveiseducatius.xtec.cat\/baixllobregat5\/wp-json\/wp\/v2\/comments?post=15409"}],"version-history":[{"count":3,"href":"https:\/\/serveiseducatius.xtec.cat\/baixllobregat5\/wp-json\/wp\/v2\/posts\/15409\/revisions"}],"predecessor-version":[{"id":16794,"href":"https:\/\/serveiseducatius.xtec.cat\/baixllobregat5\/wp-json\/wp\/v2\/posts\/15409\/revisions\/16794"}],"wp:featuredmedia":[{"embeddable":true,"href":"https:\/\/serveiseducatius.xtec.cat\/baixllobregat5\/wp-json\/wp\/v2\/media\/15412"}],"wp:attachment":[{"href":"https:\/\/serveiseducatius.xtec.cat\/baixllobregat5\/wp-json\/wp\/v2\/media?parent=15409"}],"wp:term":[{"taxonomy":"category","embeddable":true,"href":"https:\/\/serveiseducatius.xtec.cat\/baixllobregat5\/wp-json\/wp\/v2\/categories?post=15409"},{"taxonomy":"post_tag","embeddable":true,"href":"https:\/\/serveiseducatius.xtec.cat\/baixllobregat5\/wp-json\/wp\/v2\/tags?post=15409"}],"curies":[{"name":"wp","href":"https:\/\/api.w.org\/{rel}","templated":true}]}}