{"id":15136,"date":"2019-09-30T15:17:36","date_gmt":"2019-09-30T13:17:36","guid":{"rendered":"http:\/\/serveiseducatius.xtec.cat\/baixllobregat5\/?p=15136"},"modified":"2019-09-30T15:17:36","modified_gmt":"2019-09-30T13:17:36","slug":"inscripcions-al-xvi-certamen-de-lectura-en-veu-alta","status":"publish","type":"post","link":"https:\/\/serveiseducatius.xtec.cat\/baixllobregat5\/dinamitzacio\/lectura-en-veu-alta\/inscripcions-al-xvi-certamen-de-lectura-en-veu-alta\/","title":{"rendered":"Inscripcions al XVI Certamen de lectura en veu alta"},"content":{"rendered":"<p><a href=\"https:\/\/serveiseducatius.xtec.cat\/baixllobregat5\/wp-content\/uploads\/usu1180\/2019\/09\/XVI-CLVA.jpg\"><img loading=\"lazy\" decoding=\"async\" class=\" wp-image-15137 alignleft\" src=\"https:\/\/serveiseducatius.xtec.cat\/baixllobregat5\/wp-content\/uploads\/usu1180\/2019\/09\/XVI-CLVA.jpg\" alt=\"XVI-CLVA\" width=\"304\" height=\"282\" srcset=\"https:\/\/serveiseducatius.xtec.cat\/baixllobregat5\/wp-content\/uploads\/usu1180\/2019\/09\/XVI-CLVA.jpg 606w, https:\/\/serveiseducatius.xtec.cat\/baixllobregat5\/wp-content\/uploads\/usu1180\/2019\/09\/XVI-CLVA-300x278.jpg 300w\" sizes=\"auto, (max-width: 304px) 100vw, 304px\" \/><\/a>La inscripci\u00f3 al\u00a0<a href=\"http:\/\/www.lecturaenveualta.cat\/\" target=\"_blank\" rel=\"noopener noreferrer\">XVI Certamen de lectura en veu alta<\/a>\u00a0estar\u00e0 activa de l\u2019<strong>1 al 31 d\u2019octubre<\/strong>\u00a0de 2019. Les places s\u00f3n limitades i l\u2019organitzaci\u00f3 es reserva el dret de tancar la inscripci\u00f3 abans de la data l\u00edmit.<\/p>\n<p>Consulteu l\u2019<a href=\"http:\/\/www.lecturaenveualta.cat\/esdeveniments\/2020-03\/\" target=\"_blank\" rel=\"noopener noreferrer\">agenda<\/a>\u00a0i els\u00a0<a href=\"http:\/\/www.lecturaenveualta.cat\/bases-del-certamen\/llibres-del-xvi-certamen-de-lectura-en-veu-alta-curs-2019-2020\/\" target=\"_blank\" rel=\"noopener noreferrer\">llibres<\/a>\u00a0del Certamen a\u00a0<a href=\"http:\/\/www.lecturaenveualta.cat\/\" target=\"_blank\" rel=\"noopener noreferrer\">www.lecturaenveualta.cat<\/a><\/p>\n","protected":false},"excerpt":{"rendered":"<p>La inscripci\u00f3 al\u00a0XVI Certamen de lectura en veu alta\u00a0estar\u00e0 activa de l\u20191 al 31 d\u2019octubre\u00a0de 2019. Les places s\u00f3n limitades [&hellip;]<\/p>\n","protected":false},"author":1,"featured_media":15137,"comment_status":"open","ping_status":"closed","sticky":false,"template":"","format":"standard","meta":{"_bbp_topic_count":0,"_bbp_reply_count":0,"_bbp_total_topic_count":0,"_bbp_total_reply_count":0,"_bbp_voice_count":0,"_bbp_anonymous_reply_count":0,"_bbp_topic_count_hidden":0,"_bbp_reply_count_hidden":0,"_bbp_forum_subforum_count":0,"site-sidebar-layout":"default","site-content-layout":"","ast-site-content-layout":"","site-content-style":"default","site-sidebar-style":"default","ast-global-header-display":"","ast-banner-title-visibility":"","ast-main-header-display":"","ast-hfb-above-header-display":"","ast-hfb-below-header-display":"","ast-hfb-mobile-header-display":"","site-post-title":"","ast-breadcrumbs-content":"","ast-featured-img":"","footer-sml-layout":"","theme-transparent-header-meta":"","adv-header-id-meta":"","stick-header-meta":"","header-above-stick-meta":"","header-main-stick-meta":"","header-below-stick-meta":"","astra-migrate-meta-layouts":"default","ast-page-background-enabled":"default","ast-page-background-meta":{"desktop":{"background-color":"var(--ast-global-color-4)","background-image":"","background-repeat":"repeat","background-position":"center center","background-size":"auto","background-attachment":"scroll","background-type":"","background-media":"","overlay-type":"","overlay-color":"","overlay-opacity":"","overlay-gradient":""},"tablet":{"background-color":"","background-image":"","background-repeat":"repeat","background-position":"center center","background-size":"auto","background-attachment":"scroll","background-type":"","background-media":"","overlay-type":"","overlay-color":"","overlay-opacity":"","overlay-gradient":""},"mobile":{"background-color":"","background-image":"","background-repeat":"repeat","background-position":"center center","background-size":"auto","background-attachment":"scroll","background-type":"","background-media":"","overlay-type":"","overlay-color":"","overlay-opacity":"","overlay-gradient":""}},"ast-content-background-meta":{"desktop":{"background-color":"var(--ast-global-color-5)","background-image":"","background-repeat":"repeat","background-position":"center center","background-size":"auto","background-attachment":"scroll","background-type":"","background-media":"","overlay-type":"","overlay-color":"","overlay-opacity":"","overlay-gradient":""},"tablet":{"background-color":"var(--ast-global-color-5)","background-image":"","background-repeat":"repeat","background-position":"center center","background-size":"auto","background-attachment":"scroll","background-type":"","background-media":"","overlay-type":"","overlay-color":"","overlay-opacity":"","overlay-gradient":""},"mobile":{"background-color":"var(--ast-global-color-5)","background-image":"","background-repeat":"repeat","background-position":"center center","background-size":"auto","background-attachment":"scroll","background-type":"","background-media":"","overlay-type":"","overlay-color":"","overlay-opacity":"","overlay-gradient":""}},"footnotes":""},"categories":[72,535],"tags":[872,357],"class_list":["post-15136","post","type-post","status-publish","format-standard","has-post-thumbnail","hentry","category-lectura-en-veu-alta","category-portada","tag-certamen","tag-lectura-en-veu-alta"],"post_mailing_queue_ids":[],"_links":{"self":[{"href":"https:\/\/serveiseducatius.xtec.cat\/baixllobregat5\/wp-json\/wp\/v2\/posts\/15136","targetHints":{"allow":["GET"]}}],"collection":[{"href":"https:\/\/serveiseducatius.xtec.cat\/baixllobregat5\/wp-json\/wp\/v2\/posts"}],"about":[{"href":"https:\/\/serveiseducatius.xtec.cat\/baixllobregat5\/wp-json\/wp\/v2\/types\/post"}],"author":[{"embeddable":true,"href":"https:\/\/serveiseducatius.xtec.cat\/baixllobregat5\/wp-json\/wp\/v2\/users\/1"}],"replies":[{"embeddable":true,"href":"https:\/\/serveiseducatius.xtec.cat\/baixllobregat5\/wp-json\/wp\/v2\/comments?post=15136"}],"version-history":[{"count":1,"href":"https:\/\/serveiseducatius.xtec.cat\/baixllobregat5\/wp-json\/wp\/v2\/posts\/15136\/revisions"}],"predecessor-version":[{"id":15138,"href":"https:\/\/serveiseducatius.xtec.cat\/baixllobregat5\/wp-json\/wp\/v2\/posts\/15136\/revisions\/15138"}],"wp:featuredmedia":[{"embeddable":true,"href":"https:\/\/serveiseducatius.xtec.cat\/baixllobregat5\/wp-json\/wp\/v2\/media\/15137"}],"wp:attachment":[{"href":"https:\/\/serveiseducatius.xtec.cat\/baixllobregat5\/wp-json\/wp\/v2\/media?parent=15136"}],"wp:term":[{"taxonomy":"category","embeddable":true,"href":"https:\/\/serveiseducatius.xtec.cat\/baixllobregat5\/wp-json\/wp\/v2\/categories?post=15136"},{"taxonomy":"post_tag","embeddable":true,"href":"https:\/\/serveiseducatius.xtec.cat\/baixllobregat5\/wp-json\/wp\/v2\/tags?post=15136"}],"curies":[{"name":"wp","href":"https:\/\/api.w.org\/{rel}","templated":true}]}}