{"id":14529,"date":"2019-04-02T11:24:49","date_gmt":"2019-04-02T09:24:49","guid":{"rendered":"http:\/\/serveiseducatius.xtec.cat\/baixllobregat5\/?p=14529"},"modified":"2019-09-04T14:00:42","modified_gmt":"2019-09-04T12:00:42","slug":"ii-jornada-dinnovacio-pedagogica","status":"publish","type":"post","link":"https:\/\/serveiseducatius.xtec.cat\/baixllobregat5\/general\/ii-jornada-dinnovacio-pedagogica\/","title":{"rendered":"II Jornada d&#8217;Innovaci\u00f3 Pedag\u00f2gica"},"content":{"rendered":"<p><a href=\"https:\/\/serveiseducatius.xtec.cat\/baixllobregat5\/wp-content\/uploads\/usu1180\/2019\/04\/jornada-innova.jpg\"><img loading=\"lazy\" decoding=\"async\" class=\"size-full wp-image-14530 alignleft\" src=\"https:\/\/serveiseducatius.xtec.cat\/baixllobregat5\/wp-content\/uploads\/usu1180\/2019\/04\/jornada-innova.jpg\" alt=\"II Jornada Pedag\u00f2gica\" width=\"271\" height=\"271\" srcset=\"https:\/\/serveiseducatius.xtec.cat\/baixllobregat5\/wp-content\/uploads\/usu1180\/2019\/04\/jornada-innova.jpg 271w, https:\/\/serveiseducatius.xtec.cat\/baixllobregat5\/wp-content\/uploads\/usu1180\/2019\/04\/jornada-innova-150x150.jpg 150w\" sizes=\"auto, (max-width: 271px) 100vw, 271px\" \/><\/a>El Departament d\u2019Educaci\u00f3 impulsa la innovaci\u00f3 pedag\u00f2gica definida com un proc\u00e9s planificat de canvi i renovaci\u00f3 que es fonamenta en la recerca, que respon a l\u2019evoluci\u00f3 social, que condueix a obtenir una millora en la qualitat del sistema educatiu i que pot ser transferible a la resta de centres educatius.<\/p>\n<p>Amb l\u2019objectiu de donar suport, difondre i transferir les innovacions contrastades i certificades, s\u2019organitza la II Jornada d\u2019Innovaci\u00f3 Pedag\u00f2gica de Catalunya.<\/p>\n<p>L&#8217;\u00a0Institut Esteve Terrades presentar\u00e0 la seva experi\u00e8ncia:\u00a0<a href=\"https:\/\/bit.ly\/2CPvmn4\" target=\"_blank\" rel=\"noopener noreferrer\"> Erasmus+ Mobilitat formativa FP\u00a0<\/a><br \/>\ni l&#8217;escola Espai 3 el <a href=\"http:\/\/xtec.gencat.cat\/ca\/projectes\/plurilinguisme\/programes\/institucionals\/avancem\/\" target=\"_blank\" rel=\"noopener noreferrer\">programa Avancem: aprenentatge integrat de les lleng\u00fces<\/a><\/p>\n<p><a href=\"https:\/\/blocs.xtec.cat\/jornadainnovaciopedagogica\/inscripcio\/\" target=\"_blank\" rel=\"noopener noreferrer\">Inscripcions obertes<\/a><\/p>\n<p>[<a href=\"https:\/\/blocs.xtec.cat\/jornadainnovaciopedagogica\/\" target=\"_blank\" rel=\"noopener noreferrer\">M\u00e9s informaci\u00f3<\/a>]<\/p>\n","protected":false},"excerpt":{"rendered":"<p>El Departament d\u2019Educaci\u00f3 impulsa la innovaci\u00f3 pedag\u00f2gica definida com un proc\u00e9s planificat de canvi i renovaci\u00f3 que es fonamenta en [&hellip;]<\/p>\n","protected":false},"author":1,"featured_media":14530,"comment_status":"open","ping_status":"closed","sticky":false,"template":"","format":"standard","meta":{"_bbp_topic_count":0,"_bbp_reply_count":0,"_bbp_total_topic_count":0,"_bbp_total_reply_count":0,"_bbp_voice_count":0,"_bbp_anonymous_reply_count":0,"_bbp_topic_count_hidden":0,"_bbp_reply_count_hidden":0,"_bbp_forum_subforum_count":0,"site-sidebar-layout":"default","site-content-layout":"","ast-site-content-layout":"","site-content-style":"default","site-sidebar-style":"default","ast-global-header-display":"","ast-banner-title-visibility":"","ast-main-header-display":"","ast-hfb-above-header-display":"","ast-hfb-below-header-display":"","ast-hfb-mobile-header-display":"","site-post-title":"","ast-breadcrumbs-content":"","ast-featured-img":"","footer-sml-layout":"","theme-transparent-header-meta":"","adv-header-id-meta":"","stick-header-meta":"","header-above-stick-meta":"","header-main-stick-meta":"","header-below-stick-meta":"","astra-migrate-meta-layouts":"default","ast-page-background-enabled":"default","ast-page-background-meta":{"desktop":{"background-color":"var(--ast-global-color-4)","background-image":"","background-repeat":"repeat","background-position":"center center","background-size":"auto","background-attachment":"scroll","background-type":"","background-media":"","overlay-type":"","overlay-color":"","overlay-opacity":"","overlay-gradient":""},"tablet":{"background-color":"","background-image":"","background-repeat":"repeat","background-position":"center center","background-size":"auto","background-attachment":"scroll","background-type":"","background-media":"","overlay-type":"","overlay-color":"","overlay-opacity":"","overlay-gradient":""},"mobile":{"background-color":"","background-image":"","background-repeat":"repeat","background-position":"center center","background-size":"auto","background-attachment":"scroll","background-type":"","background-media":"","overlay-type":"","overlay-color":"","overlay-opacity":"","overlay-gradient":""}},"ast-content-background-meta":{"desktop":{"background-color":"var(--ast-global-color-5)","background-image":"","background-repeat":"repeat","background-position":"center center","background-size":"auto","background-attachment":"scroll","background-type":"","background-media":"","overlay-type":"","overlay-color":"","overlay-opacity":"","overlay-gradient":""},"tablet":{"background-color":"var(--ast-global-color-5)","background-image":"","background-repeat":"repeat","background-position":"center center","background-size":"auto","background-attachment":"scroll","background-type":"","background-media":"","overlay-type":"","overlay-color":"","overlay-opacity":"","overlay-gradient":""},"mobile":{"background-color":"var(--ast-global-color-5)","background-image":"","background-repeat":"repeat","background-position":"center center","background-size":"auto","background-attachment":"scroll","background-type":"","background-media":"","overlay-type":"","overlay-color":"","overlay-opacity":"","overlay-gradient":""}},"footnotes":""},"categories":[1],"tags":[617,355,971],"class_list":["post-14529","post","type-post","status-publish","format-standard","has-post-thumbnail","hentry","category-general","tag-innovacio","tag-jornades","tag-programa-dinnovacio"],"post_mailing_queue_ids":[],"_links":{"self":[{"href":"https:\/\/serveiseducatius.xtec.cat\/baixllobregat5\/wp-json\/wp\/v2\/posts\/14529","targetHints":{"allow":["GET"]}}],"collection":[{"href":"https:\/\/serveiseducatius.xtec.cat\/baixllobregat5\/wp-json\/wp\/v2\/posts"}],"about":[{"href":"https:\/\/serveiseducatius.xtec.cat\/baixllobregat5\/wp-json\/wp\/v2\/types\/post"}],"author":[{"embeddable":true,"href":"https:\/\/serveiseducatius.xtec.cat\/baixllobregat5\/wp-json\/wp\/v2\/users\/1"}],"replies":[{"embeddable":true,"href":"https:\/\/serveiseducatius.xtec.cat\/baixllobregat5\/wp-json\/wp\/v2\/comments?post=14529"}],"version-history":[{"count":2,"href":"https:\/\/serveiseducatius.xtec.cat\/baixllobregat5\/wp-json\/wp\/v2\/posts\/14529\/revisions"}],"predecessor-version":[{"id":15061,"href":"https:\/\/serveiseducatius.xtec.cat\/baixllobregat5\/wp-json\/wp\/v2\/posts\/14529\/revisions\/15061"}],"wp:featuredmedia":[{"embeddable":true,"href":"https:\/\/serveiseducatius.xtec.cat\/baixllobregat5\/wp-json\/wp\/v2\/media\/14530"}],"wp:attachment":[{"href":"https:\/\/serveiseducatius.xtec.cat\/baixllobregat5\/wp-json\/wp\/v2\/media?parent=14529"}],"wp:term":[{"taxonomy":"category","embeddable":true,"href":"https:\/\/serveiseducatius.xtec.cat\/baixllobregat5\/wp-json\/wp\/v2\/categories?post=14529"},{"taxonomy":"post_tag","embeddable":true,"href":"https:\/\/serveiseducatius.xtec.cat\/baixllobregat5\/wp-json\/wp\/v2\/tags?post=14529"}],"curies":[{"name":"wp","href":"https:\/\/api.w.org\/{rel}","templated":true}]}}