{"id":13059,"date":"2018-04-17T09:52:29","date_gmt":"2018-04-17T07:52:29","guid":{"rendered":"http:\/\/serveiseducatius.xtec.cat\/baixllobregat5\/?p=13059"},"modified":"2018-04-17T16:06:06","modified_gmt":"2018-04-17T14:06:06","slug":"mostra-de-treballs-de-recerca-ciutat-de-sant-joan-despi-edicio-2018","status":"publish","type":"post","link":"https:\/\/serveiseducatius.xtec.cat\/baixllobregat5\/dinamitzacio\/mostra-treballs-de-recerca\/mostra-de-treballs-de-recerca-ciutat-de-sant-joan-despi-edicio-2018\/","title":{"rendered":"Mostra de treballs de recerca ciutat de Sant Joan Desp\u00ed. Edici\u00f3 2018"},"content":{"rendered":"<table>\n<tbody>\n<tr style=\"height: 56px;\">\n<td style=\"height: 56px;\" width=\"211\"><strong>\u00c0mbit Ciutat<\/strong><\/td>\n<td style=\"height: 56px;\" width=\"211\"><strong>\u00c0mbit <\/strong><strong>Ci\u00e8ncies Socials, Arts i Humanitats<\/strong><\/td>\n<td style=\"height: 56px;\" width=\"211\"><strong>\u00c0mbit Cient\u00edfic i Tecnol\u00f2gic<\/strong><\/td>\n<\/tr>\n<tr style=\"height: 191px;\">\n<td style=\"height: 483px;\" rowspan=\"3\" width=\"211\"><strong>1r. premi:<\/strong> <a href=\"https:\/\/mega.nz\/#!y4RwSZRQ!gVDoXG8-GU8gBitguryrVa6GDpCTNnlRDRjosZJSf2s\" target=\"_blank\" rel=\"noopener noreferrer\">Estudi de la sostenibilitat de les zones verdes de Sant Joan Desp\u00ed.<\/a><em><br \/>\n<\/em>Autor <strong>Roger G\u00f3mer L\u00f3pez<\/strong> alumne del Col\u00b7legi Ateneu Instructiu. La tutoria del treball l\u2019ha realitzat la professora Rosalia Ey.<\/td>\n<td style=\"height: 191px;\" width=\"211\"><strong>1r. premi:\u00a0 <\/strong><a href=\"https:\/\/mega.nz\/#!OtpGAJCB!l7LcllSi0vifhznig2bf1bxWPfcZwCznyaEHCTu2gPY\" target=\"_blank\" rel=\"noopener noreferrer\">Ageing in the 21st century.<\/a><strong><br \/>\n<\/strong>Autora: <strong>Ana Pardo P\u00e9rez<\/strong> alumne de l\u2019institut Francesc Ferrer i Gu\u00e0rdia. La tutoria del treball l\u2019ha realitzat la professora Ana Gonz\u00e1lez<\/td>\n<td style=\"height: 191px;\" width=\"211\"><strong>1r. premi<\/strong>: <a href=\"https:\/\/mega.nz\/#!XwhG1KpC!Zb20VnWWI2-Th-YLxWFj3kGP0iTFGfQkrHDPf435yfc\" target=\"_blank\" rel=\"noopener noreferrer\">El busseig amb escafandre aut\u00f2nom.<\/a><br \/>\nAutora: <strong>Eva Sala Riu<\/strong>, alumne del Col\u00b7legi Ateneu Instructiu. La tutoria del treball l\u2019ha realitzat les professores Ester Paz i Maria Lloret<\/td>\n<\/tr>\n<tr style=\"height: 146px;\">\n<td style=\"height: 146px;\" width=\"211\"><strong>2n. premi<\/strong>: <a href=\"https:\/\/mega.nz\/#!G1AXSaxD!XFKRg58sjjnA3jruWIyqKsJKFGvSCCzvNpDkn0xQSIg\" target=\"_blank\" rel=\"noopener noreferrer\">Com va arribar Donald Trump al poder.<\/a><br \/>\nAutora: <strong>Merc\u00e8 Valera Telles<\/strong>, alumne de l\u2019institut Jaume Salvador i Pedrol. La tutoria del treball l\u2019ha realitzat el professor David Carracedo<\/td>\n<td style=\"height: 292px;\" rowspan=\"2\" width=\"211\"><strong>2n. premi<\/strong>:\u00a0 <a href=\"https:\/\/mega.nz\/#!q44VTJTL!U6Tt-xC7IOKNgdk0rN_plgPpZVfHoQCOpwIdTIIGbF4\" target=\"_blank\" rel=\"noopener noreferrer\">Un nou paradigman en l\u2019arquitectura.<\/a><br \/>\nAutor: <strong>Marc Rodr\u00edguez Flores<\/strong> alumne del Col\u00b7legi Ateneu Instructiu. La tutoria del treball l\u2019ha realitzat el professor David V\u00e1zquez<\/td>\n<\/tr>\n<tr style=\"height: 146px;\">\n<td style=\"height: 146px;\" width=\"211\"><strong><strong>Finalista:<\/strong><\/strong> <a href=\"https:\/\/mega.nz\/#!j8h0WD4Y!aHZBfZXeM7BY9qsIOtliFa25A-faX0fAwZ0ERNjZ73Q\" target=\"_blank\" rel=\"noopener noreferrer\">Influ\u00e8ncia de les xarxes sobre el llenguatge dels adolescents<\/a><strong><strong>.<br \/>\n<\/strong><\/strong>Autora:<strong> Clara Borrero Cuevas<\/strong> alumne de l\u2019institut Francesc Ferrer i Gu\u00e0rdia. La tutoria del treball l\u2019ha realitzat el professor Josep Maria Masanas<strong><br \/>\n<\/strong><\/td>\n<\/tr>\n<tr style=\"height: 191px;\">\n<td style=\"height: 720px;\" rowspan=\"4\" width=\"211\"><strong>2n. premi<\/strong>: <a href=\"https:\/\/mega.nz\/#!6poxnbhB!QQokiWVsgJTKhawzk7KPBJw8C_YfF0MayX7MuNCvs_I\" target=\"_blank\" rel=\"noopener noreferrer\">Protecci\u00f3 animal a Sant Joan Desp\u00ed.<\/a><br \/>\nAutor <strong>Adri\u00e1n Linares Romero <\/strong>alumne de l\u2019institut Jaume Salvador i Pedrol. La tutoria del treball l\u2019ha realitzat el professor Joan G\u00e1zquez.<\/td>\n<td style=\"height: 191px;\" width=\"211\"><strong>Finalista:<a href=\"https:\/\/mega.nz\/#!ugpQVQYD!iqBvXoSc4pjFj223xe4zBVRZSSHYCke8FI7sIUCjCf4\" target=\"_blank\" rel=\"noopener noreferrer\">\u00a0<\/a><\/strong><a href=\"https:\/\/mega.nz\/#!ugpQVQYD!iqBvXoSc4pjFj223xe4zBVRZSSHYCke8FI7sIUCjCf4\" target=\"_blank\" rel=\"noopener noreferrer\">La publicitat a les xarxes socials: com influeix als adolescents?<\/a>.<br \/>\nAutora: <strong>Marta Mart\u00ednez Garc\u00eda<\/strong> alumne del Col\u00b7legi Ateneu Instructiu. La tutoria del treball l\u2019ha realitzat la professora Pilar Fern\u00e1ndez<\/td>\n<td style=\"height: 382px;\" rowspan=\"2\" width=\"211\"><strong>Finalista: <\/strong><a href=\"https:\/\/mega.nz\/#!20BilBjD!L5Umnr2enCIGnuHIXY6RbhZN00VUPJDTbRQLeDAd9xo\" target=\"_blank\" rel=\"noopener noreferrer\">El futuro: bases en la luna<\/a>.<br \/>\nAutora: <strong>B\u00e1rbara P\u00e9rez Garc\u00eda<\/strong> alumne de l\u2019institut Jaume Salvador i Pedrol. La tutoria del treball l\u2019ha realitzat el professor Javier Portero<\/td>\n<\/tr>\n<tr style=\"height: 191px;\">\n<td style=\"height: 191px;\" width=\"211\"><strong>Finalista: <\/strong><a href=\"https:\/\/mega.nz\/#!Wtp1FBwT!DBD4lK1XXlWet5oXD7F17GgqIwTpbylJ6kgn0VBEhbs\" target=\"_blank\" rel=\"noopener noreferrer\">Els pitag\u00f2rics, a vall entre les matem\u00e0tiques i la filosof\u00eda.<\/a><br \/>\nAutor: <strong>Xavier Boter Vera<\/strong> alumne del Col\u00b7legi Ateneu Instructiu. La tutoria del treball l\u2019ha realitzat el professor Ra\u00fcl Gu\u00e0s<\/td>\n<\/tr>\n<tr style=\"height: 169px;\">\n<td style=\"height: 169px;\" width=\"211\"><strong>Finalista: <\/strong><a href=\"https:\/\/mega.nz\/#!m4hVmDhY!ILDBiRqL7QuzLRhECfgqMRtOAIdlOFvYlDToyYReK34\" target=\"_blank\" rel=\"noopener noreferrer\">L\u2019her\u00e8ncia del patriarcat: masclisme adolescent.<\/a><br \/>\nAutora:\u00a0 <strong>Marta Blasco Torrente<\/strong><br \/>\nalumne de l\u2019institut Jaume Salvador i Pedrol. La tutoria del treball l\u2019ha realitzat la professora Carme Alfaro<\/td>\n<td style=\"height: 169px;\" width=\"211\"><strong>Finalista:\u00a0<\/strong> <a href=\"https:\/\/mega.nz\/#!v15kTZza!PZaOxBZC_8a9jsBCvGNjBC6v1OYl4IHw3B5BM939s_k\" target=\"_blank\" rel=\"noopener noreferrer\">Biocuina: un m\u00f3n de transformacions<\/a>.<br \/>\nAutora:<strong> Blanca Le\u00f3n Gonz\u00e1lez<\/strong><br \/>\nalumne de l\u2019institut Jaume Salvador i Pedrol. La tutoria del treball l\u2019ha realitzat la professora Isabel Tarjuelo<\/td>\n<\/tr>\n<tr style=\"height: 169px;\">\n<td style=\"height: 169px;\" width=\"211\"><\/td>\n<td style=\"height: 169px;\" width=\"211\"><strong>Finalista: <\/strong><a href=\"https:\/\/mega.nz\/#!a9p1gILS!btIhzlePI7Ji4tB_yJYsjdcRw9uAn4uDJc0QCkll4uQ\" target=\"_blank\" rel=\"noopener noreferrer\">Trencament del lligament creuat anterior: una lesi\u00f3 de dones?.<\/a><br \/>\nAutora: <strong>Judit Dom\u00ednguez Osuna<\/strong> alumne de l\u2019institut Francesc Ferrer i Gu\u00e0rdia. La tutoria del treball l\u2019ha realitzat el professor Carles Bonsoms<\/td>\n<\/tr>\n<tr style=\"height: 79px;\">\n<td style=\"height: 79px;\" colspan=\"3\" width=\"633\"><strong>Premi especial a treballs presentat en lleng\u00fces estrangeres<\/strong>:\u00a0<a href=\"https:\/\/mega.nz\/#!r0BxFYRT!RL4RqkjtjalthwiYKD1hDeItu70Z_asNbhKjZNOlB7o\" target=\"_blank\" rel=\"noopener noreferrer\">Help me! Screens are killing me!<\/a>. Autora: Laura P\u00e9rez Rodr\u00edguez alumne de l\u2019institut Francesc Ferrer i Gu\u00e0rdia. La tutoria del treball l\u2019ha realitzat el professor Albert Molins<\/td>\n<\/tr>\n<\/tbody>\n<\/table>\n","protected":false},"excerpt":{"rendered":"<p>\u00c0mbit Ciutat \u00c0mbit Ci\u00e8ncies Socials, Arts i Humanitats \u00c0mbit Cient\u00edfic i Tecnol\u00f2gic 1r. premi: Estudi de la sostenibilitat de les [&hellip;]<\/p>\n","protected":false},"author":1,"featured_media":0,"comment_status":"open","ping_status":"closed","sticky":false,"template":"","format":"standard","meta":{"_bbp_topic_count":0,"_bbp_reply_count":0,"_bbp_total_topic_count":0,"_bbp_total_reply_count":0,"_bbp_voice_count":0,"_bbp_anonymous_reply_count":0,"_bbp_topic_count_hidden":0,"_bbp_reply_count_hidden":0,"_bbp_forum_subforum_count":0,"site-sidebar-layout":"default","site-content-layout":"","ast-site-content-layout":"","site-content-style":"default","site-sidebar-style":"default","ast-global-header-display":"","ast-banner-title-visibility":"","ast-main-header-display":"","ast-hfb-above-header-display":"","ast-hfb-below-header-display":"","ast-hfb-mobile-header-display":"","site-post-title":"","ast-breadcrumbs-content":"","ast-featured-img":"","footer-sml-layout":"","theme-transparent-header-meta":"","adv-header-id-meta":"","stick-header-meta":"","header-above-stick-meta":"","header-main-stick-meta":"","header-below-stick-meta":"","astra-migrate-meta-layouts":"default","ast-page-background-enabled":"default","ast-page-background-meta":{"desktop":{"background-color":"var(--ast-global-color-4)","background-image":"","background-repeat":"repeat","background-position":"center center","background-size":"auto","background-attachment":"scroll","background-type":"","background-media":"","overlay-type":"","overlay-color":"","overlay-opacity":"","overlay-gradient":""},"tablet":{"background-color":"","background-image":"","background-repeat":"repeat","background-position":"center center","background-size":"auto","background-attachment":"scroll","background-type":"","background-media":"","overlay-type":"","overlay-color":"","overlay-opacity":"","overlay-gradient":""},"mobile":{"background-color":"","background-image":"","background-repeat":"repeat","background-position":"center center","background-size":"auto","background-attachment":"scroll","background-type":"","background-media":"","overlay-type":"","overlay-color":"","overlay-opacity":"","overlay-gradient":""}},"ast-content-background-meta":{"desktop":{"background-color":"var(--ast-global-color-5)","background-image":"","background-repeat":"repeat","background-position":"center center","background-size":"auto","background-attachment":"scroll","background-type":"","background-media":"","overlay-type":"","overlay-color":"","overlay-opacity":"","overlay-gradient":""},"tablet":{"background-color":"var(--ast-global-color-5)","background-image":"","background-repeat":"repeat","background-position":"center center","background-size":"auto","background-attachment":"scroll","background-type":"","background-media":"","overlay-type":"","overlay-color":"","overlay-opacity":"","overlay-gradient":""},"mobile":{"background-color":"var(--ast-global-color-5)","background-image":"","background-repeat":"repeat","background-position":"center center","background-size":"auto","background-attachment":"scroll","background-type":"","background-media":"","overlay-type":"","overlay-color":"","overlay-opacity":"","overlay-gradient":""}},"footnotes":""},"categories":[70],"tags":[366,463,719],"class_list":["post-13059","post","type-post","status-publish","format-standard","hentry","category-mostra-treballs-de-recerca","tag-mostra","tag-sant-joan-despi","tag-treballs-de-recerca"],"post_mailing_queue_ids":[],"_links":{"self":[{"href":"https:\/\/serveiseducatius.xtec.cat\/baixllobregat5\/wp-json\/wp\/v2\/posts\/13059","targetHints":{"allow":["GET"]}}],"collection":[{"href":"https:\/\/serveiseducatius.xtec.cat\/baixllobregat5\/wp-json\/wp\/v2\/posts"}],"about":[{"href":"https:\/\/serveiseducatius.xtec.cat\/baixllobregat5\/wp-json\/wp\/v2\/types\/post"}],"author":[{"embeddable":true,"href":"https:\/\/serveiseducatius.xtec.cat\/baixllobregat5\/wp-json\/wp\/v2\/users\/1"}],"replies":[{"embeddable":true,"href":"https:\/\/serveiseducatius.xtec.cat\/baixllobregat5\/wp-json\/wp\/v2\/comments?post=13059"}],"version-history":[{"count":4,"href":"https:\/\/serveiseducatius.xtec.cat\/baixllobregat5\/wp-json\/wp\/v2\/posts\/13059\/revisions"}],"predecessor-version":[{"id":13076,"href":"https:\/\/serveiseducatius.xtec.cat\/baixllobregat5\/wp-json\/wp\/v2\/posts\/13059\/revisions\/13076"}],"wp:attachment":[{"href":"https:\/\/serveiseducatius.xtec.cat\/baixllobregat5\/wp-json\/wp\/v2\/media?parent=13059"}],"wp:term":[{"taxonomy":"category","embeddable":true,"href":"https:\/\/serveiseducatius.xtec.cat\/baixllobregat5\/wp-json\/wp\/v2\/categories?post=13059"},{"taxonomy":"post_tag","embeddable":true,"href":"https:\/\/serveiseducatius.xtec.cat\/baixllobregat5\/wp-json\/wp\/v2\/tags?post=13059"}],"curies":[{"name":"wp","href":"https:\/\/api.w.org\/{rel}","templated":true}]}}