{"id":1144,"date":"2016-04-01T11:32:48","date_gmt":"2016-04-01T09:32:48","guid":{"rendered":"http:\/\/blocs.xtec.cat\/sbes\/?p=1144"},"modified":"2017-01-25T15:18:18","modified_gmt":"2017-01-25T14:18:18","slug":"1144","status":"publish","type":"post","link":"https:\/\/serveiseducatius.xtec.cat\/baixllobregat5\/general\/1144\/","title":{"rendered":"Punts de Llibre Sant Jordi 2016 a l&#8217;institut Ferrer i Gu\u00e0rdia"},"content":{"rendered":"<div>Des de la biblioteca hem participat de nou en la realitzaci\u00f3 dels <b>punts de llibre<\/b>, que \u00e9s fa amb totes les Escoles i Instituts de Sant Joan Desp\u00ed, amb la<b> participaci\u00f3 de l&#8217;alumnat de Primer i Segon d&#8217;ESO. <\/b><\/div>\n<div><\/div>\n<div>El <b>tema escollit \u00e9s<\/b> <i><b>Ramon Llull<\/b><\/i>, per commemorar els 700 anys de la seva mort, utilitzant per la realitzaci\u00f3 dels punts, la seva imatge i la seva obra, personalitzada en el <u><b>&#8220;Llibre de les b\u00e8sties&#8221;<\/b><\/u><\/div>\n<div><\/div>\n<div><b>Tots els punts<\/b> presentats <b>seran exposats a la Biblioteca Municipal Merc\u00e8 Rodoreda<\/b> (del 23 d&#8217;abril al 5 de maig) i a la <b>Biblioteca Municipal Miquel Mart\u00ed i Pol<\/b> ( del 9 al 20 de maig)<\/div>\n<div><\/div>\n<div><b>Moltes gr\u00e0cies<\/b> a <b>l&#8217;alumnat<\/b> i <b>professorat<\/b> <b>que ha participat per aconseguir aquest meravell\u00f3s treball.<\/b><\/div>\n<div>A continuaci\u00f3, deixem fotos d&#8217;alguns punts de llibres del nostre institut.<\/div>\n<div><\/div>\n<div>\n<figure id=\"attachment_1145\" aria-describedby=\"caption-attachment-1145\" style=\"width: 640px\" class=\"wp-caption aligncenter\"><a href=\"http:\/\/serveiseducatius.xtec.cat\/baixllobregat5\/wp-content\/uploads\/usu1180\/2016\/04\/222.jpg\"><img loading=\"lazy\" decoding=\"async\" class=\"size-large wp-image-1145\" src=\"http:\/\/serveiseducatius.xtec.cat\/baixllobregat5\/wp-content\/uploads\/usu1180\/2016\/04\/222-1024x1024.jpg\" alt=\"Primer d'ESO Professora: Rosa Su\u00f1er Segon d'ESO Professor: Enrique M\u00f1oz\" width=\"640\" height=\"640\" srcset=\"https:\/\/serveiseducatius.xtec.cat\/baixllobregat5\/wp-content\/uploads\/usu1180\/2016\/04\/222-1024x1024.jpg 1024w, https:\/\/serveiseducatius.xtec.cat\/baixllobregat5\/wp-content\/uploads\/usu1180\/2016\/04\/222-150x150.jpg 150w, https:\/\/serveiseducatius.xtec.cat\/baixllobregat5\/wp-content\/uploads\/usu1180\/2016\/04\/222-300x300.jpg 300w, https:\/\/serveiseducatius.xtec.cat\/baixllobregat5\/wp-content\/uploads\/usu1180\/2016\/04\/222.jpg 1440w\" sizes=\"auto, (max-width: 640px) 100vw, 640px\" \/><\/a><figcaption id=\"caption-attachment-1145\" class=\"wp-caption-text\">Primer d&#8217;ESO<br \/>Professora: Rosa Su\u00f1er<br \/>Segon d&#8217;ESO<br \/>Professor:<br \/>Enrique M\u00f1oz<\/figcaption><\/figure>\n<p><a href=\"http:\/\/serveiseducatius.xtec.cat\/baixllobregat5\/wp-content\/uploads\/usu1180\/2016\/04\/111.jpg\"><img loading=\"lazy\" decoding=\"async\" class=\"aligncenter size-large wp-image-1146\" src=\"http:\/\/serveiseducatius.xtec.cat\/baixllobregat5\/wp-content\/uploads\/usu1180\/2016\/04\/111-1024x1024.jpg\" alt=\"111\" width=\"640\" height=\"640\" \/><\/a><\/p>\n<\/div>\n","protected":false},"excerpt":{"rendered":"<p>Des de la biblioteca hem participat de nou en la realitzaci\u00f3 dels punts de llibre, que \u00e9s fa amb totes [&hellip;]<\/p>\n","protected":false},"author":193,"featured_media":0,"comment_status":"open","ping_status":"open","sticky":false,"template":"","format":"standard","meta":{"_bbp_topic_count":0,"_bbp_reply_count":0,"_bbp_total_topic_count":0,"_bbp_total_reply_count":0,"_bbp_voice_count":0,"_bbp_anonymous_reply_count":0,"_bbp_topic_count_hidden":0,"_bbp_reply_count_hidden":0,"_bbp_forum_subforum_count":0,"site-sidebar-layout":"default","site-content-layout":"","ast-site-content-layout":"","site-content-style":"default","site-sidebar-style":"default","ast-global-header-display":"","ast-banner-title-visibility":"","ast-main-header-display":"","ast-hfb-above-header-display":"","ast-hfb-below-header-display":"","ast-hfb-mobile-header-display":"","site-post-title":"","ast-breadcrumbs-content":"","ast-featured-img":"","footer-sml-layout":"","theme-transparent-header-meta":"","adv-header-id-meta":"","stick-header-meta":"","header-above-stick-meta":"","header-main-stick-meta":"","header-below-stick-meta":"","astra-migrate-meta-layouts":"default","ast-page-background-enabled":"default","ast-page-background-meta":{"desktop":{"background-color":"var(--ast-global-color-4)","background-image":"","background-repeat":"repeat","background-position":"center center","background-size":"auto","background-attachment":"scroll","background-type":"","background-media":"","overlay-type":"","overlay-color":"","overlay-opacity":"","overlay-gradient":""},"tablet":{"background-color":"","background-image":"","background-repeat":"repeat","background-position":"center center","background-size":"auto","background-attachment":"scroll","background-type":"","background-media":"","overlay-type":"","overlay-color":"","overlay-opacity":"","overlay-gradient":""},"mobile":{"background-color":"","background-image":"","background-repeat":"repeat","background-position":"center center","background-size":"auto","background-attachment":"scroll","background-type":"","background-media":"","overlay-type":"","overlay-color":"","overlay-opacity":"","overlay-gradient":""}},"ast-content-background-meta":{"desktop":{"background-color":"var(--ast-global-color-5)","background-image":"","background-repeat":"repeat","background-position":"center center","background-size":"auto","background-attachment":"scroll","background-type":"","background-media":"","overlay-type":"","overlay-color":"","overlay-opacity":"","overlay-gradient":""},"tablet":{"background-color":"var(--ast-global-color-5)","background-image":"","background-repeat":"repeat","background-position":"center center","background-size":"auto","background-attachment":"scroll","background-type":"","background-media":"","overlay-type":"","overlay-color":"","overlay-opacity":"","overlay-gradient":""},"mobile":{"background-color":"var(--ast-global-color-5)","background-image":"","background-repeat":"repeat","background-position":"center center","background-size":"auto","background-attachment":"scroll","background-type":"","background-media":"","overlay-type":"","overlay-color":"","overlay-opacity":"","overlay-gradient":""}},"footnotes":""},"categories":[1],"tags":[290,298,348,266,384],"class_list":["post-1144","post","type-post","status-publish","format-standard","hentry","category-general","tag-biblioteques-escolars","tag-comprensio-lectora","tag-institut-joan-miro","tag-punts-de-llibre","tag-ramon-llull"],"post_mailing_queue_ids":[],"_links":{"self":[{"href":"https:\/\/serveiseducatius.xtec.cat\/baixllobregat5\/wp-json\/wp\/v2\/posts\/1144","targetHints":{"allow":["GET"]}}],"collection":[{"href":"https:\/\/serveiseducatius.xtec.cat\/baixllobregat5\/wp-json\/wp\/v2\/posts"}],"about":[{"href":"https:\/\/serveiseducatius.xtec.cat\/baixllobregat5\/wp-json\/wp\/v2\/types\/post"}],"author":[{"embeddable":true,"href":"https:\/\/serveiseducatius.xtec.cat\/baixllobregat5\/wp-json\/wp\/v2\/users\/193"}],"replies":[{"embeddable":true,"href":"https:\/\/serveiseducatius.xtec.cat\/baixllobregat5\/wp-json\/wp\/v2\/comments?post=1144"}],"version-history":[{"count":3,"href":"https:\/\/serveiseducatius.xtec.cat\/baixllobregat5\/wp-json\/wp\/v2\/posts\/1144\/revisions"}],"predecessor-version":[{"id":10002,"href":"https:\/\/serveiseducatius.xtec.cat\/baixllobregat5\/wp-json\/wp\/v2\/posts\/1144\/revisions\/10002"}],"wp:attachment":[{"href":"https:\/\/serveiseducatius.xtec.cat\/baixllobregat5\/wp-json\/wp\/v2\/media?parent=1144"}],"wp:term":[{"taxonomy":"category","embeddable":true,"href":"https:\/\/serveiseducatius.xtec.cat\/baixllobregat5\/wp-json\/wp\/v2\/categories?post=1144"},{"taxonomy":"post_tag","embeddable":true,"href":"https:\/\/serveiseducatius.xtec.cat\/baixllobregat5\/wp-json\/wp\/v2\/tags?post=1144"}],"curies":[{"name":"wp","href":"https:\/\/api.w.org\/{rel}","templated":true}]}}