{"id":11161,"date":"2017-05-09T09:32:29","date_gmt":"2017-05-09T07:32:29","guid":{"rendered":"http:\/\/serveiseducatius.xtec.cat\/baixllobregat5\/?p=11161"},"modified":"2017-05-09T09:33:54","modified_gmt":"2017-05-09T07:33:54","slug":"article-dambits-de-psicopedagogia-en-relacio-a-lassessorament-psicopedagogic","status":"publish","type":"post","link":"https:\/\/serveiseducatius.xtec.cat\/baixllobregat5\/eap\/article-dambits-de-psicopedagogia-en-relacio-a-lassessorament-psicopedagogic\/","title":{"rendered":"Article d&#8217;\u00c0mbits de Psicopedagogia en relaci\u00f3 a l&#8217;Assessorament psicopedag\u00f2gic."},"content":{"rendered":"<p><em>L\u2019article presenta un proc\u00e9s de formaci\u00f3 i treball conjunt realitzat al llarg de dos cursos acad\u00e8mics amb un grup de professionals de l\u2019EAP de Sant Mart\u00ed. ( <a href=\"http:\/\/xtec.gencat.cat\/ca\/serveis\/sez\/eap\/\" target=\"_blank\">Document i video <\/a>)<\/em><\/p>\n<div class=\"gmail_default\">\n<p class=\"gmail_default\"><a href=\"http:\/\/serveiseducatius.xtec.cat\/baixllobregat5\/wp-content\/uploads\/usu1180\/2017\/05\/imatge-article.jpg\"><img loading=\"lazy\" decoding=\"async\" class=\"size-medium wp-image-11162 alignleft\" src=\"http:\/\/serveiseducatius.xtec.cat\/baixllobregat5\/wp-content\/uploads\/usu1180\/2017\/05\/imatge-article-300x201.jpg\" alt=\"imatge article\" width=\"300\" height=\"201\" srcset=\"https:\/\/serveiseducatius.xtec.cat\/baixllobregat5\/wp-content\/uploads\/usu1180\/2017\/05\/imatge-article-300x201.jpg 300w, https:\/\/serveiseducatius.xtec.cat\/baixllobregat5\/wp-content\/uploads\/usu1180\/2017\/05\/imatge-article.jpg 419w\" sizes=\"auto, (max-width: 300px) 100vw, 300px\" \/><\/a>El contingut del proc\u00e9s ha estat l\u2019estrat\u00e8gia d\u2019assessorament psicopedag\u00f2gic per a la millora de les pr\u00e0ctiques docents proposada per Lago i Onrubia (2008, 2011a, 2011b). El proc\u00e9s ha comportat la posada en marxa per part dels professionals participants de processos d\u2019assessorament dirigits a introduir millores concretes, des d\u2019una perspectiva inclusiva, en les pr\u00e0ctiques del professorat en els centres en qu\u00e8 intervenien habitualment, i l\u2019acompanyament i suport a aquests processos per part dels assessors\/formadors. El proc\u00e9s buscava tant l\u2019apropiaci\u00f3 de l\u2019estrat\u00e8gia per part dels professionals, incorporant-la a la seva pr\u00e0ctica assessora habitual, com el contrast i revisi\u00f3 de la pr\u00f2pia estrat\u00e8gia i de les idees que la fonamenten.<em><br \/>\n<\/em><\/p>\n<\/div>\n","protected":false},"excerpt":{"rendered":"<p>L\u2019article presenta un proc\u00e9s de formaci\u00f3 i treball conjunt realitzat al llarg de dos cursos acad\u00e8mics amb un grup de [&hellip;]<\/p>\n","protected":false},"author":1,"featured_media":11162,"comment_status":"open","ping_status":"open","sticky":false,"template":"","format":"standard","meta":{"_bbp_topic_count":0,"_bbp_reply_count":0,"_bbp_total_topic_count":0,"_bbp_total_reply_count":0,"_bbp_voice_count":0,"_bbp_anonymous_reply_count":0,"_bbp_topic_count_hidden":0,"_bbp_reply_count_hidden":0,"_bbp_forum_subforum_count":0,"site-sidebar-layout":"default","site-content-layout":"","ast-site-content-layout":"","site-content-style":"default","site-sidebar-style":"default","ast-global-header-display":"","ast-banner-title-visibility":"","ast-main-header-display":"","ast-hfb-above-header-display":"","ast-hfb-below-header-display":"","ast-hfb-mobile-header-display":"","site-post-title":"","ast-breadcrumbs-content":"","ast-featured-img":"","footer-sml-layout":"","theme-transparent-header-meta":"","adv-header-id-meta":"","stick-header-meta":"","header-above-stick-meta":"","header-main-stick-meta":"","header-below-stick-meta":"","astra-migrate-meta-layouts":"default","ast-page-background-enabled":"default","ast-page-background-meta":{"desktop":{"background-color":"var(--ast-global-color-4)","background-image":"","background-repeat":"repeat","background-position":"center center","background-size":"auto","background-attachment":"scroll","background-type":"","background-media":"","overlay-type":"","overlay-color":"","overlay-opacity":"","overlay-gradient":""},"tablet":{"background-color":"","background-image":"","background-repeat":"repeat","background-position":"center center","background-size":"auto","background-attachment":"scroll","background-type":"","background-media":"","overlay-type":"","overlay-color":"","overlay-opacity":"","overlay-gradient":""},"mobile":{"background-color":"","background-image":"","background-repeat":"repeat","background-position":"center center","background-size":"auto","background-attachment":"scroll","background-type":"","background-media":"","overlay-type":"","overlay-color":"","overlay-opacity":"","overlay-gradient":""}},"ast-content-background-meta":{"desktop":{"background-color":"var(--ast-global-color-5)","background-image":"","background-repeat":"repeat","background-position":"center center","background-size":"auto","background-attachment":"scroll","background-type":"","background-media":"","overlay-type":"","overlay-color":"","overlay-opacity":"","overlay-gradient":""},"tablet":{"background-color":"var(--ast-global-color-5)","background-image":"","background-repeat":"repeat","background-position":"center center","background-size":"auto","background-attachment":"scroll","background-type":"","background-media":"","overlay-type":"","overlay-color":"","overlay-opacity":"","overlay-gradient":""},"mobile":{"background-color":"var(--ast-global-color-5)","background-image":"","background-repeat":"repeat","background-position":"center center","background-size":"auto","background-attachment":"scroll","background-type":"","background-media":"","overlay-type":"","overlay-color":"","overlay-opacity":"","overlay-gradient":""}},"footnotes":""},"categories":[67],"tags":[751,750],"class_list":["post-11161","post","type-post","status-publish","format-standard","has-post-thumbnail","hentry","category-eap","tag-assessorament","tag-eap"],"post_mailing_queue_ids":[],"_links":{"self":[{"href":"https:\/\/serveiseducatius.xtec.cat\/baixllobregat5\/wp-json\/wp\/v2\/posts\/11161","targetHints":{"allow":["GET"]}}],"collection":[{"href":"https:\/\/serveiseducatius.xtec.cat\/baixllobregat5\/wp-json\/wp\/v2\/posts"}],"about":[{"href":"https:\/\/serveiseducatius.xtec.cat\/baixllobregat5\/wp-json\/wp\/v2\/types\/post"}],"author":[{"embeddable":true,"href":"https:\/\/serveiseducatius.xtec.cat\/baixllobregat5\/wp-json\/wp\/v2\/users\/1"}],"replies":[{"embeddable":true,"href":"https:\/\/serveiseducatius.xtec.cat\/baixllobregat5\/wp-json\/wp\/v2\/comments?post=11161"}],"version-history":[{"count":2,"href":"https:\/\/serveiseducatius.xtec.cat\/baixllobregat5\/wp-json\/wp\/v2\/posts\/11161\/revisions"}],"predecessor-version":[{"id":11164,"href":"https:\/\/serveiseducatius.xtec.cat\/baixllobregat5\/wp-json\/wp\/v2\/posts\/11161\/revisions\/11164"}],"wp:featuredmedia":[{"embeddable":true,"href":"https:\/\/serveiseducatius.xtec.cat\/baixllobregat5\/wp-json\/wp\/v2\/media\/11162"}],"wp:attachment":[{"href":"https:\/\/serveiseducatius.xtec.cat\/baixllobregat5\/wp-json\/wp\/v2\/media?parent=11161"}],"wp:term":[{"taxonomy":"category","embeddable":true,"href":"https:\/\/serveiseducatius.xtec.cat\/baixllobregat5\/wp-json\/wp\/v2\/categories?post=11161"},{"taxonomy":"post_tag","embeddable":true,"href":"https:\/\/serveiseducatius.xtec.cat\/baixllobregat5\/wp-json\/wp\/v2\/tags?post=11161"}],"curies":[{"name":"wp","href":"https:\/\/api.w.org\/{rel}","templated":true}]}}