{"id":11115,"date":"2017-05-03T11:55:53","date_gmt":"2017-05-03T09:55:53","guid":{"rendered":"http:\/\/serveiseducatius.xtec.cat\/baixllobregat5\/?p=11115"},"modified":"2018-11-19T11:05:03","modified_gmt":"2018-11-19T10:05:03","slug":"projecte-josep-maria-jujol-arquitecte-escola-espai-3","status":"publish","type":"post","link":"https:\/\/serveiseducatius.xtec.cat\/baixllobregat5\/general\/projecte-josep-maria-jujol-arquitecte-escola-espai-3\/","title":{"rendered":"Projecte Josep Maria Jujol, arquitecte. Escola Espai 3"},"content":{"rendered":"<p><em>L\u2019article ha estat elaborat gr\u00e0cies a la col\u00b7laboraci\u00f3 del professorat de l\u2019escola Espai 3.<\/em><\/p>\n<p><img loading=\"lazy\" decoding=\"async\" class=\"wp-image-11122 alignleft\" src=\"http:\/\/serveiseducatius.xtec.cat\/baixllobregat5\/wp-content\/uploads\/usu1180\/2017\/05\/aula-300x180.jpg\" alt=\"aula\" width=\"348\" height=\"209\" srcset=\"https:\/\/serveiseducatius.xtec.cat\/baixllobregat5\/wp-content\/uploads\/usu1180\/2017\/05\/aula-300x180.jpg 300w, https:\/\/serveiseducatius.xtec.cat\/baixllobregat5\/wp-content\/uploads\/usu1180\/2017\/05\/aula-768x461.jpg 768w, https:\/\/serveiseducatius.xtec.cat\/baixllobregat5\/wp-content\/uploads\/usu1180\/2017\/05\/aula-1024x614.jpg 1024w, https:\/\/serveiseducatius.xtec.cat\/baixllobregat5\/wp-content\/uploads\/usu1180\/2017\/05\/aula.jpg 1600w\" sizes=\"auto, (max-width: 348px) 100vw, 348px\" \/>El projecte \u201c<a href=\"http:\/\/xtec.gencat.cat\/ca\/projectes\/apadrinemnostrepatrimoni\/\" target=\"_blank\">Apadrinem el nostre patrimoni<\/a>\u201d, que desenvolupa l\u2019<a href=\"http:\/\/agora.xtec.cat\/ceip-espai3-sjdespi\/\" target=\"_blank\">escola Espai 3<\/a> conjuntament amb el Departament de Cultura i Ensenyament i amb el patrocini de l\u2019<a href=\"http:\/\/www.sjdespi.net\/wca\/\" target=\"_blank\">Ajuntament de Sant Joan Desp\u00ed<\/a>, es basa en la idea de l\u2019adopci\u00f3 de l\u2019<a href=\"https:\/\/ca.wikipedia.org\/wiki\/Josep_Maria_Jujol_i_Gibert\" target=\"_blank\">arquitecte Josep Maria Jujol i Gibert<\/a> i la seva obra per part del centre. Aix\u00f2 comporta donar-li valor i aprofundir en el seu coneixement des del punt de vista hist\u00f2ric, art\u00edstic, cultural o cient\u00edfic i fer que arribi a la pr\u00f2pia comunitat i a l\u2019entorn de l\u2019escola. Aquest projecte\u00a0pret\u00e9n dinamitzar el coneixement del patrimoni hist\u00f2ric, arqueol\u00f2gic i natural de cada municipi.<\/p>\n<p>&nbsp;<\/p>\n<p><img loading=\"lazy\" decoding=\"async\" class=\"size-medium wp-image-11135 alignright\" src=\"http:\/\/serveiseducatius.xtec.cat\/baixllobregat5\/wp-content\/uploads\/usu1180\/2017\/05\/treball-aula-300x194.jpg\" alt=\"treball aula\" width=\"300\" height=\"194\" srcset=\"https:\/\/serveiseducatius.xtec.cat\/baixllobregat5\/wp-content\/uploads\/usu1180\/2017\/05\/treball-aula-300x194.jpg 300w, https:\/\/serveiseducatius.xtec.cat\/baixllobregat5\/wp-content\/uploads\/usu1180\/2017\/05\/treball-aula.jpg 505w\" sizes=\"auto, (max-width: 300px) 100vw, 300px\" \/><strong>Els objectius que es planteja aquest projecte s\u00f3n els seg\u00fcents:<\/strong><\/p>\n<ul>\n<li>Aprofundir en el coneixement hist\u00f2ric, cultural, art\u00edstic i patrimonial de l\u2019entorn proper<\/li>\n<li>Emprar el patrimoni com a recurs did\u00e0ctic<\/li>\n<li>Facilitar eines metodol\u00f2giques adre\u00e7ades a l\u2019ensenyament competencial<\/li>\n<li>Implicar els estudiants en el coneixement \u00a0i preservaci\u00f3 del patrimoni cultural i natural<\/li>\n<li>Promoure la participaci\u00f3 ciutadana activa i\u00a0responsable dels infants .<\/li>\n<\/ul>\n<p>L\u2019apadrinament l\u2019ha realitzat tota l\u2019escola, des de P-3 fins a sis\u00e8: han fet activitats, incloses al\u00a0curr\u00edculum escolar, relacionades amb l\u2019arquitecte i el seu vincle amb el municip de Sant Joan Desp\u00ed. La tasca t\u00e9 relaci\u00f3 amb el patrimoni apadrinat i tamb\u00e9 amb la seva protecci\u00f3 i difusi\u00f3. Tot el treball elaborat es pot consultar al seg\u00fcent web: \u00a0<a href=\"http:\/\/agora.xtec.cat\/ceip-espai3-sjdespi\/categoria\/patrimoni\/\" target=\"_blank\">Escola Espai 3<\/a><\/p>\n<p><strong>Cada cicle al seu nivell<\/strong><\/p>\n<p><a href=\"http:\/\/serveiseducatius.xtec.cat\/baixllobregat5\/wp-content\/uploads\/usu1180\/2017\/05\/3.png\"><img loading=\"lazy\" decoding=\"async\" class=\"size-medium wp-image-11120 alignleft\" src=\"http:\/\/serveiseducatius.xtec.cat\/baixllobregat5\/wp-content\/uploads\/usu1180\/2017\/05\/3-300x231.png\" alt=\"3\" width=\"300\" height=\"231\" srcset=\"https:\/\/serveiseducatius.xtec.cat\/baixllobregat5\/wp-content\/uploads\/usu1180\/2017\/05\/3-300x231.png 300w, https:\/\/serveiseducatius.xtec.cat\/baixllobregat5\/wp-content\/uploads\/usu1180\/2017\/05\/3.png 742w\" sizes=\"auto, (max-width: 300px) 100vw, 300px\" \/><\/a>L&#8217;alumnat <strong>d\u2019Educaci\u00f3 infantil i cicle inicial <\/strong>ha portat a terme un treball de camp i han fet nombroses visites a les diferents cases, torres i estructures que l\u2019arquitecte va fer a Sant Joan Desp\u00ed.\u00a0 Com que va ser un excel\u00b7lent aquarel\u00b7lista i dibuixant, els alumnes m\u00e9s petits de l\u2019escola han imitat a peu de carrer la seva manera de treballar.<\/p>\n<p>Posteriorment a l\u2019escola han recreat pl\u00e0sticament els volums, els colors i els esgrafiats.<a href=\"http:\/\/serveiseducatius.xtec.cat\/baixllobregat5\/wp-content\/uploads\/usu1180\/2017\/05\/decoraci\u00f3-can-negre.png\"><img loading=\"lazy\" decoding=\"async\" class=\"aligncenter wp-image-11124\" src=\"http:\/\/serveiseducatius.xtec.cat\/baixllobregat5\/wp-content\/uploads\/usu1180\/2017\/05\/decoraci\u00f3-can-negre-300x55.png\" alt=\"decoraci\u00f3 can negre\" width=\"557\" height=\"102\" srcset=\"https:\/\/serveiseducatius.xtec.cat\/baixllobregat5\/wp-content\/uploads\/usu1180\/2017\/05\/decoraci\u00f3-can-negre-300x55.png 300w, https:\/\/serveiseducatius.xtec.cat\/baixllobregat5\/wp-content\/uploads\/usu1180\/2017\/05\/decoraci\u00f3-can-negre-768x141.png 768w, https:\/\/serveiseducatius.xtec.cat\/baixllobregat5\/wp-content\/uploads\/usu1180\/2017\/05\/decoraci\u00f3-can-negre-1024x188.png 1024w, https:\/\/serveiseducatius.xtec.cat\/baixllobregat5\/wp-content\/uploads\/usu1180\/2017\/05\/decoraci\u00f3-can-negre.png 1463w\" sizes=\"auto, (max-width: 557px) 100vw, 557px\" \/><\/a>Els alumnes de primer i segon s&#8217;han encarregat de la decoraci\u00f3 de l\u2019entrada a l\u2019escola, tot fent una reproducci\u00f3 de Can Negre:<\/p>\n<p><a href=\"http:\/\/serveiseducatius.xtec.cat\/baixllobregat5\/wp-content\/uploads\/usu1180\/2017\/05\/5.png\"><img loading=\"lazy\" decoding=\"async\" class=\"aligncenter wp-image-11125\" src=\"http:\/\/serveiseducatius.xtec.cat\/baixllobregat5\/wp-content\/uploads\/usu1180\/2017\/05\/5-300x69.png\" alt=\"5\" width=\"569\" height=\"131\" srcset=\"https:\/\/serveiseducatius.xtec.cat\/baixllobregat5\/wp-content\/uploads\/usu1180\/2017\/05\/5-300x69.png 300w, https:\/\/serveiseducatius.xtec.cat\/baixllobregat5\/wp-content\/uploads\/usu1180\/2017\/05\/5-768x177.png 768w, https:\/\/serveiseducatius.xtec.cat\/baixllobregat5\/wp-content\/uploads\/usu1180\/2017\/05\/5-1024x237.png 1024w, https:\/\/serveiseducatius.xtec.cat\/baixllobregat5\/wp-content\/uploads\/usu1180\/2017\/05\/5.png 1350w\" sizes=\"auto, (max-width: 569px) 100vw, 569px\" \/><\/a>L&#8217;alumnat de cicle mitj\u00e0 ha participat de la <strong>Visita guiada a <a href=\"https:\/\/ca.wikipedia.org\/wiki\/Can_Negre\" target=\"_blank\">Can Negre<\/a> o la <a href=\"https:\/\/ca.wikipedia.org\/wiki\/Torre_de_la_Creu\" target=\"_blank\">Torre de la Creu<\/a> amb taller d\u2019esgrafiat o trencad\u00eds ofertat per l\u2019ajuntament de Sant Joan Desp\u00ed, que conformar\u00e0 en un futur part de la decoraci\u00f3 fixa i definitiva del Hall de l\u2019escola<\/strong><strong><br \/>\n<\/strong>L\u2019objectiu ha estat recon\u00e8ixer elements ornamentals del modernisme aplicats a l\u2019arquitectura de\u00a0<strong>Josep Maria Jujol<\/strong> i reproduir-los<\/p>\n<p><a href=\"http:\/\/serveiseducatius.xtec.cat\/baixllobregat5\/wp-content\/uploads\/usu1180\/2017\/05\/rajoles.png\"><img loading=\"lazy\" decoding=\"async\" class=\"aligncenter size-medium wp-image-11126\" src=\"http:\/\/serveiseducatius.xtec.cat\/baixllobregat5\/wp-content\/uploads\/usu1180\/2017\/05\/rajoles-300x178.png\" alt=\"rajoles\" width=\"300\" height=\"178\" srcset=\"https:\/\/serveiseducatius.xtec.cat\/baixllobregat5\/wp-content\/uploads\/usu1180\/2017\/05\/rajoles-300x178.png 300w, https:\/\/serveiseducatius.xtec.cat\/baixllobregat5\/wp-content\/uploads\/usu1180\/2017\/05\/rajoles-768x455.png 768w, https:\/\/serveiseducatius.xtec.cat\/baixllobregat5\/wp-content\/uploads\/usu1180\/2017\/05\/rajoles-1024x606.png 1024w, https:\/\/serveiseducatius.xtec.cat\/baixllobregat5\/wp-content\/uploads\/usu1180\/2017\/05\/rajoles.png 1334w\" sizes=\"auto, (max-width: 300px) 100vw, 300px\" \/><\/a>El cicle superior ha realitzat l\u2019<strong>Itinerari modernista per Sant Joan Desp\u00ed ofertat per l\u2019Ajuntament.<\/strong><br \/>\nEn aquesta visita guiada per\u00a0<strong>Sant Joan Desp\u00ed<\/strong>\u00a0per descobrir la Torre de la Creu, Can Negre, <a href=\"http:\/\/serveiseducatius.xtec.cat\/baixllobregat5\/wp-content\/uploads\/usu1180\/2017\/05\/plaza.png\"><img loading=\"lazy\" decoding=\"async\" class=\"size-medium wp-image-11127 alignleft\" src=\"http:\/\/serveiseducatius.xtec.cat\/baixllobregat5\/wp-content\/uploads\/usu1180\/2017\/05\/plaza-300x252.png\" alt=\"plaza\" width=\"300\" height=\"252\" srcset=\"https:\/\/serveiseducatius.xtec.cat\/baixllobregat5\/wp-content\/uploads\/usu1180\/2017\/05\/plaza-300x252.png 300w, https:\/\/serveiseducatius.xtec.cat\/baixllobregat5\/wp-content\/uploads\/usu1180\/2017\/05\/plaza.png 612w\" sizes=\"auto, (max-width: 300px) 100vw, 300px\" \/><\/a>la Torre Serra-Xaus, la Torre Jujol, l\u2019Esgl\u00e9sia de Sant Joan Baptista, la fa\u00e7ana de la Casa Rovira i la porta del taller Josep Oliver es va establir com a objectiu con\u00e8ixer la figura de\u00a0<a href=\"https:\/\/ca.wikipedia.org\/wiki\/Josep_Maria_Jujol_i_Gibert\" target=\"_blank\"><strong>Josep Maria Jujol<\/strong><\/a> i l\u2019obra arquitect\u00f2nica que va dur a terme a la ciutat, aix\u00ed com l\u2019entorn hist\u00f2ric i el moviment modernista.<\/p>\n<p>Els alumnes, despr\u00e9s d\u2019escoltar una breu explicaci\u00f3 de cada edifici, els van documentar fent fotografies i v\u00eddeos com a veritables reporters amb els iPads. Amb aquest material s&#8217;ha realitzat un treball posterior a l\u2019aula.<\/p>\n<table style=\"height: 549px;\" width=\"906\">\n<tbody>\n<tr>\n<td style=\"text-align: center; width: 281.5px;\"><a href=\"http:\/\/serveiseducatius.xtec.cat\/baixllobregat5\/wp-content\/uploads\/usu1180\/2017\/05\/aula1.jpg\"><img loading=\"lazy\" decoding=\"async\" class=\"wp-image-11129\" src=\"http:\/\/serveiseducatius.xtec.cat\/baixllobregat5\/wp-content\/uploads\/usu1180\/2017\/05\/aula1-300x225.jpg\" alt=\"aula1\" width=\"257\" height=\"193\" srcset=\"https:\/\/serveiseducatius.xtec.cat\/baixllobregat5\/wp-content\/uploads\/usu1180\/2017\/05\/aula1-300x225.jpg 300w, https:\/\/serveiseducatius.xtec.cat\/baixllobregat5\/wp-content\/uploads\/usu1180\/2017\/05\/aula1-200x150.jpg 200w, https:\/\/serveiseducatius.xtec.cat\/baixllobregat5\/wp-content\/uploads\/usu1180\/2017\/05\/aula1.jpg 670w\" sizes=\"auto, (max-width: 257px) 100vw, 257px\" \/><\/a><\/td>\n<td style=\"width: 325.217px;\"><a href=\"http:\/\/serveiseducatius.xtec.cat\/baixllobregat5\/wp-content\/uploads\/usu1180\/2017\/05\/aula2.jpg\"><img loading=\"lazy\" decoding=\"async\" class=\"aligncenter size-medium wp-image-11130\" src=\"http:\/\/serveiseducatius.xtec.cat\/baixllobregat5\/wp-content\/uploads\/usu1180\/2017\/05\/aula2-300x196.jpg\" alt=\"aula2\" width=\"300\" height=\"196\" srcset=\"https:\/\/serveiseducatius.xtec.cat\/baixllobregat5\/wp-content\/uploads\/usu1180\/2017\/05\/aula2-300x196.jpg 300w, https:\/\/serveiseducatius.xtec.cat\/baixllobregat5\/wp-content\/uploads\/usu1180\/2017\/05\/aula2-768x503.jpg 768w, https:\/\/serveiseducatius.xtec.cat\/baixllobregat5\/wp-content\/uploads\/usu1180\/2017\/05\/aula2.jpg 811w\" sizes=\"auto, (max-width: 300px) 100vw, 300px\" \/><\/a><\/td>\n<td style=\"width: 289.617px;\"><a href=\"http:\/\/serveiseducatius.xtec.cat\/baixllobregat5\/wp-content\/uploads\/usu1180\/2017\/05\/aula5.jpg\"><img loading=\"lazy\" decoding=\"async\" class=\"aligncenter wp-image-11133\" src=\"http:\/\/serveiseducatius.xtec.cat\/baixllobregat5\/wp-content\/uploads\/usu1180\/2017\/05\/aula5-300x225.jpg\" alt=\"aula5\" width=\"265\" height=\"199\" srcset=\"https:\/\/serveiseducatius.xtec.cat\/baixllobregat5\/wp-content\/uploads\/usu1180\/2017\/05\/aula5-300x225.jpg 300w, https:\/\/serveiseducatius.xtec.cat\/baixllobregat5\/wp-content\/uploads\/usu1180\/2017\/05\/aula5-200x150.jpg 200w, https:\/\/serveiseducatius.xtec.cat\/baixllobregat5\/wp-content\/uploads\/usu1180\/2017\/05\/aula5.jpg 749w\" sizes=\"auto, (max-width: 265px) 100vw, 265px\" \/><\/a><\/td>\n<\/tr>\n<tr>\n<td style=\"width: 281.5px;\"><a href=\"http:\/\/serveiseducatius.xtec.cat\/baixllobregat5\/wp-content\/uploads\/usu1180\/2017\/05\/aula3.jpg\"><img loading=\"lazy\" decoding=\"async\" class=\"aligncenter wp-image-11131\" src=\"http:\/\/serveiseducatius.xtec.cat\/baixllobregat5\/wp-content\/uploads\/usu1180\/2017\/05\/aula3-193x300.jpg\" alt=\"aula3\" width=\"170\" height=\"264\" srcset=\"https:\/\/serveiseducatius.xtec.cat\/baixllobregat5\/wp-content\/uploads\/usu1180\/2017\/05\/aula3-193x300.jpg 193w, https:\/\/serveiseducatius.xtec.cat\/baixllobregat5\/wp-content\/uploads\/usu1180\/2017\/05\/aula3.jpg 484w\" sizes=\"auto, (max-width: 170px) 100vw, 170px\" \/><\/a><\/td>\n<td style=\"width: 325.217px;\"><a href=\"http:\/\/serveiseducatius.xtec.cat\/baixllobregat5\/wp-content\/uploads\/usu1180\/2017\/05\/aula4.jpg\"><img loading=\"lazy\" decoding=\"async\" class=\"aligncenter wp-image-11132\" src=\"http:\/\/serveiseducatius.xtec.cat\/baixllobregat5\/wp-content\/uploads\/usu1180\/2017\/05\/aula4-270x300.jpg\" alt=\"aula4\" width=\"241\" height=\"267\" srcset=\"https:\/\/serveiseducatius.xtec.cat\/baixllobregat5\/wp-content\/uploads\/usu1180\/2017\/05\/aula4-270x300.jpg 270w, https:\/\/serveiseducatius.xtec.cat\/baixllobregat5\/wp-content\/uploads\/usu1180\/2017\/05\/aula4.jpg 617w\" sizes=\"auto, (max-width: 241px) 100vw, 241px\" \/><\/a><\/td>\n<td style=\"width: 289.617px;\"><a href=\"http:\/\/serveiseducatius.xtec.cat\/baixllobregat5\/wp-content\/uploads\/usu1180\/2017\/05\/aula6.jpg\"><img loading=\"lazy\" decoding=\"async\" class=\"aligncenter wp-image-11134\" src=\"http:\/\/serveiseducatius.xtec.cat\/baixllobregat5\/wp-content\/uploads\/usu1180\/2017\/05\/aula6-300x267.jpg\" alt=\"aula6\" width=\"241\" height=\"214\" srcset=\"https:\/\/serveiseducatius.xtec.cat\/baixllobregat5\/wp-content\/uploads\/usu1180\/2017\/05\/aula6-300x267.jpg 300w, https:\/\/serveiseducatius.xtec.cat\/baixllobregat5\/wp-content\/uploads\/usu1180\/2017\/05\/aula6.jpg 698w\" sizes=\"auto, (max-width: 241px) 100vw, 241px\" \/><\/a><\/td>\n<\/tr>\n<\/tbody>\n<\/table>\n","protected":false},"excerpt":{"rendered":"<p>L\u2019escola Espai 3  de Sant Joan Desp\u00ed participa en el projecte  \u201cApadrinem el nostre patrimoni\u201d : l&#8217;arquitectura de Jujol.<\/p>\n","protected":false},"author":1,"featured_media":11128,"comment_status":"open","ping_status":"open","sticky":false,"template":"","format":"standard","meta":{"_bbp_topic_count":0,"_bbp_reply_count":0,"_bbp_total_topic_count":0,"_bbp_total_reply_count":0,"_bbp_voice_count":0,"_bbp_anonymous_reply_count":0,"_bbp_topic_count_hidden":0,"_bbp_reply_count_hidden":0,"_bbp_forum_subforum_count":0,"site-sidebar-layout":"default","site-content-layout":"","ast-site-content-layout":"","site-content-style":"default","site-sidebar-style":"default","ast-global-header-display":"","ast-banner-title-visibility":"","ast-main-header-display":"","ast-hfb-above-header-display":"","ast-hfb-below-header-display":"","ast-hfb-mobile-header-display":"","site-post-title":"","ast-breadcrumbs-content":"","ast-featured-img":"","footer-sml-layout":"","theme-transparent-header-meta":"","adv-header-id-meta":"","stick-header-meta":"","header-above-stick-meta":"","header-main-stick-meta":"","header-below-stick-meta":"","astra-migrate-meta-layouts":"default","ast-page-background-enabled":"default","ast-page-background-meta":{"desktop":{"background-color":"var(--ast-global-color-4)","background-image":"","background-repeat":"repeat","background-position":"center center","background-size":"auto","background-attachment":"scroll","background-type":"","background-media":"","overlay-type":"","overlay-color":"","overlay-opacity":"","overlay-gradient":""},"tablet":{"background-color":"","background-image":"","background-repeat":"repeat","background-position":"center center","background-size":"auto","background-attachment":"scroll","background-type":"","background-media":"","overlay-type":"","overlay-color":"","overlay-opacity":"","overlay-gradient":""},"mobile":{"background-color":"","background-image":"","background-repeat":"repeat","background-position":"center center","background-size":"auto","background-attachment":"scroll","background-type":"","background-media":"","overlay-type":"","overlay-color":"","overlay-opacity":"","overlay-gradient":""}},"ast-content-background-meta":{"desktop":{"background-color":"var(--ast-global-color-5)","background-image":"","background-repeat":"repeat","background-position":"center center","background-size":"auto","background-attachment":"scroll","background-type":"","background-media":"","overlay-type":"","overlay-color":"","overlay-opacity":"","overlay-gradient":""},"tablet":{"background-color":"var(--ast-global-color-5)","background-image":"","background-repeat":"repeat","background-position":"center center","background-size":"auto","background-attachment":"scroll","background-type":"","background-media":"","overlay-type":"","overlay-color":"","overlay-opacity":"","overlay-gradient":""},"mobile":{"background-color":"var(--ast-global-color-5)","background-image":"","background-repeat":"repeat","background-position":"center center","background-size":"auto","background-attachment":"scroll","background-type":"","background-media":"","overlay-type":"","overlay-color":"","overlay-opacity":"","overlay-gradient":""}},"footnotes":""},"categories":[1],"tags":[411,749,716,380,463],"class_list":["post-11115","post","type-post","status-publish","format-standard","has-post-thumbnail","hentry","category-general","tag-escola-espai-3","tag-jujol","tag-patrimoni","tag-primaria","tag-sant-joan-despi"],"post_mailing_queue_ids":[],"_links":{"self":[{"href":"https:\/\/serveiseducatius.xtec.cat\/baixllobregat5\/wp-json\/wp\/v2\/posts\/11115","targetHints":{"allow":["GET"]}}],"collection":[{"href":"https:\/\/serveiseducatius.xtec.cat\/baixllobregat5\/wp-json\/wp\/v2\/posts"}],"about":[{"href":"https:\/\/serveiseducatius.xtec.cat\/baixllobregat5\/wp-json\/wp\/v2\/types\/post"}],"author":[{"embeddable":true,"href":"https:\/\/serveiseducatius.xtec.cat\/baixllobregat5\/wp-json\/wp\/v2\/users\/1"}],"replies":[{"embeddable":true,"href":"https:\/\/serveiseducatius.xtec.cat\/baixllobregat5\/wp-json\/wp\/v2\/comments?post=11115"}],"version-history":[{"count":3,"href":"https:\/\/serveiseducatius.xtec.cat\/baixllobregat5\/wp-json\/wp\/v2\/posts\/11115\/revisions"}],"predecessor-version":[{"id":11159,"href":"https:\/\/serveiseducatius.xtec.cat\/baixllobregat5\/wp-json\/wp\/v2\/posts\/11115\/revisions\/11159"}],"wp:featuredmedia":[{"embeddable":true,"href":"https:\/\/serveiseducatius.xtec.cat\/baixllobregat5\/wp-json\/wp\/v2\/media\/11128"}],"wp:attachment":[{"href":"https:\/\/serveiseducatius.xtec.cat\/baixllobregat5\/wp-json\/wp\/v2\/media?parent=11115"}],"wp:term":[{"taxonomy":"category","embeddable":true,"href":"https:\/\/serveiseducatius.xtec.cat\/baixllobregat5\/wp-json\/wp\/v2\/categories?post=11115"},{"taxonomy":"post_tag","embeddable":true,"href":"https:\/\/serveiseducatius.xtec.cat\/baixllobregat5\/wp-json\/wp\/v2\/tags?post=11115"}],"curies":[{"name":"wp","href":"https:\/\/api.w.org\/{rel}","templated":true}]}}