{"id":10796,"date":"2017-03-29T11:47:23","date_gmt":"2017-03-29T09:47:23","guid":{"rendered":"http:\/\/serveiseducatius.xtec.cat\/baixllobregat5\/?p=10796"},"modified":"2017-03-30T12:54:41","modified_gmt":"2017-03-30T10:54:41","slug":"lliurament-de-premis-de-la-xii-mostra-de-t-recerca-a-sant-joan-despi","status":"publish","type":"post","link":"https:\/\/serveiseducatius.xtec.cat\/baixllobregat5\/dinamitzacio\/mostra-treballs-de-recerca\/lliurament-de-premis-de-la-xii-mostra-de-t-recerca-a-sant-joan-despi\/","title":{"rendered":"Lliurament de premis de la XII mostra de T.Recerca  a Sant Joan Desp\u00ed"},"content":{"rendered":"<p><a href=\"http:\/\/serveiseducatius.xtec.cat\/baixllobregat5\/wp-content\/uploads\/usu1180\/2017\/03\/IMG-20170328-WA0002.jpg\"><img loading=\"lazy\" decoding=\"async\" class=\"size-medium wp-image-10798 alignleft\" src=\"http:\/\/serveiseducatius.xtec.cat\/baixllobregat5\/wp-content\/uploads\/usu1180\/2017\/03\/IMG-20170328-WA0002-300x223.jpg\" alt=\"img-20170328-wa0002\" width=\"300\" height=\"223\" \/><\/a>El dia 29 de mar\u00e7 a les 19 hores es va procedir al <a href=\"http:\/\/serveiseducatius.xtec.cat\/baixllobregat5\/dinamitzacio\/mostra-treballs-de-recerca\/mostra-de-treballs-de-recerca-ciutat-de-sant-joan-despi-edicio-2017\/\" target=\"_blank\">lliurament de premis<\/a> de la <a href=\"http:\/\/serveiseducatius.xtec.cat\/baixllobregat5\/treballs-de-recerca-2016-2017\/\" target=\"_blank\">dotzena Mostra de Treballs de Recerca de la Ciutat de Sant Joan Desp\u00ed.<\/a><\/p>\n<p>El proc\u00e9s de selecci\u00f3 va comen\u00e7ar al mes de desembre amb la constituci\u00f3 d\u2019una Comissi\u00f3 Organitzadora formada per representants dels tres instituts, el Departament d\u2019Educaci\u00f3 i el Servei Educatiu (CRP). Cada centre va seleccinar 5 treballs.<\/p>\n<p>Els 15 treballs han estat valorats per un jurat format de 15 persones representatives de diferents \u00e0mbits de la Ciutat i presidit per la Sra N\u00faria Ros, Regidora d\u2019Educaci\u00f3, Inf\u00e0ncia, Fam\u00edlia i Joventut.<\/p>\n<p>El lliurament de premis es va realitzar a l\u2019\u00c0rea de Serveis a la Persona i va comptar amb la pres\u00e8ncia del Sr Antoni Poveda, alcalde de la Ciutat, la Sra Imma Colom, inspectora d\u2019Educaci\u00f3 i la Sra N\u00faria Ros.<\/p>\n<p>A l\u2019acte estaven\u00a0 convidats tots els finalistes, les seves fam\u00edlies i els representants dels tres instituts, aix\u00ed com el jurat de la mostra.<\/p>\n","protected":false},"excerpt":{"rendered":"<p>El dia 29 de mar\u00e7 a les 19 hores es va procedir al lliurament de premis de la dotzena Mostra [&hellip;]<\/p>\n","protected":false},"author":1,"featured_media":10798,"comment_status":"open","ping_status":"open","sticky":false,"template":"","format":"standard","meta":{"_bbp_topic_count":0,"_bbp_reply_count":0,"_bbp_total_topic_count":0,"_bbp_total_reply_count":0,"_bbp_voice_count":0,"_bbp_anonymous_reply_count":0,"_bbp_topic_count_hidden":0,"_bbp_reply_count_hidden":0,"_bbp_forum_subforum_count":0,"site-sidebar-layout":"default","site-content-layout":"","ast-site-content-layout":"","site-content-style":"default","site-sidebar-style":"default","ast-global-header-display":"","ast-banner-title-visibility":"","ast-main-header-display":"","ast-hfb-above-header-display":"","ast-hfb-below-header-display":"","ast-hfb-mobile-header-display":"","site-post-title":"","ast-breadcrumbs-content":"","ast-featured-img":"","footer-sml-layout":"","theme-transparent-header-meta":"","adv-header-id-meta":"","stick-header-meta":"","header-above-stick-meta":"","header-main-stick-meta":"","header-below-stick-meta":"","astra-migrate-meta-layouts":"default","ast-page-background-enabled":"default","ast-page-background-meta":{"desktop":{"background-color":"var(--ast-global-color-4)","background-image":"","background-repeat":"repeat","background-position":"center center","background-size":"auto","background-attachment":"scroll","background-type":"","background-media":"","overlay-type":"","overlay-color":"","overlay-opacity":"","overlay-gradient":""},"tablet":{"background-color":"","background-image":"","background-repeat":"repeat","background-position":"center center","background-size":"auto","background-attachment":"scroll","background-type":"","background-media":"","overlay-type":"","overlay-color":"","overlay-opacity":"","overlay-gradient":""},"mobile":{"background-color":"","background-image":"","background-repeat":"repeat","background-position":"center center","background-size":"auto","background-attachment":"scroll","background-type":"","background-media":"","overlay-type":"","overlay-color":"","overlay-opacity":"","overlay-gradient":""}},"ast-content-background-meta":{"desktop":{"background-color":"var(--ast-global-color-5)","background-image":"","background-repeat":"repeat","background-position":"center center","background-size":"auto","background-attachment":"scroll","background-type":"","background-media":"","overlay-type":"","overlay-color":"","overlay-opacity":"","overlay-gradient":""},"tablet":{"background-color":"var(--ast-global-color-5)","background-image":"","background-repeat":"repeat","background-position":"center center","background-size":"auto","background-attachment":"scroll","background-type":"","background-media":"","overlay-type":"","overlay-color":"","overlay-opacity":"","overlay-gradient":""},"mobile":{"background-color":"var(--ast-global-color-5)","background-image":"","background-repeat":"repeat","background-position":"center center","background-size":"auto","background-attachment":"scroll","background-type":"","background-media":"","overlay-type":"","overlay-color":"","overlay-opacity":"","overlay-gradient":""}},"footnotes":""},"categories":[70,535],"tags":[249,366,720,719],"class_list":["post-10796","post","type-post","status-publish","format-standard","has-post-thumbnail","hentry","category-mostra-treballs-de-recerca","category-portada","tag-batxillerat","tag-mostra","tag-sqant-joan-despi","tag-treballs-de-recerca"],"post_mailing_queue_ids":[],"_links":{"self":[{"href":"https:\/\/serveiseducatius.xtec.cat\/baixllobregat5\/wp-json\/wp\/v2\/posts\/10796","targetHints":{"allow":["GET"]}}],"collection":[{"href":"https:\/\/serveiseducatius.xtec.cat\/baixllobregat5\/wp-json\/wp\/v2\/posts"}],"about":[{"href":"https:\/\/serveiseducatius.xtec.cat\/baixllobregat5\/wp-json\/wp\/v2\/types\/post"}],"author":[{"embeddable":true,"href":"https:\/\/serveiseducatius.xtec.cat\/baixllobregat5\/wp-json\/wp\/v2\/users\/1"}],"replies":[{"embeddable":true,"href":"https:\/\/serveiseducatius.xtec.cat\/baixllobregat5\/wp-json\/wp\/v2\/comments?post=10796"}],"version-history":[{"count":3,"href":"https:\/\/serveiseducatius.xtec.cat\/baixllobregat5\/wp-json\/wp\/v2\/posts\/10796\/revisions"}],"predecessor-version":[{"id":10819,"href":"https:\/\/serveiseducatius.xtec.cat\/baixllobregat5\/wp-json\/wp\/v2\/posts\/10796\/revisions\/10819"}],"wp:featuredmedia":[{"embeddable":true,"href":"https:\/\/serveiseducatius.xtec.cat\/baixllobregat5\/wp-json\/wp\/v2\/media\/10798"}],"wp:attachment":[{"href":"https:\/\/serveiseducatius.xtec.cat\/baixllobregat5\/wp-json\/wp\/v2\/media?parent=10796"}],"wp:term":[{"taxonomy":"category","embeddable":true,"href":"https:\/\/serveiseducatius.xtec.cat\/baixllobregat5\/wp-json\/wp\/v2\/categories?post=10796"},{"taxonomy":"post_tag","embeddable":true,"href":"https:\/\/serveiseducatius.xtec.cat\/baixllobregat5\/wp-json\/wp\/v2\/tags?post=10796"}],"curies":[{"name":"wp","href":"https:\/\/api.w.org\/{rel}","templated":true}]}}