{"id":9760,"date":"2021-01-26T09:10:52","date_gmt":"2021-01-26T08:10:52","guid":{"rendered":"http:\/\/serveiseducatius.xtec.cat\/baixllobregat4\/?p=9760"},"modified":"2021-03-17T10:51:49","modified_gmt":"2021-03-17T09:51:49","slug":"jornada-radio-escola-i-comunitat-per-una-educacio-participativa-critica-i-creativa","status":"publish","type":"post","link":"https:\/\/serveiseducatius.xtec.cat\/baixllobregat4\/general\/jornada-radio-escola-i-comunitat-per-una-educacio-participativa-critica-i-creativa\/","title":{"rendered":"Jornada R\u00e0dio, Escola i Comunitat. Per una educaci\u00f3 participativa, cr\u00edtica i creativa"},"content":{"rendered":"<p style=\"font-weight: 400;\"><img loading=\"lazy\" decoding=\"async\" class=\"wp-image-9767 alignright\" src=\"https:\/\/serveiseducatius.xtec.cat\/baixllobregat4\/wp-content\/uploads\/usu1181\/2021\/01\/201231_CARTELL_waitala_pantalla_0.png\" alt=\"\" width=\"408\" height=\"577\" srcset=\"https:\/\/serveiseducatius.xtec.cat\/baixllobregat4\/wp-content\/uploads\/usu1181\/2021\/01\/201231_CARTELL_waitala_pantalla_0.png 836w, https:\/\/serveiseducatius.xtec.cat\/baixllobregat4\/wp-content\/uploads\/usu1181\/2021\/01\/201231_CARTELL_waitala_pantalla_0-212x300.png 212w, https:\/\/serveiseducatius.xtec.cat\/baixllobregat4\/wp-content\/uploads\/usu1181\/2021\/01\/201231_CARTELL_waitala_pantalla_0-768x1085.png 768w, https:\/\/serveiseducatius.xtec.cat\/baixllobregat4\/wp-content\/uploads\/usu1181\/2021\/01\/201231_CARTELL_waitala_pantalla_0-725x1024.png 725w\" sizes=\"auto, (max-width: 408px) 100vw, 408px\" \/>En el marc del Programa <strong><em>Tenim la<\/em>\u00a0<\/strong><em><strong>Paraula <\/strong><\/em>del Departament\u00a0 d&#8217;Educaci\u00f3 i conjuntament amb el Consell de l&#8217;Audiovisual de Catalunya, s&#8217;organitza la <a href=\"https:\/\/www.educac.cat\/jornada-virtual-radio-escola-i-comunitat-una-educacio-participativa-critica-i-creativa\" target=\"_blank\" rel=\"noopener noreferrer\"><strong><em>Jornada R\u00e0dio, Escola i Comunitat<\/em><\/strong><\/a>, el proper <strong>24 de febrer, <\/strong>en format online.<\/p>\n<p><a href=\"https:\/\/aplicacions.gestioeducativa.gencat.cat\/pls\/soloas\/pk_for_mod_ins.p_for_detall_activitat?p_codi=9001420555&amp;p_curs=2020-2021&amp;p_es_inscr=S\" target=\"_blank\" rel=\"noopener noreferrer\" data-saferedirecturl=\"https:\/\/www.google.com\/url?q=https:\/\/aplicacions.gestioeducativa.gencat.cat\/pls\/soloas\/pk_for_mod_ins.p_for_detall_activitat?p_codi%3D9001420555%26p_curs%3D2020-2021%26p_es_inscr%3DS&amp;source=gmail&amp;ust=1611732246356000&amp;usg=AFQjCNFatnHNX8jlHlAKamYXBXjWv7p--g\">INSCRIPCIONS<\/a> (fins el 22 de febrer)<\/p>\n<p style=\"font-weight: 400;\">Descobrim la r\u00e0dio com una eina pedag\u00f2gica que facilita l\u2019articulaci\u00f3 dels diferents espais curriculars amb la producci\u00f3 de continguts radiof\u00f2nics significatius per l&#8217;alumnat i per tota la comunitat educativa. La r\u00e0dio permet estimular les habilitats comunicatives orals i escrites, la creativitat i el pensament cr\u00edtic, el treball en equip i per projectes, el vincle amb les fam\u00edlies i amb l&#8217;entorn social, malgrat els temps de pand\u00e8mia.<\/p>\n<p style=\"font-weight: 400;\">A m\u00e9s, si formes part d&#8217;una r\u00e0dio local, un ajuntament, una entitat, o simplement ets una persona amb ganes de saber m\u00e9s sobre el m\u00f3n de les emissores escolars, la jornada tamb\u00e9 est\u00e0 oberta a tu. Hi ha pon\u00e8ncies, per exemple, sobre com articular projectes educatius en qu\u00e8 intervinguin diferents actors: emissores escolars i locals, ajuntaments, entitats, etc.<\/p>\n<p style=\"font-weight: 400;\">Compartim el <strong>programa<\/strong> de la jornada:<\/p>\n<ul>\n<li>de 9 a 10h. Benvinguda + programa de r\u00e0dio.<\/li>\n<li>de 10 a 11h. Bones experi\u00e8ncies i recursos. Un espai on es presentaran iniciatives que tenen una interessant pr\u00e0ctica radiof\u00f2nica en entorns educatius i en contextos complexos com els actuals<\/li>\n<li>de 11 a 11\u201930h. Pausa amb projecci\u00f3 audiovisual<\/li>\n<li>de 11\u201930 a 12\u201930h. Taula rodona \u00abLa r\u00e0dio escolar m\u00e9s enll\u00e0 de l\u2019escola\u00bb<\/li>\n<li>de 12\u201930 a 13h. Enquesta de valoraci\u00f3 + comentari dels assistents<\/li>\n<\/ul>\n<h4>\ud83c\udfa5\u00a0Visualitza el seminari web en diferit<\/h4>\n<p>Us facilitem la <a href=\"http:\/\/comsoc.cat\/news\/ca\/2021\/03\/05\/0001\/celebrem-amb-exit-la-jornada-radio-escola-i-comunitat\" target=\"_blank\" rel=\"noopener noreferrer\">cr\u00f2nica de l\u2019acte,<\/a> per si voleu llegir els aspectes m\u00e9s rellevants del mateix, i el v\u00eddeo de la jornada.<\/p>\n<div class=\"ast-oembed-container \" style=\"height: 100%;\"><iframe loading=\"lazy\" title=\"[DIRECTE] Jornada R\u00e0dio, Escola i Comunitat (REC)\" width=\"500\" height=\"281\" src=\"https:\/\/www.youtube.com\/embed\/Cf1IcPdXVJw?feature=oembed\" frameborder=\"0\" allow=\"accelerometer; autoplay; clipboard-write; encrypted-media; gyroscope; picture-in-picture; web-share\" referrerpolicy=\"strict-origin-when-cross-origin\" allowfullscreen><\/iframe><\/div>\n","protected":false},"excerpt":{"rendered":"<p>En el marc del Programa Tenim la\u00a0Paraula del Departament\u00a0 d&#8217;Educaci\u00f3 i conjuntament amb el Consell de l&#8217;Audiovisual de Catalunya, s&#8217;organitza [&hellip;]<\/p>\n","protected":false},"author":3,"featured_media":9767,"comment_status":"closed","ping_status":"closed","sticky":false,"template":"","format":"standard","meta":{"_bbp_topic_count":0,"_bbp_reply_count":0,"_bbp_total_topic_count":0,"_bbp_total_reply_count":0,"_bbp_voice_count":0,"_bbp_anonymous_reply_count":0,"_bbp_topic_count_hidden":0,"_bbp_reply_count_hidden":0,"_bbp_forum_subforum_count":0,"site-sidebar-layout":"default","site-content-layout":"","ast-site-content-layout":"","site-content-style":"default","site-sidebar-style":"default","ast-global-header-display":"","ast-banner-title-visibility":"","ast-main-header-display":"","ast-hfb-above-header-display":"","ast-hfb-below-header-display":"","ast-hfb-mobile-header-display":"","site-post-title":"","ast-breadcrumbs-content":"","ast-featured-img":"","footer-sml-layout":"","theme-transparent-header-meta":"","adv-header-id-meta":"","stick-header-meta":"","header-above-stick-meta":"","header-main-stick-meta":"","header-below-stick-meta":"","astra-migrate-meta-layouts":"default","ast-page-background-enabled":"default","ast-page-background-meta":{"desktop":{"background-color":"var(--ast-global-color-4)","background-image":"","background-repeat":"repeat","background-position":"center center","background-size":"auto","background-attachment":"scroll","background-type":"","background-media":"","overlay-type":"","overlay-color":"","overlay-opacity":"","overlay-gradient":""},"tablet":{"background-color":"","background-image":"","background-repeat":"repeat","background-position":"center center","background-size":"auto","background-attachment":"scroll","background-type":"","background-media":"","overlay-type":"","overlay-color":"","overlay-opacity":"","overlay-gradient":""},"mobile":{"background-color":"","background-image":"","background-repeat":"repeat","background-position":"center center","background-size":"auto","background-attachment":"scroll","background-type":"","background-media":"","overlay-type":"","overlay-color":"","overlay-opacity":"","overlay-gradient":""}},"ast-content-background-meta":{"desktop":{"background-color":"var(--ast-global-color-5)","background-image":"","background-repeat":"repeat","background-position":"center center","background-size":"auto","background-attachment":"scroll","background-type":"","background-media":"","overlay-type":"","overlay-color":"","overlay-opacity":"","overlay-gradient":""},"tablet":{"background-color":"var(--ast-global-color-5)","background-image":"","background-repeat":"repeat","background-position":"center center","background-size":"auto","background-attachment":"scroll","background-type":"","background-media":"","overlay-type":"","overlay-color":"","overlay-opacity":"","overlay-gradient":""},"mobile":{"background-color":"var(--ast-global-color-5)","background-image":"","background-repeat":"repeat","background-position":"center center","background-size":"auto","background-attachment":"scroll","background-type":"","background-media":"","overlay-type":"","overlay-color":"","overlay-opacity":"","overlay-gradient":""}},"footnotes":""},"categories":[68,154,1,29],"tags":[],"class_list":["post-9760","post","type-post","status-publish","format-standard","has-post-thumbnail","hentry","category-elic","category-formacio","category-general","category-portada"],"post_mailing_queue_ids":[],"_links":{"self":[{"href":"https:\/\/serveiseducatius.xtec.cat\/baixllobregat4\/wp-json\/wp\/v2\/posts\/9760","targetHints":{"allow":["GET"]}}],"collection":[{"href":"https:\/\/serveiseducatius.xtec.cat\/baixllobregat4\/wp-json\/wp\/v2\/posts"}],"about":[{"href":"https:\/\/serveiseducatius.xtec.cat\/baixllobregat4\/wp-json\/wp\/v2\/types\/post"}],"author":[{"embeddable":true,"href":"https:\/\/serveiseducatius.xtec.cat\/baixllobregat4\/wp-json\/wp\/v2\/users\/3"}],"replies":[{"embeddable":true,"href":"https:\/\/serveiseducatius.xtec.cat\/baixllobregat4\/wp-json\/wp\/v2\/comments?post=9760"}],"version-history":[{"count":4,"href":"https:\/\/serveiseducatius.xtec.cat\/baixllobregat4\/wp-json\/wp\/v2\/posts\/9760\/revisions"}],"predecessor-version":[{"id":10072,"href":"https:\/\/serveiseducatius.xtec.cat\/baixllobregat4\/wp-json\/wp\/v2\/posts\/9760\/revisions\/10072"}],"wp:featuredmedia":[{"embeddable":true,"href":"https:\/\/serveiseducatius.xtec.cat\/baixllobregat4\/wp-json\/wp\/v2\/media\/9767"}],"wp:attachment":[{"href":"https:\/\/serveiseducatius.xtec.cat\/baixllobregat4\/wp-json\/wp\/v2\/media?parent=9760"}],"wp:term":[{"taxonomy":"category","embeddable":true,"href":"https:\/\/serveiseducatius.xtec.cat\/baixllobregat4\/wp-json\/wp\/v2\/categories?post=9760"},{"taxonomy":"post_tag","embeddable":true,"href":"https:\/\/serveiseducatius.xtec.cat\/baixllobregat4\/wp-json\/wp\/v2\/tags?post=9760"}],"curies":[{"name":"wp","href":"https:\/\/api.w.org\/{rel}","templated":true}]}}