{"id":9507,"date":"2020-11-23T08:00:40","date_gmt":"2020-11-23T07:00:40","guid":{"rendered":"http:\/\/serveiseducatius.xtec.cat\/baixllobregat4\/?p=9507"},"modified":"2020-11-22T02:15:51","modified_gmt":"2020-11-22T01:15:51","slug":"25-n-dia-internacional-per-a-leliminacio-de-la-violencia-envers-les-dones-2020","status":"publish","type":"post","link":"https:\/\/serveiseducatius.xtec.cat\/baixllobregat4\/general\/25-n-dia-internacional-per-a-leliminacio-de-la-violencia-envers-les-dones-2020\/","title":{"rendered":"25-N &#8211; Dia internacional per a l\u2019eliminaci\u00f3 de la viol\u00e8ncia envers les dones 2020"},"content":{"rendered":"<p><a href=\"https:\/\/projectes.xtec.cat\/educacioinclusiva\/general\/25-n-dia-internacional-per-a-leliminacio-de-la-violencia-envers-les-dones-2020\/\"><img loading=\"lazy\" decoding=\"async\" class=\" wp-image-9508 alignright\" src=\"https:\/\/serveiseducatius.xtec.cat\/baixllobregat4\/wp-content\/uploads\/usu1181\/2020\/11\/NOVN-e1606006073761.jpg\" alt=\"\" width=\"388\" height=\"218\" \/><\/a>El Departament d\u2019Educaci\u00f3, a prop\u00f2sit del\u00a0<a href=\"http:\/\/dones.gencat.cat\/ca\/ambits\/violencia_masclista\/dia-eliminacio-violencia-contra-dones\/\" target=\"_blank\" rel=\"noopener noreferrer\">Dia internacional per a l\u2019eliminaci\u00f3 de la viol\u00e8ncia envers les dones<\/a>, vol remarcar la necessitat, avui i cada dia, de treballar intensament i prendre consci\u00e8ncia sobre la import\u00e0ncia de la prevenci\u00f3 i l\u2019abordatge de les viol\u00e8ncies masclistes.<\/p>\n<p>Per a l&#8217;abordatge de la viol\u00e8ncia masclista des de la comunitat educativa, ens cal educar en relacions sexoafectives sanes, ens cal visualitzar una viol\u00e8ncia que fa molt mal per\u00f2 no sempre estem preparats ni preparades per recon\u00e8ixer, ens cal posar-hi nom i afrontar-la.<\/p>\n<p><strong>Volem unes escoles lliures de viol\u00e8ncies!<\/strong><\/p>\n<p>\u00c9s per aix\u00f2 que, des dels centres educatius, us proposem que dugueu a terme actuacions concretes amb la finalitat de promoure un canvi d&#8217;actituds, creences i comportaments per part de tota la comunitat educativa.<\/p>\n<p>Difoneu les fotos o v\u00eddeos de les vostres actuacions a les xarxes socials amb les etiquetes\u00a0 <strong>#25N #Manifest25N2020 #lesescoleslliuresdeviol\u00e8ncies #programacoeducat #desemmascarem<\/strong> amb menci\u00f3 a @xtec.<\/p>\n<h5><strong><a href=\"http:\/\/xtec.gencat.cat\/ca\/curriculum\/coeducacio\/dates-interes\/eliminacio-violencia-dones\/\" target=\"_blank\" rel=\"noopener noreferrer\">Propostes d&#8217;activitats a dur a terme als centres educatius, tant a prop\u00f2sit del 25 de novembre com al llarg del curs<\/a>:<\/strong><\/h5>\n<ul>\n<li style=\"list-style-type: none;\">\n<ul>\n<li><a href=\"https:\/\/projectes.xtec.cat\/educacioinclusiva\/general\/sumat-al-minut-de-silenci-el-25n\/\" target=\"_blank\" rel=\"noopener noreferrer\">Suma&#8217;t al minut de silenci<\/a><\/li>\n<li><a href=\"http:\/\/dones.gencat.cat\/web\/.content\/03_ambits\/violencia_masclista\/25_novembre\/25N-2020\/Manifest-25N-2020.pdf\" target=\"_blank\" rel=\"noopener noreferrer\">Lectura del Manifest<\/a><\/li>\n<li><a href=\"http:\/\/xtec.gencat.cat\/ca\/curriculum\/coeducacio\/dates-interes\/eliminacio-violencia-dones\/\" target=\"_blank\" rel=\"noopener noreferrer\">Altres<\/a><\/li>\n<\/ul>\n<\/li>\n<\/ul>\n<p><a href=\"https:\/\/projectes.xtec.cat\/educacioinclusiva\/general\/sumat-al-minut-de-silenci-el-25n\/\" target=\"_blank\" rel=\"noopener noreferrer\"><img loading=\"lazy\" decoding=\"async\" class=\"wp-image-9513 alignleft\" src=\"https:\/\/serveiseducatius.xtec.cat\/baixllobregat4\/wp-content\/uploads\/usu1181\/2020\/11\/Pictogrames.jpg\" alt=\"\" width=\"347\" height=\"68\" srcset=\"https:\/\/serveiseducatius.xtec.cat\/baixllobregat4\/wp-content\/uploads\/usu1181\/2020\/11\/Pictogrames.jpg 1029w, https:\/\/serveiseducatius.xtec.cat\/baixllobregat4\/wp-content\/uploads\/usu1181\/2020\/11\/Pictogrames-300x59.jpg 300w, https:\/\/serveiseducatius.xtec.cat\/baixllobregat4\/wp-content\/uploads\/usu1181\/2020\/11\/Pictogrames-768x150.jpg 768w, https:\/\/serveiseducatius.xtec.cat\/baixllobregat4\/wp-content\/uploads\/usu1181\/2020\/11\/Pictogrames-1024x200.jpg 1024w\" sizes=\"auto, (max-width: 347px) 100vw, 347px\" \/><\/a><\/p>\n<p>&nbsp;<\/p>\n<p>&nbsp;<\/p>\n","protected":false},"excerpt":{"rendered":"<p>El Departament d\u2019Educaci\u00f3, a prop\u00f2sit del\u00a0Dia internacional per a l\u2019eliminaci\u00f3 de la viol\u00e8ncia envers les dones, vol remarcar la necessitat, [&hellip;]<\/p>\n","protected":false},"author":1,"featured_media":9508,"comment_status":"closed","ping_status":"closed","sticky":false,"template":"","format":"standard","meta":{"_bbp_topic_count":0,"_bbp_reply_count":0,"_bbp_total_topic_count":0,"_bbp_total_reply_count":0,"_bbp_voice_count":0,"_bbp_anonymous_reply_count":0,"_bbp_topic_count_hidden":0,"_bbp_reply_count_hidden":0,"_bbp_forum_subforum_count":0,"site-sidebar-layout":"default","site-content-layout":"","ast-site-content-layout":"","site-content-style":"default","site-sidebar-style":"default","ast-global-header-display":"","ast-banner-title-visibility":"","ast-main-header-display":"","ast-hfb-above-header-display":"","ast-hfb-below-header-display":"","ast-hfb-mobile-header-display":"","site-post-title":"","ast-breadcrumbs-content":"","ast-featured-img":"","footer-sml-layout":"","theme-transparent-header-meta":"","adv-header-id-meta":"","stick-header-meta":"","header-above-stick-meta":"","header-main-stick-meta":"","header-below-stick-meta":"","astra-migrate-meta-layouts":"default","ast-page-background-enabled":"default","ast-page-background-meta":{"desktop":{"background-color":"var(--ast-global-color-4)","background-image":"","background-repeat":"repeat","background-position":"center center","background-size":"auto","background-attachment":"scroll","background-type":"","background-media":"","overlay-type":"","overlay-color":"","overlay-opacity":"","overlay-gradient":""},"tablet":{"background-color":"","background-image":"","background-repeat":"repeat","background-position":"center center","background-size":"auto","background-attachment":"scroll","background-type":"","background-media":"","overlay-type":"","overlay-color":"","overlay-opacity":"","overlay-gradient":""},"mobile":{"background-color":"","background-image":"","background-repeat":"repeat","background-position":"center center","background-size":"auto","background-attachment":"scroll","background-type":"","background-media":"","overlay-type":"","overlay-color":"","overlay-opacity":"","overlay-gradient":""}},"ast-content-background-meta":{"desktop":{"background-color":"var(--ast-global-color-5)","background-image":"","background-repeat":"repeat","background-position":"center center","background-size":"auto","background-attachment":"scroll","background-type":"","background-media":"","overlay-type":"","overlay-color":"","overlay-opacity":"","overlay-gradient":""},"tablet":{"background-color":"var(--ast-global-color-5)","background-image":"","background-repeat":"repeat","background-position":"center center","background-size":"auto","background-attachment":"scroll","background-type":"","background-media":"","overlay-type":"","overlay-color":"","overlay-opacity":"","overlay-gradient":""},"mobile":{"background-color":"var(--ast-global-color-5)","background-image":"","background-repeat":"repeat","background-position":"center center","background-size":"auto","background-attachment":"scroll","background-type":"","background-media":"","overlay-type":"","overlay-color":"","overlay-opacity":"","overlay-gradient":""}},"footnotes":""},"categories":[65,66,1,29,76],"tags":[],"class_list":["post-9507","post","type-post","status-publish","format-standard","has-post-thumbnail","hentry","category-crp","category-dinamitzacio","category-general","category-portada","category-recursos"],"post_mailing_queue_ids":[],"_links":{"self":[{"href":"https:\/\/serveiseducatius.xtec.cat\/baixllobregat4\/wp-json\/wp\/v2\/posts\/9507","targetHints":{"allow":["GET"]}}],"collection":[{"href":"https:\/\/serveiseducatius.xtec.cat\/baixllobregat4\/wp-json\/wp\/v2\/posts"}],"about":[{"href":"https:\/\/serveiseducatius.xtec.cat\/baixllobregat4\/wp-json\/wp\/v2\/types\/post"}],"author":[{"embeddable":true,"href":"https:\/\/serveiseducatius.xtec.cat\/baixllobregat4\/wp-json\/wp\/v2\/users\/1"}],"replies":[{"embeddable":true,"href":"https:\/\/serveiseducatius.xtec.cat\/baixllobregat4\/wp-json\/wp\/v2\/comments?post=9507"}],"version-history":[{"count":4,"href":"https:\/\/serveiseducatius.xtec.cat\/baixllobregat4\/wp-json\/wp\/v2\/posts\/9507\/revisions"}],"predecessor-version":[{"id":9529,"href":"https:\/\/serveiseducatius.xtec.cat\/baixllobregat4\/wp-json\/wp\/v2\/posts\/9507\/revisions\/9529"}],"wp:featuredmedia":[{"embeddable":true,"href":"https:\/\/serveiseducatius.xtec.cat\/baixllobregat4\/wp-json\/wp\/v2\/media\/9508"}],"wp:attachment":[{"href":"https:\/\/serveiseducatius.xtec.cat\/baixllobregat4\/wp-json\/wp\/v2\/media?parent=9507"}],"wp:term":[{"taxonomy":"category","embeddable":true,"href":"https:\/\/serveiseducatius.xtec.cat\/baixllobregat4\/wp-json\/wp\/v2\/categories?post=9507"},{"taxonomy":"post_tag","embeddable":true,"href":"https:\/\/serveiseducatius.xtec.cat\/baixllobregat4\/wp-json\/wp\/v2\/tags?post=9507"}],"curies":[{"name":"wp","href":"https:\/\/api.w.org\/{rel}","templated":true}]}}