{"id":9319,"date":"2020-10-26T00:56:50","date_gmt":"2020-10-25T23:56:50","guid":{"rendered":"http:\/\/serveiseducatius.xtec.cat\/baixllobregat4\/?p=9319"},"modified":"2020-10-28T16:47:42","modified_gmt":"2020-10-28T15:47:42","slug":"jornada-sobre-proteccio-de-dades-en-lambit-educatiu-dimecres-28-doctubre-de-2020","status":"publish","type":"post","link":"https:\/\/serveiseducatius.xtec.cat\/baixllobregat4\/general\/jornada-sobre-proteccio-de-dades-en-lambit-educatiu-dimecres-28-doctubre-de-2020\/","title":{"rendered":"Jornada sobre protecci\u00f3 de dades en l\u2019\u00e0mbit educatiu (dimecres 28 d&#8217;octubre de 2020)"},"content":{"rendered":"<p><a href=\"http:\/\/xtec.gencat.cat\/ca\/agenda\/Inscripcio-a-la-Jornada-sobre-proteccio-de-dades-en-lambit-educatiu\"><img loading=\"lazy\" decoding=\"async\" class=\" wp-image-9335 alignleft\" src=\"https:\/\/serveiseducatius.xtec.cat\/baixllobregat4\/wp-content\/uploads\/usu1181\/2020\/10\/ElP1dqRWkAUUvtK-1.jpeg\" alt=\"\" width=\"448\" height=\"252\" srcset=\"https:\/\/serveiseducatius.xtec.cat\/baixllobregat4\/wp-content\/uploads\/usu1181\/2020\/10\/ElP1dqRWkAUUvtK-1.jpeg 553w, https:\/\/serveiseducatius.xtec.cat\/baixllobregat4\/wp-content\/uploads\/usu1181\/2020\/10\/ElP1dqRWkAUUvtK-1-300x169.jpeg 300w\" sizes=\"auto, (max-width: 448px) 100vw, 448px\" \/><\/a><\/p>\n<p>Aquesta jornada est\u00e0 adre\u00e7ada a la comunitat educativa, amb l&#8217;objectiu de difondre eines que els recolzaran davant els entorns digitals en qu\u00e8 es mouen els alumnes i la normativa de protecci\u00f3 de dades que han de tenir present.<\/p>\n<p>Al llarg de l\u2019acte es presentar\u00e0 el nou curs en l\u00ednia per al professorat i el personal de l\u2019\u00e0mbit educatiu sobre protecci\u00f3 de dades i tamb\u00e9 es donar\u00e0 a con\u00e8ixer la guia sobre preguntes freq\u00fcents relatives a les <strong>pautes de protecci\u00f3 de dades per als centres educatius<\/strong>. Finalment s\u2019exposaran recomanacions als centres sobre la publicaci\u00f3 d\u2019imatges i altres dades personals dels alumnes a Internet.<\/p>\n<p>Consulteu el <a href=\"http:\/\/xtec.gencat.cat\/web\/.content\/portadesseccions\/02-centres\/activitatsagenda\/pdf\/Jornada-Educacio-28-octubre-2020.pdf\" target=\"_blank\" rel=\"noopener noreferrer\">programa de la jornada.<\/a><\/p>\n<p class=\"col-xs-12 col-sm-3\">\ud83d\udcc6 dimecres 28 d\u2019octubre de 2020<\/p>\n<p class=\"col-xs-12 col-sm-3\"><span style=\"font-family: inherit; font-size: 1em;\">\ud83d\udd60 de 17&#8217;30 a 18&#8217;50 hores<\/span><\/p>\n<div class=\"col-xs-12 col-sm-3\">\n<div class=\"data_info\">\n<p>\u270f\ufe0f Inscripci\u00f3. L\u2019assist\u00e8ncia \u00e9s lliure, per\u00f2 es requereix inscripci\u00f3 pr\u00e8via al seg\u00fcent correu electr\u00f2nic <a href=\"https:\/\/mail.google.com\/mail\/?view=cm&amp;fs=1&amp;tf=1&amp;to=jornades.apdcat@gencat.cat\" target=\"_blank\" rel=\"noopener noreferrer\">(jornades.apdcat<span class=\"\"><span class=\"\">@gencat.cat<\/span>)<\/span><\/a><\/p>\n<\/div>\n<\/div>\n<p>&nbsp;<\/p>\n","protected":false},"excerpt":{"rendered":"<p>Aquesta jornada est\u00e0 adre\u00e7ada a la comunitat educativa, amb l&#8217;objectiu de difondre eines que els recolzaran davant els entorns digitals [&hellip;]<\/p>\n","protected":false},"author":1,"featured_media":9335,"comment_status":"closed","ping_status":"closed","sticky":false,"template":"","format":"standard","meta":{"_bbp_topic_count":0,"_bbp_reply_count":0,"_bbp_total_topic_count":0,"_bbp_total_reply_count":0,"_bbp_voice_count":0,"_bbp_anonymous_reply_count":0,"_bbp_topic_count_hidden":0,"_bbp_reply_count_hidden":0,"_bbp_forum_subforum_count":0,"site-sidebar-layout":"default","site-content-layout":"","ast-site-content-layout":"","site-content-style":"default","site-sidebar-style":"default","ast-global-header-display":"","ast-banner-title-visibility":"","ast-main-header-display":"","ast-hfb-above-header-display":"","ast-hfb-below-header-display":"","ast-hfb-mobile-header-display":"","site-post-title":"","ast-breadcrumbs-content":"","ast-featured-img":"","footer-sml-layout":"","theme-transparent-header-meta":"","adv-header-id-meta":"","stick-header-meta":"","header-above-stick-meta":"","header-main-stick-meta":"","header-below-stick-meta":"","astra-migrate-meta-layouts":"default","ast-page-background-enabled":"default","ast-page-background-meta":{"desktop":{"background-color":"var(--ast-global-color-4)","background-image":"","background-repeat":"repeat","background-position":"center center","background-size":"auto","background-attachment":"scroll","background-type":"","background-media":"","overlay-type":"","overlay-color":"","overlay-opacity":"","overlay-gradient":""},"tablet":{"background-color":"","background-image":"","background-repeat":"repeat","background-position":"center center","background-size":"auto","background-attachment":"scroll","background-type":"","background-media":"","overlay-type":"","overlay-color":"","overlay-opacity":"","overlay-gradient":""},"mobile":{"background-color":"","background-image":"","background-repeat":"repeat","background-position":"center center","background-size":"auto","background-attachment":"scroll","background-type":"","background-media":"","overlay-type":"","overlay-color":"","overlay-opacity":"","overlay-gradient":""}},"ast-content-background-meta":{"desktop":{"background-color":"var(--ast-global-color-5)","background-image":"","background-repeat":"repeat","background-position":"center center","background-size":"auto","background-attachment":"scroll","background-type":"","background-media":"","overlay-type":"","overlay-color":"","overlay-opacity":"","overlay-gradient":""},"tablet":{"background-color":"var(--ast-global-color-5)","background-image":"","background-repeat":"repeat","background-position":"center center","background-size":"auto","background-attachment":"scroll","background-type":"","background-media":"","overlay-type":"","overlay-color":"","overlay-opacity":"","overlay-gradient":""},"mobile":{"background-color":"var(--ast-global-color-5)","background-image":"","background-repeat":"repeat","background-position":"center center","background-size":"auto","background-attachment":"scroll","background-type":"","background-media":"","overlay-type":"","overlay-color":"","overlay-opacity":"","overlay-gradient":""}},"footnotes":""},"categories":[65,78,154,1,29],"tags":[],"class_list":["post-9319","post","type-post","status-publish","format-standard","has-post-thumbnail","hentry","category-crp","category-tac","category-formacio","category-general","category-portada"],"post_mailing_queue_ids":[],"_links":{"self":[{"href":"https:\/\/serveiseducatius.xtec.cat\/baixllobregat4\/wp-json\/wp\/v2\/posts\/9319","targetHints":{"allow":["GET"]}}],"collection":[{"href":"https:\/\/serveiseducatius.xtec.cat\/baixllobregat4\/wp-json\/wp\/v2\/posts"}],"about":[{"href":"https:\/\/serveiseducatius.xtec.cat\/baixllobregat4\/wp-json\/wp\/v2\/types\/post"}],"author":[{"embeddable":true,"href":"https:\/\/serveiseducatius.xtec.cat\/baixllobregat4\/wp-json\/wp\/v2\/users\/1"}],"replies":[{"embeddable":true,"href":"https:\/\/serveiseducatius.xtec.cat\/baixllobregat4\/wp-json\/wp\/v2\/comments?post=9319"}],"version-history":[{"count":3,"href":"https:\/\/serveiseducatius.xtec.cat\/baixllobregat4\/wp-json\/wp\/v2\/posts\/9319\/revisions"}],"predecessor-version":[{"id":9336,"href":"https:\/\/serveiseducatius.xtec.cat\/baixllobregat4\/wp-json\/wp\/v2\/posts\/9319\/revisions\/9336"}],"wp:featuredmedia":[{"embeddable":true,"href":"https:\/\/serveiseducatius.xtec.cat\/baixllobregat4\/wp-json\/wp\/v2\/media\/9335"}],"wp:attachment":[{"href":"https:\/\/serveiseducatius.xtec.cat\/baixllobregat4\/wp-json\/wp\/v2\/media?parent=9319"}],"wp:term":[{"taxonomy":"category","embeddable":true,"href":"https:\/\/serveiseducatius.xtec.cat\/baixllobregat4\/wp-json\/wp\/v2\/categories?post=9319"},{"taxonomy":"post_tag","embeddable":true,"href":"https:\/\/serveiseducatius.xtec.cat\/baixllobregat4\/wp-json\/wp\/v2\/tags?post=9319"}],"curies":[{"name":"wp","href":"https:\/\/api.w.org\/{rel}","templated":true}]}}