{"id":8675,"date":"2019-12-03T11:56:11","date_gmt":"2019-12-03T10:56:11","guid":{"rendered":"http:\/\/serveiseducatius.xtec.cat\/baixllobregat4\/?p=8675"},"modified":"2019-12-03T11:56:11","modified_gmt":"2019-12-03T10:56:11","slug":"adhesio-al-manifest-elpratantimasclista","status":"publish","type":"post","link":"https:\/\/serveiseducatius.xtec.cat\/baixllobregat4\/portada\/adhesio-al-manifest-elpratantimasclista\/","title":{"rendered":"Adhesi\u00f3 al Manifest #ElPratAntimasclista"},"content":{"rendered":"<h2><img loading=\"lazy\" decoding=\"async\" class=\"wp-image-8676 alignleft\" style=\"font-family: inherit; font-size: 1em; font-weight: normal;\" src=\"https:\/\/serveiseducatius.xtec.cat\/baixllobregat4\/wp-content\/uploads\/usu1181\/2019\/12\/tolerancia0_fitxa_projecte-300x169.png\" alt=\"\" width=\"531\" height=\"299\" srcset=\"https:\/\/serveiseducatius.xtec.cat\/baixllobregat4\/wp-content\/uploads\/usu1181\/2019\/12\/tolerancia0_fitxa_projecte-300x169.png 300w, https:\/\/serveiseducatius.xtec.cat\/baixllobregat4\/wp-content\/uploads\/usu1181\/2019\/12\/tolerancia0_fitxa_projecte-768x433.png 768w, https:\/\/serveiseducatius.xtec.cat\/baixllobregat4\/wp-content\/uploads\/usu1181\/2019\/12\/tolerancia0_fitxa_projecte.png 962w\" sizes=\"auto, (max-width: 531px) 100vw, 531px\" \/><\/h2>\n<div class=\"intro-contingut\">\n<p>El Servei Educatiu del Prat s&#8217;adhereix al <a href=\"https:\/\/www.elprat.cat\/persones\/dones\/el-prat-antimasclista\">Manifest #ElPratAntimasclista<\/a>:<\/p>\n<p>La ciutat del Prat vol mostrar un cop m\u00e9s \u2013tan sols una setmana despr\u00e9s\u00a0del 25 de novembre, Dia internacional per a l&#8217;eliminaci\u00f3 de la viol\u00e8ncia envers les dones- el seu en\u00e8rgic rebuig a aquesta xacra. Avui, lamentablement, ens hem de tornar a aplegar a la pla\u00e7a de la Vila per condemnar fermament el feminicidi que s\u2019ha produ\u00eft a la nostra ciutat.<\/p>\n<p>Aquest mat\u00ed, la policia local ha trobat assassinada\u00a0amb senyals de viol\u00e8ncia a casa seva la nostra\u00a0ve\u00efna Y.S. El seu marit ha estat detingut.<\/p>\n<p>La ciutadania, les entitats i els i les representants municipals del Prat de Llobregat estem indignades i colpides per aquest assassinat. I, en primer lloc, volem expressar el nostre m\u00e9s sentit condol a la fam\u00edlia de la v\u00edctima. Estem al seu costat, li\u00a0donem suport\u00a0i l&#8217;acompanyem en aquests moments.<\/p>\n<p>Tamb\u00e9 volem refermar un cop m\u00e9s el nostre rebuig ferm, unitari i contundent de totes les viol\u00e8ncies masclistes. Aquesta xacra no t\u00e9 edat, ni or\u00edgens, ni cultures, ni religions.<\/p>\n<p>\u00c9s l\u2019atemptat m\u00e9s habitual que patim les dones, est\u00e0 present en totes les societats del m\u00f3n i \u00e9s una greu vulneraci\u00f3 de la nostra dignitat i els nostres projectes vitals. \u00danicament amb el comprom\u00eds i el treball coordinat i conjunt de totes les xarxes locals, institucionals i ciutadanes, podrem erradicar-lo.<\/p>\n<p>En els \u00faltims anys, s\u2019han produ\u00eft aven\u00e7os significatius en el foment de valors d\u2019igualtat i respecte pels drets humans i de sensibilitzaci\u00f3 i educaci\u00f3 de la ciutadania. Per\u00f2, amb\u00a0aix\u00f2, no en temin prou. Cal aconseguir una cultura d\u2019igualtat real i efectiva entre homes i dones. Cal un rebuig unitari de les viol\u00e8ncies i de les diferents discriminacions. Cal que exclamem amb un sol crit:\u00a0 NI UNA MENYS!!<\/p>\n<p>\u00c9s urgent doncs, generar un front com\u00fa entre les institucions i la ciutadania per tal de garantir el dret de les dones a una vida lliure de viol\u00e8ncia tot denunciant que no podem fer cap pas enrere en la sensibilitzaci\u00f3 i el desplegament dels recursos d&#8217;atenci\u00f3, protecci\u00f3 i recuperaci\u00f3 de\u00a0les dones en situaci\u00f3 de viol\u00e8ncia masclista i de les seves filles i fills. Aix\u00ed mateix, \u00e9s necessari seguir fent especial incid\u00e8ncia en la prevenci\u00f3 i la toler\u00e0ncia zero cap a qualsevol discurs que intenti invisibilitzar la gravetat de la situaci\u00f3.<\/p>\n<p>Per aix\u00f2, avui i aqu\u00ed, ben alt i fort, fem una crida al conjunt de la nostra ciutat i de tota la societat, perqu\u00e8 s\u2019impliqui en la lluita contra la desigualtat de g\u00e8nere i no toleri cap discriminaci\u00f3 per ra\u00f3 de g\u00e8nere per petita que sembli, ni cap manifestaci\u00f3 que la justifiqui; i perqu\u00e8 rebutgi de forma contundent les viol\u00e8ncies masclistes.<\/p>\n<p>Les lleis i les pol\u00edtiques p\u00fabliques tamb\u00e9 han de contribuir a prevenir la viol\u00e8ncia masclista i a protegir les dones que en pateixen i han de posar els mitjans i recursos necessaris per protegir-les i perqu\u00e8 puguin recuperar-se i refer les seves vides, comen\u00e7ant per dotar de recursos que permetin fer efectius els compromisos recollits en el Pacte d\u2019Estat contra les Viol\u00e8ncies Masclistes.<\/p>\n<p>Fem tamb\u00e9 una crida a les dones perqu\u00e8 demanin l\u2019ajut necessari davant de qualsevol indici de perill. No hi ha cap circumst\u00e0ncia que justifiqui la viol\u00e8ncia masclista. Dones, sapigueu que no en deixarem passar ni una. Passi el que passi, no dubteu que teniu tota la comunitat al vostre costat.<\/p>\n<p>El Prat diu NO a les viol\u00e8ncies masclistes, El Prat diu NO a les desigualtats, El Prat diu NI UNA MENYS! ENS VOLEM LLIURES I VIVES!!!<\/p>\n<\/div>\n","protected":false},"excerpt":{"rendered":"<p>El Servei Educatiu del Prat s&#8217;adhereix al Manifest #ElPratAntimasclista: La ciutat del Prat vol mostrar un cop m\u00e9s \u2013tan sols [&hellip;]<\/p>\n","protected":false},"author":3,"featured_media":8676,"comment_status":"closed","ping_status":"closed","sticky":false,"template":"","format":"standard","meta":{"_bbp_topic_count":0,"_bbp_reply_count":0,"_bbp_total_topic_count":0,"_bbp_total_reply_count":0,"_bbp_voice_count":0,"_bbp_anonymous_reply_count":0,"_bbp_topic_count_hidden":0,"_bbp_reply_count_hidden":0,"_bbp_forum_subforum_count":0,"site-sidebar-layout":"default","site-content-layout":"","ast-site-content-layout":"","site-content-style":"default","site-sidebar-style":"default","ast-global-header-display":"","ast-banner-title-visibility":"","ast-main-header-display":"","ast-hfb-above-header-display":"","ast-hfb-below-header-display":"","ast-hfb-mobile-header-display":"","site-post-title":"","ast-breadcrumbs-content":"","ast-featured-img":"","footer-sml-layout":"","theme-transparent-header-meta":"","adv-header-id-meta":"","stick-header-meta":"","header-above-stick-meta":"","header-main-stick-meta":"","header-below-stick-meta":"","astra-migrate-meta-layouts":"default","ast-page-background-enabled":"default","ast-page-background-meta":{"desktop":{"background-color":"var(--ast-global-color-4)","background-image":"","background-repeat":"repeat","background-position":"center center","background-size":"auto","background-attachment":"scroll","background-type":"","background-media":"","overlay-type":"","overlay-color":"","overlay-opacity":"","overlay-gradient":""},"tablet":{"background-color":"","background-image":"","background-repeat":"repeat","background-position":"center center","background-size":"auto","background-attachment":"scroll","background-type":"","background-media":"","overlay-type":"","overlay-color":"","overlay-opacity":"","overlay-gradient":""},"mobile":{"background-color":"","background-image":"","background-repeat":"repeat","background-position":"center center","background-size":"auto","background-attachment":"scroll","background-type":"","background-media":"","overlay-type":"","overlay-color":"","overlay-opacity":"","overlay-gradient":""}},"ast-content-background-meta":{"desktop":{"background-color":"var(--ast-global-color-5)","background-image":"","background-repeat":"repeat","background-position":"center center","background-size":"auto","background-attachment":"scroll","background-type":"","background-media":"","overlay-type":"","overlay-color":"","overlay-opacity":"","overlay-gradient":""},"tablet":{"background-color":"var(--ast-global-color-5)","background-image":"","background-repeat":"repeat","background-position":"center center","background-size":"auto","background-attachment":"scroll","background-type":"","background-media":"","overlay-type":"","overlay-color":"","overlay-opacity":"","overlay-gradient":""},"mobile":{"background-color":"var(--ast-global-color-5)","background-image":"","background-repeat":"repeat","background-position":"center center","background-size":"auto","background-attachment":"scroll","background-type":"","background-media":"","overlay-type":"","overlay-color":"","overlay-opacity":"","overlay-gradient":""}},"footnotes":""},"categories":[29],"tags":[],"class_list":["post-8675","post","type-post","status-publish","format-standard","has-post-thumbnail","hentry","category-portada"],"post_mailing_queue_ids":[],"_links":{"self":[{"href":"https:\/\/serveiseducatius.xtec.cat\/baixllobregat4\/wp-json\/wp\/v2\/posts\/8675","targetHints":{"allow":["GET"]}}],"collection":[{"href":"https:\/\/serveiseducatius.xtec.cat\/baixllobregat4\/wp-json\/wp\/v2\/posts"}],"about":[{"href":"https:\/\/serveiseducatius.xtec.cat\/baixllobregat4\/wp-json\/wp\/v2\/types\/post"}],"author":[{"embeddable":true,"href":"https:\/\/serveiseducatius.xtec.cat\/baixllobregat4\/wp-json\/wp\/v2\/users\/3"}],"replies":[{"embeddable":true,"href":"https:\/\/serveiseducatius.xtec.cat\/baixllobregat4\/wp-json\/wp\/v2\/comments?post=8675"}],"version-history":[{"count":1,"href":"https:\/\/serveiseducatius.xtec.cat\/baixllobregat4\/wp-json\/wp\/v2\/posts\/8675\/revisions"}],"predecessor-version":[{"id":8677,"href":"https:\/\/serveiseducatius.xtec.cat\/baixllobregat4\/wp-json\/wp\/v2\/posts\/8675\/revisions\/8677"}],"wp:featuredmedia":[{"embeddable":true,"href":"https:\/\/serveiseducatius.xtec.cat\/baixllobregat4\/wp-json\/wp\/v2\/media\/8676"}],"wp:attachment":[{"href":"https:\/\/serveiseducatius.xtec.cat\/baixllobregat4\/wp-json\/wp\/v2\/media?parent=8675"}],"wp:term":[{"taxonomy":"category","embeddable":true,"href":"https:\/\/serveiseducatius.xtec.cat\/baixllobregat4\/wp-json\/wp\/v2\/categories?post=8675"},{"taxonomy":"post_tag","embeddable":true,"href":"https:\/\/serveiseducatius.xtec.cat\/baixllobregat4\/wp-json\/wp\/v2\/tags?post=8675"}],"curies":[{"name":"wp","href":"https:\/\/api.w.org\/{rel}","templated":true}]}}