{"id":16516,"date":"2026-08-28T09:00:00","date_gmt":"2026-08-28T07:00:00","guid":{"rendered":"https:\/\/serveiseducatius.xtec.cat\/baixllobregat4\/?p=16516"},"modified":"2026-09-01T13:40:00","modified_gmt":"2026-09-01T11:40:00","slug":"oferta-formativa-2026-2027-1r-torn","status":"publish","type":"post","link":"https:\/\/serveiseducatius.xtec.cat\/baixllobregat4\/general\/oferta-formativa-2026-2027-1r-torn\/","title":{"rendered":"Oferta formativa 2026-2027 (1r torn)"},"content":{"rendered":"\n<p>El per\u00edode d\u2019inscripci\u00f3 de l\u2019<strong>oferta formativa del primer torn<\/strong>&nbsp;del Departament d\u2019Educaci\u00f3 i Formaci\u00f3 Professional per aquest curs 2026-2027 romandr\u00e0 obert&nbsp;<strong>del 4 al 20 de setembre<\/strong>. La consulta d\u2019adjudicacions es podr\u00e0 fer a partir del 6 d\u2019octubre, accedint a \u201c<a href=\"http:\/\/xtec.gencat.cat\/ca\/formacio\/la-meva-formacio\/les-meves-activitats\/\" target=\"_blank\" rel=\"noreferrer noopener\">Les meves activitats<\/a>\u201c. Consulteu les&nbsp;<a href=\"http:\/\/xtec.gencat.cat\/ca\/formacio\/info-general\/oferta-formativa\/\" target=\"_blank\" rel=\"noreferrer noopener\">condicions generals d\u2019inscripci\u00f3<\/a>.<\/p>\n\n\n\n<figure class=\"wp-block-table\"><table class=\"has-fixed-layout\"><tbody><tr><td><a href=\"https:\/\/aplicacions.gestioeducativa.gencat.cat\/ords\/pls\/soloas\/pk_for_mod_ins.p_for_cons_activitats?p_header=&amp;p_crp=305&amp;p_any=2026-2027&amp;p_totes=S&amp;p_totes=S&amp;p_paginar=N&amp;p_excloure_crp_rec=T&amp;p_inici=1\" target=\"_blank\" rel=\"noreferrer noopener\">PLA DE FORMACI\u00d3 DE ZONA<\/a><br><a href=\"https:\/\/aplicacions.gestioeducativa.gencat.cat\/ords\/pls\/soloas\/pk_for_mod_ins.p_for_cons_activitats?p_header=&amp;p_crp=305&amp;p_any=2026-2027&amp;p_totes=S&amp;p_totes=S&amp;p_paginar=N&amp;p_excloure_crp_rec=T&amp;p_inici=1\" target=\"_blank\" rel=\"noreferrer noopener\">EL PRAT<\/a><\/td><td><a href=\"https:\/\/aplicacions.gestioeducativa.gencat.cat\/ords\/pls\/soloas\/pk_for_mod_ins.p_for_pre_cons_activitats?p_any=2026-2027&amp;p_entitat=0503\" target=\"_blank\" rel=\"noreferrer noopener\">FORMACI\u00d3<\/a><br><a href=\"https:\/\/aplicacions.gestioeducativa.gencat.cat\/ords\/pls\/soloas\/pk_for_mod_ins.p_for_pre_cons_activitats?p_any=2026-2027&amp;p_entitat=0503\" target=\"_blank\" rel=\"noreferrer noopener\">SERVEIS TERRITORIALS<\/a><\/td><td><a href=\"https:\/\/xtec.gencat.cat\/ca\/formacio\/formaciogeneralprofessorat\/\" target=\"_blank\" rel=\"noreferrer noopener\">FORMACI\u00d3<\/a><br><a href=\"https:\/\/xtec.gencat.cat\/ca\/formacio\/formaciogeneralprofessorat\/\" target=\"_blank\" rel=\"noreferrer noopener\">SERVEIS CENTRALS<\/a><\/td><td><a href=\"https:\/\/xtec.gencat.cat\/ca\/formacio\/formacio-altres-institucions\/\" target=\"_blank\" rel=\"noreferrer noopener\">FORMACI\u00d3<\/a><br><a href=\"https:\/\/xtec.gencat.cat\/ca\/formacio\/formacio-altres-institucions\/\" target=\"_blank\" rel=\"noreferrer noopener\">ALTRES INSTITUCIONS<\/a><\/td><\/tr><tr><td><a href=\"https:\/\/aplicacions.gestioeducativa.gencat.cat\/ords\/pls\/soloas\/pk_for_mod_ins.p_for_cons_activitats?p_header=&amp;p_crp=305&amp;p_any=2026-2027&amp;p_totes=S&amp;p_totes=S&amp;p_paginar=N&amp;p_excloure_crp_rec=T&amp;p_inici=1\"><img decoding=\"async\" src=\"https:\/\/serveiseducatius.xtec.cat\/baixllobregat4\/wp-content\/uploads\/usu1181\/2021\/09\/PFZ-El-Prat.png\"><\/a><a href=\"https:\/\/aplicacions.gestioeducativa.gencat.cat\/ords\/pls\/soloas\/pk_for_mod_ins.p_for_cons_activitats?p_header=&amp;p_crp=305&amp;p_any=2025-2026&amp;p_totes=S&amp;p_totes=S&amp;p_paginar=N&amp;p_excloure_crp_rec=T&amp;p_inici=1\" target=\"_blank\" rel=\"noreferrer noopener\"><\/a><\/td><td><a href=\"https:\/\/aplicacions.gestioeducativa.gencat.cat\/ords\/pls\/soloas\/pk_for_mod_ins.p_for_pre_cons_activitats?p_any=2026-2027&amp;p_entitat=0503\"><img decoding=\"async\" src=\"https:\/\/serveiseducatius.xtec.cat\/baixllobregat4\/wp-content\/uploads\/usu1181\/2021\/09\/Formacio-ST-2.png\"><\/a><a href=\"https:\/\/aplicacions.gestioeducativa.gencat.cat\/ords\/pls\/soloas\/pk_for_mod_ins.p_for_pre_cons_activitats?p_any=2025-2026&amp;p_entitat=0503\"><\/a><\/td><td><a href=\"https:\/\/xtec.gencat.cat\/ca\/formacio\/formaciogeneralprofessorat\/\"><img decoding=\"async\" src=\"https:\/\/serveiseducatius.xtec.cat\/baixllobregat4\/wp-content\/uploads\/usu1181\/2025\/09\/WhatsApp-Image-2025-09-05-at-01.42.43-e1757029749615.jpeg\"><\/a><a href=\"https:\/\/xtec.gencat.cat\/ca\/formacio\/formaciogeneralprofessorat\/\"><\/a><\/td><td><a href=\"https:\/\/xtec.gencat.cat\/ca\/formacio\/formacio-altres-institucions\/\"><img decoding=\"async\" src=\"https:\/\/serveiseducatius.xtec.cat\/baixllobregat4\/wp-content\/uploads\/usu1181\/2021\/09\/Formacio-altres-institucions.png\"><\/a><a href=\"https:\/\/xtec.gencat.cat\/ca\/formacio\/formacio-altres-institucions\/\"><\/a><\/td><\/tr><\/tbody><\/table><\/figure>\n\n\n\n<details class=\"wp-block-details has-border-color has-white-border-color has-white-color has-light-green-cyan-background-color has-text-color has-background has-link-color has-medium-font-size wp-elements-40dcdd0a92389568330259667ba6f9d7 is-layout-flow wp-container-core-details-is-layout-1 wp-block-details-is-layout-flow\" style=\"border-width:44px\"><summary>CONSULTEU LA FORMACI\u00d3 DE SERVEIS CENTRALS PER \u00c0MBITS<\/summary>\n<p><a href=\"https:\/\/xtec.gencat.cat\/ca\/formacio\/formaciogeneralprofessorat\/accio-tutorial-orientacio\/\">Acci\u00f3 tutorial i orientaci\u00f3<\/a><\/p>\n\n\n\n<p><a href=\"https:\/\/xtec.gencat.cat\/ca\/formacio\/formaciogeneralprofessorat\/atencio_diversitat_inclusio\/\">Atenci\u00f3 a la diversitat i la inclusi\u00f3<\/a><\/p>\n\n\n\n<p><a href=\"https:\/\/xtec.gencat.cat\/ca\/formacio\/formaciogeneralprofessorat\/benestar-de-lalumnat\/\">Benestar de l&#8217;alumnat<\/a><\/p>\n\n\n\n<p><a href=\"https:\/\/xtec.gencat.cat\/ca\/formacio\/formaciogeneralprofessorat\/biblioteques_escolars\/\">Biblioteques escolars<\/a><\/p>\n\n\n\n<p><a href=\"https:\/\/xtec.gencat.cat\/ca\/formacio\/formaciogeneralprofessorat\/coeducacio-i-violencies-masclistes\/\">Coeducaci\u00f3 i viol\u00e8ncies masclistes<\/a><\/p>\n\n\n\n<p><a href=\"https:\/\/xtec.gencat.cat\/ca\/formacio\/formaciogeneralprofessorat\/competencia-cientifica\/\">Compet\u00e8ncia cient\u00edfica<\/a><\/p>\n\n\n\n<p><a href=\"https:\/\/xtec.gencat.cat\/ca\/formacio\/formaciogeneralprofessorat\/competencia_literaria\/\">Compet\u00e8ncia liter\u00e0ria<\/a><\/p>\n\n\n\n<p><a href=\"https:\/\/xtec.gencat.cat\/ca\/formacio\/formaciogeneralprofessorat\/competencia_matematica\/\">Compet\u00e8ncia matem\u00e0tica<\/a><\/p>\n\n\n\n<p><a href=\"https:\/\/xtec.gencat.cat\/ca\/formacio\/formaciogeneralprofessorat\/curriculum\/\">Curr\u00edculum<\/a><\/p>\n\n\n\n<p><a href=\"https:\/\/xtec.gencat.cat\/ca\/formacio\/formaciogeneralprofessorat\/convivencia_families_entorn\/\">Conviv\u00e8ncia, fam\u00edlies i entorn<\/a><\/p>\n\n\n\n<p><a href=\"https:\/\/xtec.gencat.cat\/ca\/formacio\/formaciogeneralprofessorat\/cultura-digital\/\">Cultura Digital<\/a><\/p>\n\n\n\n<p><a href=\"https:\/\/xtec.gencat.cat\/ca\/formacio\/formaciogeneralprofessorat\/escoles-verdes-iniciacio-edu-sostenibilitat\/\">Escoles verdes &#8211; Iniciaci\u00f3 a l&#8217;educaci\u00f3 per a la sostenibilitat<\/a><\/p>\n\n\n\n<p><a href=\"https:\/\/xtec.gencat.cat\/ca\/formacio\/formaciogeneralprofessorat\/funcio-directiva\/\">Funci\u00f3 directiva<\/a><\/p>\n\n\n\n<p><a href=\"https:\/\/xtec.gencat.cat\/ca\/formacio\/formaciogeneralprofessorat\/interculturalitat\/\">Interculturalitat<\/a><\/p>\n\n\n\n<p><a href=\"https:\/\/xtec.gencat.cat\/ca\/formacio\/formaciogeneralprofessorat\/internacionalitzacio-educacio\/\">Internacionalitzaci\u00f3 de l&#8217;educaci\u00f3<\/a><\/p>\n\n\n\n<p><a href=\"https:\/\/xtec.gencat.cat\/ca\/formacio\/formaciogeneralprofessorat\/llengues\/\">Lleng\u00fces<\/a><\/p>\n\n\n\n<p><a href=\"https:\/\/xtec.gencat.cat\/ca\/formacio\/formaciogeneralprofessorat\/recerca-educativa\/\">Recerca educativa<\/a><\/p>\n\n\n\n<p><a href=\"https:\/\/xtec.gencat.cat\/ca\/formacio\/formaciogeneralprofessorat\/steam\/\">STEAM<\/a><\/p>\n\n\n\n<p><a href=\"https:\/\/xtec.gencat.cat\/ca\/formacio\/formaciogeneralprofessorat\/suport-a-la-innovacio-cesire\/\">Suport a la innovaci\u00f3 (CESIRE)<\/a><\/p>\n<\/details>\n\n\n\n<hr class=\"wp-block-separator has-alpha-channel-opacity\"\/>\n\n\n\n<div style=\"position: relative; width: 100%; height: 0; padding-top: 56.2500%;\n padding-bottom: 0; box-shadow: 0 2px 8px 0 rgba(63,69,81,0.16); margin-top: 1.6em; margin-bottom: 0.9em; overflow: hidden;\n border-radius: 8px; will-change: transform;\">\n  <iframe loading=\"lazy\" style=\"position: absolute; width: 100%; height: 100%; top: 0; left: 0; border: none; padding: 0;margin: 0;\"\n    src=\"https:\/\/www.canva.com\/design\/DAHN8Hg-dXg\/orDQ_P3wahm3HZ3z1Y8svw\/view?embed\" allowfullscreen=\"allowfullscreen\" allow=\"fullscreen\">\n  <\/iframe>\n<\/div>\n<a href=\"https:&#x2F;&#x2F;www.canva.com&#x2F;design&#x2F;DAHN8Hg-dXg&#x2F;orDQ_P3wahm3HZ3z1Y8svw&#x2F;view?utm_content=DAHN8Hg-dXg&amp;utm_campaign=designshare&amp;utm_medium=embeds&amp;utm_source=link\" target=\"_blank\" rel=\"noopener\">Activitats 1r torn<\/a> de CRP Prat\n\n\n\n<p><\/p>\n\n\n\n<p>\u26a0\ufe0f\u00a0<a href=\"https:\/\/docs.google.com\/spreadsheets\/d\/1zwZvroA18fmRpG8-LyuH60Ms8mtZYLFOV_137j6CMYI\/edit?usp=sharing\">Calendari PFZ El Prat<\/a><\/p>\n\n\n\n<p>\ud83d\udcc5 Terminis:<\/p>\n\n\n\n<ul class=\"wp-block-list\">\n<li>inscripcions: del 4 al 20 de setembre de 2026<\/li>\n\n\n\n<li>consulta adjudicacions: 6 d\u2019octubre<\/li>\n\n\n\n<li>inici activitats: a partir del 13 d\u2019octubre<\/li>\n<\/ul>\n\n\n\n<p>\ud83d\udd0e&nbsp;<a href=\"https:\/\/xtec.gencat.cat\/ca\/formacio\/info-general\/cercador-activitats\/\">Cercador d\u2019activitats<\/a><\/p>\n\n\n\n<p>\u2139\ufe0f&nbsp;<a href=\"https:\/\/xtec.gencat.cat\/ca\/formacio\/\">M\u00e9s informaci\u00f3<\/a><\/p>\n\n\n\n<p><\/p>\n","protected":false},"excerpt":{"rendered":"<p>El per\u00edode d\u2019inscripci\u00f3 de l\u2019oferta formativa del primer torn&nbsp;del Departament d\u2019Educaci\u00f3 i Formaci\u00f3 Professional per aquest curs 2026-2027 romandr\u00e0 obert&nbsp;del [&hellip;]<\/p>\n","protected":false},"author":1,"featured_media":16525,"comment_status":"open","ping_status":"open","sticky":false,"template":"","format":"standard","meta":{"_bbp_topic_count":0,"_bbp_reply_count":0,"_bbp_total_topic_count":0,"_bbp_total_reply_count":0,"_bbp_voice_count":0,"_bbp_anonymous_reply_count":0,"_bbp_topic_count_hidden":0,"_bbp_reply_count_hidden":0,"_bbp_forum_subforum_count":0,"site-sidebar-layout":"no-sidebar","site-content-layout":"","ast-site-content-layout":"default","site-content-style":"default","site-sidebar-style":"default","ast-global-header-display":"","ast-banner-title-visibility":"","ast-main-header-display":"","ast-hfb-above-header-display":"","ast-hfb-below-header-display":"","ast-hfb-mobile-header-display":"","site-post-title":"","ast-breadcrumbs-content":"","ast-featured-img":"","footer-sml-layout":"","theme-transparent-header-meta":"","adv-header-id-meta":"","stick-header-meta":"","header-above-stick-meta":"","header-main-stick-meta":"","header-below-stick-meta":"","astra-migrate-meta-layouts":"set","ast-page-background-enabled":"default","ast-page-background-meta":{"desktop":{"background-color":"var(--ast-global-color-4)","background-image":"","background-repeat":"repeat","background-position":"center center","background-size":"auto","background-attachment":"scroll","background-type":"","background-media":"","overlay-type":"","overlay-color":"","overlay-opacity":"","overlay-gradient":""},"tablet":{"background-color":"","background-image":"","background-repeat":"repeat","background-position":"center center","background-size":"auto","background-attachment":"scroll","background-type":"","background-media":"","overlay-type":"","overlay-color":"","overlay-opacity":"","overlay-gradient":""},"mobile":{"background-color":"","background-image":"","background-repeat":"repeat","background-position":"center center","background-size":"auto","background-attachment":"scroll","background-type":"","background-media":"","overlay-type":"","overlay-color":"","overlay-opacity":"","overlay-gradient":""}},"ast-content-background-meta":{"desktop":{"background-color":"var(--ast-global-color-5)","background-image":"","background-repeat":"repeat","background-position":"center center","background-size":"auto","background-attachment":"scroll","background-type":"","background-media":"","overlay-type":"","overlay-color":"","overlay-opacity":"","overlay-gradient":""},"tablet":{"background-color":"var(--ast-global-color-5)","background-image":"","background-repeat":"repeat","background-position":"center center","background-size":"auto","background-attachment":"scroll","background-type":"","background-media":"","overlay-type":"","overlay-color":"","overlay-opacity":"","overlay-gradient":""},"mobile":{"background-color":"var(--ast-global-color-5)","background-image":"","background-repeat":"repeat","background-position":"center center","background-size":"auto","background-attachment":"scroll","background-type":"","background-media":"","overlay-type":"","overlay-color":"","overlay-opacity":"","overlay-gradient":""}},"footnotes":""},"categories":[154,1,153,29],"tags":[],"class_list":["post-16516","post","type-post","status-publish","format-standard","has-post-thumbnail","hentry","category-formacio","category-general","category-pfz","category-portada"],"post_mailing_queue_ids":[],"_links":{"self":[{"href":"https:\/\/serveiseducatius.xtec.cat\/baixllobregat4\/wp-json\/wp\/v2\/posts\/16516","targetHints":{"allow":["GET"]}}],"collection":[{"href":"https:\/\/serveiseducatius.xtec.cat\/baixllobregat4\/wp-json\/wp\/v2\/posts"}],"about":[{"href":"https:\/\/serveiseducatius.xtec.cat\/baixllobregat4\/wp-json\/wp\/v2\/types\/post"}],"author":[{"embeddable":true,"href":"https:\/\/serveiseducatius.xtec.cat\/baixllobregat4\/wp-json\/wp\/v2\/users\/1"}],"replies":[{"embeddable":true,"href":"https:\/\/serveiseducatius.xtec.cat\/baixllobregat4\/wp-json\/wp\/v2\/comments?post=16516"}],"version-history":[{"count":6,"href":"https:\/\/serveiseducatius.xtec.cat\/baixllobregat4\/wp-json\/wp\/v2\/posts\/16516\/revisions"}],"predecessor-version":[{"id":16555,"href":"https:\/\/serveiseducatius.xtec.cat\/baixllobregat4\/wp-json\/wp\/v2\/posts\/16516\/revisions\/16555"}],"wp:featuredmedia":[{"embeddable":true,"href":"https:\/\/serveiseducatius.xtec.cat\/baixllobregat4\/wp-json\/wp\/v2\/media\/16525"}],"wp:attachment":[{"href":"https:\/\/serveiseducatius.xtec.cat\/baixllobregat4\/wp-json\/wp\/v2\/media?parent=16516"}],"wp:term":[{"taxonomy":"category","embeddable":true,"href":"https:\/\/serveiseducatius.xtec.cat\/baixllobregat4\/wp-json\/wp\/v2\/categories?post=16516"},{"taxonomy":"post_tag","embeddable":true,"href":"https:\/\/serveiseducatius.xtec.cat\/baixllobregat4\/wp-json\/wp\/v2\/tags?post=16516"}],"curies":[{"name":"wp","href":"https:\/\/api.w.org\/{rel}","templated":true}]}}