{"id":12051,"date":"2023-02-26T08:20:08","date_gmt":"2023-02-26T07:20:08","guid":{"rendered":"https:\/\/serveiseducatius.xtec.cat\/baixllobregat4\/?p=12051"},"modified":"2023-02-27T10:02:13","modified_gmt":"2023-02-27T09:02:13","slug":"nou-curs-del-canal-de-reporters-a-laula","status":"publish","type":"post","link":"https:\/\/serveiseducatius.xtec.cat\/baixllobregat4\/general\/nou-curs-del-canal-de-reporters-a-laula\/","title":{"rendered":"Nou curs del Canal de Reporters a l&#8217;aula"},"content":{"rendered":"<p><a href=\"https:\/\/projectes.xtec.cat\/canaldereporters\/\" target=\"_blank\" rel=\"noopener\"><img loading=\"lazy\" decoding=\"async\" class=\"aligncenter wp-image-12054\" src=\"https:\/\/serveiseducatius.xtec.cat\/baixllobregat4\/wp-content\/uploads\/usu1181\/2023\/02\/screenshot-projectes.xtec_.cat-2023.02.26-00_28_55-e1677368087797.png\" alt=\"\" width=\"589\" height=\"147\" srcset=\"https:\/\/serveiseducatius.xtec.cat\/baixllobregat4\/wp-content\/uploads\/usu1181\/2023\/02\/screenshot-projectes.xtec_.cat-2023.02.26-00_28_55-e1677368087797.png 729w, https:\/\/serveiseducatius.xtec.cat\/baixllobregat4\/wp-content\/uploads\/usu1181\/2023\/02\/screenshot-projectes.xtec_.cat-2023.02.26-00_28_55-e1677368087797-300x75.png 300w\" sizes=\"auto, (max-width: 589px) 100vw, 589px\" \/><\/a><\/p>\n<p>El <strong>projecte <a href=\"https:\/\/projectes.xtec.cat\/canaldereporters\/\" target=\"_blank\" rel=\"noopener\">Canal de Reporters<\/a><\/strong> promou el desenvolupament de les compet\u00e8ncies clau de l\u2019alumnat de prim\u00e0ria i secund\u00e0ria mitjan\u00e7ant la creaci\u00f3 i publicaci\u00f3 de les pr\u00f2pies produccions escrites, de r\u00e0dio, d\u2019audiovisuals i de xarxes en diferents lleng\u00fces elaborades des dels seus centres i localitats. Per afavorir la difusi\u00f3 d\u2019aquests productes, es posa a disposici\u00f3 dels centres educatius aquesta\u00a0plataforma.<\/p>\n<p><span style=\"font-family: inherit; font-size: 1em;\">Canal de Reporters ha enllestit el disseny de l\u2019<\/span><strong style=\"font-family: inherit; font-size: 1em;\">activitat formativa<\/strong><span style=\"font-family: inherit; font-size: 1em;\"> adre\u00e7ada al professorat per aquest curs 2022-23. La <\/span><a style=\"font-family: inherit; font-size: 1em;\" href=\"https:\/\/xtec.gencat.cat\/ca\/formacio\/formaciogeneralprofessorat\/cultura-digital\/planificacio-oferta-formativa-modalitats\/formacio-per-a-projectes\/\" target=\"_blank\" rel=\"noreferrer noopener\"><strong>inscripci\u00f3<\/strong><\/a><span style=\"font-family: inherit; font-size: 1em;\"> est\u00e0 oberta fins el proper <\/span><strong style=\"font-family: inherit; font-size: 1em;\">28 de febrer<\/strong><span style=\"font-family: inherit; font-size: 1em;\">, data en qu\u00e8 s\u2019iniciar\u00e0 el curs amb una sessi\u00f3 s\u00edncrona, de 17&#8217;30 a 19 hores.<\/span><\/p>\n<p><span style=\"font-family: inherit; font-size: 1em;\">Es tracta d\u2019una proposta formativa elaborada en format mixte; 6 sessions s\u00edncrones (28 de febrer, 7, 14, 21 i 28 de mar\u00e7, i 11 d\u2019abril) i treball individual a realitzar en la plataforma Odissea.<\/span><\/p>\n<p><span style=\"font-family: inherit; font-size: 1em;\"><a href=\"https:\/\/aplicacions.gestioeducativa.gencat.cat\/pls\/soloas\/pk_for_mod_ins.p_for_pre_cons_activitats?p_totes=S&amp;p_paginar=N&amp;p_any=&amp;p_tipus_act=CREA\" target=\"_blank\" rel=\"noopener\"><img loading=\"lazy\" decoding=\"async\" class=\"alignright wp-image-12053\" src=\"https:\/\/serveiseducatius.xtec.cat\/baixllobregat4\/wp-content\/uploads\/usu1181\/2023\/02\/Sense-titol.jpg\" alt=\"\" width=\"478\" height=\"282\" srcset=\"https:\/\/serveiseducatius.xtec.cat\/baixllobregat4\/wp-content\/uploads\/usu1181\/2023\/02\/Sense-titol.jpg 1291w, https:\/\/serveiseducatius.xtec.cat\/baixllobregat4\/wp-content\/uploads\/usu1181\/2023\/02\/Sense-titol-300x177.jpg 300w, https:\/\/serveiseducatius.xtec.cat\/baixllobregat4\/wp-content\/uploads\/usu1181\/2023\/02\/Sense-titol-1024x604.jpg 1024w, https:\/\/serveiseducatius.xtec.cat\/baixllobregat4\/wp-content\/uploads\/usu1181\/2023\/02\/Sense-titol-768x453.jpg 768w\" sizes=\"auto, (max-width: 478px) 100vw, 478px\" \/><\/a>L\u2019objectiu principal de curs \u00e9s oferir a les persones participants recursos per desenvolupar la <\/span><strong style=\"font-family: inherit; font-size: 1em;\">compet\u00e8ncia digital i comunicativa<\/strong><span style=\"font-family: inherit; font-size: 1em;\"> de l\u2019alumnat a partir de la producci\u00f3 de continguts period\u00edstics.<\/span><\/p>\n<p><span style=\"font-family: inherit; font-size: 1em;\">En aquest sentit els continguts que s\u2019impartiran giren al voltant dels seg\u00fcents eixos:<\/span><\/p>\n<div class=\"wp-block-column\">\n<ol id=\"block-ddb575e1-ef07-450b-9b89-0c03b94ec2ea\">\n<li>Educaci\u00f3 medi\u00e0tica I: periodisme i professi\u00f3<\/li>\n<li>Educaci\u00f3 medi\u00e0tica II: periodisme i desinformaci\u00f3<\/li>\n<li>Llenguatge period\u00edstic: els g\u00e8neres period\u00edstics<\/li>\n<li>Fotoperiodisme<\/li>\n<li>Elements t\u00e8cnics: imatge, v\u00eddeo i so<\/li>\n<li>Disseny d\u2019un projecte per treballar els continguts period\u00edstics amb la metodologia ABP<\/li>\n<\/ol>\n<p>Les persones interessades en fer la formaci\u00f3 poden tramitar la <strong>inscripci\u00f3<\/strong> en el seg\u00fcent<strong style=\"font-family: inherit; font-size: 1em;\">\u00a0<a href=\"https:\/\/xtec.gencat.cat\/ca\/formacio\/formaciogeneralprofessorat\/cultura-digital\/planificacio-oferta-formativa-modalitats\/formacio-per-a-projectes\/\" target=\"_blank\" rel=\"noreferrer noopener\" data-type=\"URL\" data-id=\"https:\/\/xtec.gencat.cat\/ca\/formacio\/formaciogeneralprofessorat\/cultura-digital\/planificacio-oferta-formativa-modalitats\/formacio-per-a-projectes\/\">enlla\u00e7.<\/a><\/strong><\/p>\n<p><a href=\"https:\/\/projectes.xtec.cat\/canaldereporters\/\" target=\"_blank\" rel=\"noopener\">Acc\u00e9s al Nodes del projecte Canal de Reporters<\/a>.<\/p>\n<p>&nbsp;<\/p>\n<\/div>\n","protected":false},"excerpt":{"rendered":"<p>El projecte Canal de Reporters promou el desenvolupament de les compet\u00e8ncies clau de l\u2019alumnat de prim\u00e0ria i secund\u00e0ria mitjan\u00e7ant la [&hellip;]<\/p>\n","protected":false},"author":1,"featured_media":12052,"comment_status":"closed","ping_status":"closed","sticky":false,"template":"","format":"standard","meta":{"_bbp_topic_count":0,"_bbp_reply_count":0,"_bbp_total_topic_count":0,"_bbp_total_reply_count":0,"_bbp_voice_count":0,"_bbp_anonymous_reply_count":0,"_bbp_topic_count_hidden":0,"_bbp_reply_count_hidden":0,"_bbp_forum_subforum_count":0,"site-sidebar-layout":"default","site-content-layout":"","ast-site-content-layout":"","site-content-style":"default","site-sidebar-style":"default","ast-global-header-display":"","ast-banner-title-visibility":"","ast-main-header-display":"","ast-hfb-above-header-display":"","ast-hfb-below-header-display":"","ast-hfb-mobile-header-display":"","site-post-title":"","ast-breadcrumbs-content":"","ast-featured-img":"","footer-sml-layout":"","theme-transparent-header-meta":"","adv-header-id-meta":"","stick-header-meta":"","header-above-stick-meta":"","header-main-stick-meta":"","header-below-stick-meta":"","astra-migrate-meta-layouts":"default","ast-page-background-enabled":"default","ast-page-background-meta":{"desktop":{"background-color":"var(--ast-global-color-4)","background-image":"","background-repeat":"repeat","background-position":"center center","background-size":"auto","background-attachment":"scroll","background-type":"","background-media":"","overlay-type":"","overlay-color":"","overlay-opacity":"","overlay-gradient":""},"tablet":{"background-color":"","background-image":"","background-repeat":"repeat","background-position":"center center","background-size":"auto","background-attachment":"scroll","background-type":"","background-media":"","overlay-type":"","overlay-color":"","overlay-opacity":"","overlay-gradient":""},"mobile":{"background-color":"","background-image":"","background-repeat":"repeat","background-position":"center center","background-size":"auto","background-attachment":"scroll","background-type":"","background-media":"","overlay-type":"","overlay-color":"","overlay-opacity":"","overlay-gradient":""}},"ast-content-background-meta":{"desktop":{"background-color":"var(--ast-global-color-5)","background-image":"","background-repeat":"repeat","background-position":"center center","background-size":"auto","background-attachment":"scroll","background-type":"","background-media":"","overlay-type":"","overlay-color":"","overlay-opacity":"","overlay-gradient":""},"tablet":{"background-color":"var(--ast-global-color-5)","background-image":"","background-repeat":"repeat","background-position":"center center","background-size":"auto","background-attachment":"scroll","background-type":"","background-media":"","overlay-type":"","overlay-color":"","overlay-opacity":"","overlay-gradient":""},"mobile":{"background-color":"var(--ast-global-color-5)","background-image":"","background-repeat":"repeat","background-position":"center center","background-size":"auto","background-attachment":"scroll","background-type":"","background-media":"","overlay-type":"","overlay-color":"","overlay-opacity":"","overlay-gradient":""}},"footnotes":""},"categories":[65,1,29,76],"tags":[],"class_list":["post-12051","post","type-post","status-publish","format-standard","has-post-thumbnail","hentry","category-crp","category-general","category-portada","category-recursos"],"post_mailing_queue_ids":[],"_links":{"self":[{"href":"https:\/\/serveiseducatius.xtec.cat\/baixllobregat4\/wp-json\/wp\/v2\/posts\/12051","targetHints":{"allow":["GET"]}}],"collection":[{"href":"https:\/\/serveiseducatius.xtec.cat\/baixllobregat4\/wp-json\/wp\/v2\/posts"}],"about":[{"href":"https:\/\/serveiseducatius.xtec.cat\/baixllobregat4\/wp-json\/wp\/v2\/types\/post"}],"author":[{"embeddable":true,"href":"https:\/\/serveiseducatius.xtec.cat\/baixllobregat4\/wp-json\/wp\/v2\/users\/1"}],"replies":[{"embeddable":true,"href":"https:\/\/serveiseducatius.xtec.cat\/baixllobregat4\/wp-json\/wp\/v2\/comments?post=12051"}],"version-history":[{"count":3,"href":"https:\/\/serveiseducatius.xtec.cat\/baixllobregat4\/wp-json\/wp\/v2\/posts\/12051\/revisions"}],"predecessor-version":[{"id":12082,"href":"https:\/\/serveiseducatius.xtec.cat\/baixllobregat4\/wp-json\/wp\/v2\/posts\/12051\/revisions\/12082"}],"wp:featuredmedia":[{"embeddable":true,"href":"https:\/\/serveiseducatius.xtec.cat\/baixllobregat4\/wp-json\/wp\/v2\/media\/12052"}],"wp:attachment":[{"href":"https:\/\/serveiseducatius.xtec.cat\/baixllobregat4\/wp-json\/wp\/v2\/media?parent=12051"}],"wp:term":[{"taxonomy":"category","embeddable":true,"href":"https:\/\/serveiseducatius.xtec.cat\/baixllobregat4\/wp-json\/wp\/v2\/categories?post=12051"},{"taxonomy":"post_tag","embeddable":true,"href":"https:\/\/serveiseducatius.xtec.cat\/baixllobregat4\/wp-json\/wp\/v2\/tags?post=12051"}],"curies":[{"name":"wp","href":"https:\/\/api.w.org\/{rel}","templated":true}]}}