{"id":10854,"date":"2021-11-19T09:36:54","date_gmt":"2021-11-19T08:36:54","guid":{"rendered":"https:\/\/serveiseducatius.xtec.cat\/baixllobregat4\/?p=10854"},"modified":"2021-11-19T09:40:19","modified_gmt":"2021-11-19T08:40:19","slug":"xxix-jornada-de-reflexio-del-consell-escolar-de-catalunya-lus-del-catala-a-leducacio-2-de-desembre-de-2021","status":"publish","type":"post","link":"https:\/\/serveiseducatius.xtec.cat\/baixllobregat4\/general\/xxix-jornada-de-reflexio-del-consell-escolar-de-catalunya-lus-del-catala-a-leducacio-2-de-desembre-de-2021\/","title":{"rendered":"XXIX Jornada de reflexi\u00f3 del Consell Escolar de Catalunya. L\u2019\u00fas del catal\u00e0 a l\u2019educaci\u00f3 (2 de desembre de 2021)"},"content":{"rendered":"<p><a href=\"https:\/\/projectes.xtec.cat\/consescat\/xxix-jornada-de-reflexio-lus-de-la-llengua-catalana-als-ambits-educatius\/\" target=\"_blank\" rel=\"noopener\"><img loading=\"lazy\" decoding=\"async\" class=\"aligncenter wp-image-10855\" src=\"https:\/\/serveiseducatius.xtec.cat\/baixllobregat4\/wp-content\/uploads\/usu1181\/2021\/11\/jornada-us-catala-educacio.jpg_1637373458.jpg\" alt=\"\" width=\"510\" height=\"342\" srcset=\"https:\/\/serveiseducatius.xtec.cat\/baixllobregat4\/wp-content\/uploads\/usu1181\/2021\/11\/jornada-us-catala-educacio.jpg_1637373458.jpg 410w, https:\/\/serveiseducatius.xtec.cat\/baixllobregat4\/wp-content\/uploads\/usu1181\/2021\/11\/jornada-us-catala-educacio.jpg_1637373458-300x201.jpg 300w\" sizes=\"auto, (max-width: 510px) 100vw, 510px\" \/><\/a><\/p>\n<p>El Consell Escolar de Catalunya organitza\u00a0 la\u00a0<a href=\"https:\/\/projectes.xtec.cat\/consescat\/xxix-jornada-de-reflexio-lus-de-la-llengua-catalana-als-ambits-educatius\/\" target=\"_blank\" rel=\"noopener\"><strong>XXIX\u00a0Jornada de reflexi\u00f3\u00a0L\u2019\u00fas del catal\u00e0 a l\u2019educaci\u00f3<\/strong><\/a>,\u00a0a la qual es convida una nodrida representaci\u00f3 de la comunitat educativa. Qualsevol interacci\u00f3 que es fa els centres t\u00e9 un component educatiu, per tant, la reflexi\u00f3 ling\u00fc\u00edstica no pot quedar al marge del proc\u00e9s educatiu. Els objectius s\u00f3n reflexionar sobre l\u2019estat de la q\u00fcesti\u00f3 i proposar un seguit de mesures a fi de capgirar la situaci\u00f3 de minoritzaci\u00f3 actual de la llengua que es presentar\u00e0 a la jornada de reflexi\u00f3.<\/p>\n<p>Aquest any la Jornada se celebrar\u00e0 el dia <strong>2 de desembre<\/strong>, a partir de les 17&#8217;00 hores. Es podr\u00e0 seguir en l\u00ednia des de la p\u00e0gina\u00a0<a href=\"http:\/\/www.consescat.cat\/\" target=\"_blank\" rel=\"noopener\" data-saferedirecturl=\"https:\/\/www.google.com\/url?q=http:\/\/www.consescat.cat&amp;source=gmail&amp;ust=1637007702763000&amp;usg=AOvVaw1L75uKGavTI99BKybyI9q5\">www.consescat.cat<\/a>.<\/p>\n<p>\ud83d\udcc5\u00a0dijous 2 de desembre<\/p>\n<p>\ud83d\udd60\u00a017&#8217;30 hores<\/p>\n<p>\u2139\ufe0f\u00a0<a href=\"https:\/\/projectes.xtec.cat\/consescat\/xxix-jornada-de-reflexio-lus-de-la-llengua-catalana-als-ambits-educatius\/programa\/\" target=\"_blank\" rel=\"noopener\">Programa<\/a><\/p>\n<p>\ud83d\udcdd\u00a0<a href=\"https:\/\/projectes.xtec.cat\/consescat\/xxix-jornada-de-reflexio-lus-de-la-llengua-catalana-als-ambits-educatius\/inscripcions\/\" target=\"_blank\" rel=\"noopener\">Inscripcions<\/a><\/p>\n<p>&nbsp;<\/p>\n","protected":false},"excerpt":{"rendered":"<p>El Consell Escolar de Catalunya organitza\u00a0 la\u00a0XXIX\u00a0Jornada de reflexi\u00f3\u00a0L\u2019\u00fas del catal\u00e0 a l\u2019educaci\u00f3,\u00a0a la qual es convida una nodrida representaci\u00f3 [&hellip;]<\/p>\n","protected":false},"author":1,"featured_media":10856,"comment_status":"closed","ping_status":"closed","sticky":false,"template":"","format":"standard","meta":{"_bbp_topic_count":0,"_bbp_reply_count":0,"_bbp_total_topic_count":0,"_bbp_total_reply_count":0,"_bbp_voice_count":0,"_bbp_anonymous_reply_count":0,"_bbp_topic_count_hidden":0,"_bbp_reply_count_hidden":0,"_bbp_forum_subforum_count":0,"site-sidebar-layout":"default","site-content-layout":"","ast-site-content-layout":"","site-content-style":"default","site-sidebar-style":"default","ast-global-header-display":"","ast-banner-title-visibility":"","ast-main-header-display":"","ast-hfb-above-header-display":"","ast-hfb-below-header-display":"","ast-hfb-mobile-header-display":"","site-post-title":"","ast-breadcrumbs-content":"","ast-featured-img":"","footer-sml-layout":"","theme-transparent-header-meta":"","adv-header-id-meta":"","stick-header-meta":"","header-above-stick-meta":"","header-main-stick-meta":"","header-below-stick-meta":"","astra-migrate-meta-layouts":"default","ast-page-background-enabled":"default","ast-page-background-meta":{"desktop":{"background-color":"var(--ast-global-color-4)","background-image":"","background-repeat":"repeat","background-position":"center center","background-size":"auto","background-attachment":"scroll","background-type":"","background-media":"","overlay-type":"","overlay-color":"","overlay-opacity":"","overlay-gradient":""},"tablet":{"background-color":"","background-image":"","background-repeat":"repeat","background-position":"center center","background-size":"auto","background-attachment":"scroll","background-type":"","background-media":"","overlay-type":"","overlay-color":"","overlay-opacity":"","overlay-gradient":""},"mobile":{"background-color":"","background-image":"","background-repeat":"repeat","background-position":"center center","background-size":"auto","background-attachment":"scroll","background-type":"","background-media":"","overlay-type":"","overlay-color":"","overlay-opacity":"","overlay-gradient":""}},"ast-content-background-meta":{"desktop":{"background-color":"var(--ast-global-color-5)","background-image":"","background-repeat":"repeat","background-position":"center center","background-size":"auto","background-attachment":"scroll","background-type":"","background-media":"","overlay-type":"","overlay-color":"","overlay-opacity":"","overlay-gradient":""},"tablet":{"background-color":"var(--ast-global-color-5)","background-image":"","background-repeat":"repeat","background-position":"center center","background-size":"auto","background-attachment":"scroll","background-type":"","background-media":"","overlay-type":"","overlay-color":"","overlay-opacity":"","overlay-gradient":""},"mobile":{"background-color":"var(--ast-global-color-5)","background-image":"","background-repeat":"repeat","background-position":"center center","background-size":"auto","background-attachment":"scroll","background-type":"","background-media":"","overlay-type":"","overlay-color":"","overlay-opacity":"","overlay-gradient":""}},"footnotes":""},"categories":[65,68,154,1,29],"tags":[],"class_list":["post-10854","post","type-post","status-publish","format-standard","has-post-thumbnail","hentry","category-crp","category-elic","category-formacio","category-general","category-portada"],"post_mailing_queue_ids":[],"_links":{"self":[{"href":"https:\/\/serveiseducatius.xtec.cat\/baixllobregat4\/wp-json\/wp\/v2\/posts\/10854","targetHints":{"allow":["GET"]}}],"collection":[{"href":"https:\/\/serveiseducatius.xtec.cat\/baixllobregat4\/wp-json\/wp\/v2\/posts"}],"about":[{"href":"https:\/\/serveiseducatius.xtec.cat\/baixllobregat4\/wp-json\/wp\/v2\/types\/post"}],"author":[{"embeddable":true,"href":"https:\/\/serveiseducatius.xtec.cat\/baixllobregat4\/wp-json\/wp\/v2\/users\/1"}],"replies":[{"embeddable":true,"href":"https:\/\/serveiseducatius.xtec.cat\/baixllobregat4\/wp-json\/wp\/v2\/comments?post=10854"}],"version-history":[{"count":3,"href":"https:\/\/serveiseducatius.xtec.cat\/baixllobregat4\/wp-json\/wp\/v2\/posts\/10854\/revisions"}],"predecessor-version":[{"id":10863,"href":"https:\/\/serveiseducatius.xtec.cat\/baixllobregat4\/wp-json\/wp\/v2\/posts\/10854\/revisions\/10863"}],"wp:featuredmedia":[{"embeddable":true,"href":"https:\/\/serveiseducatius.xtec.cat\/baixllobregat4\/wp-json\/wp\/v2\/media\/10856"}],"wp:attachment":[{"href":"https:\/\/serveiseducatius.xtec.cat\/baixllobregat4\/wp-json\/wp\/v2\/media?parent=10854"}],"wp:term":[{"taxonomy":"category","embeddable":true,"href":"https:\/\/serveiseducatius.xtec.cat\/baixllobregat4\/wp-json\/wp\/v2\/categories?post=10854"},{"taxonomy":"post_tag","embeddable":true,"href":"https:\/\/serveiseducatius.xtec.cat\/baixllobregat4\/wp-json\/wp\/v2\/tags?post=10854"}],"curies":[{"name":"wp","href":"https:\/\/api.w.org\/{rel}","templated":true}]}}